{"id":523,"date":"2019-03-04T13:44:37","date_gmt":"2019-03-04T12:44:37","guid":{"rendered":"https:\/\/www.erbel.eus\/2019\/04\/26\/au-niveau-de-letat-espagnol-les-eleveurs-dabeilles-locales-mettent-en-place-un-programme-pour-la-creation-dune-federation\/"},"modified":"2019-05-24T10:26:32","modified_gmt":"2019-05-24T09:26:32","slug":"au-niveau-de-letat-espagnol-les-eleveurs-dabeilles-locales-mettent-en-place-un-programme-pour-la-creation-dune-federation","status":"publish","type":"post","link":"https:\/\/erbel.eus\/fr\/2019\/03\/04\/au-niveau-de-letat-espagnol-les-eleveurs-dabeilles-locales-mettent-en-place-un-programme-pour-la-creation-dune-federation\/","title":{"rendered":"Au niveau de l\u2019\u00e9tat espagnol, les \u00e9leveurs d\u2019abeilles locales mettent en place un programme pour la cr\u00e9ation d\u2019une f\u00e9d\u00e9ration"},"content":{"rendered":"\n<p>En vue d\u2019obtenir une reconnaissance officielle de la race d\u2019abeille, ERBEL a organis\u00e9 une r\u00e9union des \u00e9leveurs de races locale d\u2019abeilles en janvier 2019 \u00e0 Zaldibi afin de cr\u00e9er une f\u00e9d\u00e9ration et un groupe de travail a \u00e9t\u00e9 constitu\u00e9.  <\/p>\n\n<p>  A cette r\u00e9union, les repr\u00e9sentants de plusieurs associations de diff\u00e9rentes r\u00e9gions ont pris part, entre autres ceux de Cantabrie, Zaragoza, Huesca, Catalogne, Guadalajara etc\u2026<\/p>\n\n<p>  Les repr\u00e9sentants d\u2019ERBEL en ont profit\u00e9 pour exposer notre mode de fonctionnement, notre programme de s\u00e9lection, \u00e0 commencer par la r\u00e9partition des reines, les contr\u00f4les de rendement, l\u2019\u00e9valuation g\u00e9n\u00e9tique ainsi que les principaux param\u00e8tres test\u00e9s chez ces reines.<\/p>\n\n<p> Suite \u00e0 cet expos\u00e9, Erbel a \u00e9mis la proposition suivante : mettre en place une structure qui g\u00e9rerait le d\u00e9veloppement des races locales d\u2019abeilles au niveau de l\u2019\u00e9tat et o\u00f9 les diff\u00e9rentes structures r\u00e9gionales participeraient dans un mode \u00e9galitaire. L\u2019objectif \u00e0 court terme \u00e9tant la reconnaissance officielle des races locales d\u2019abeilles.<\/p>\n\n<p>Le programme d\u2019\u00e9levage de cette structure sera calqu\u00e9e sur celle d\u2019ERBEL et les tests qui seront utilis\u00e9s pour l\u2019\u00e9valuation g\u00e9n\u00e9tique (qui sera r\u00e9alis\u00e9e par l\u2019institut apicole allemand Landerinstitut fur bienekunde) seront les m\u00eames.\r\nLa naissance de cette nouvelle structure sera pr\u00e9c\u00e9d\u00e9e par la cr\u00e9ation d\u2019associations d\u2019\u00e9leveurs dans les r\u00e9gions concern\u00e9es. Une des missions du groupe de travail sera en effet d\u2019aider \u00e0 leur mise en place.<\/p>\n","protected":false},"excerpt":{"rendered":"<p>En vue d\u2019obtenir une reconnaissance officielle de la race d\u2019abeille, ERBEL a organis\u00e9 une r\u00e9union des \u00e9leveurs de races locale d\u2019abeilles en janvier 2019 \u00e0 Zaldibia afin de cr\u00e9er une f\u00e9d\u00e9ration et un groupe de travail a \u00e9t\u00e9 constitu\u00e9.  <\/p>\n","protected":false},"author":2,"featured_media":821,"comment_status":"open","ping_status":"open","sticky":false,"template":"","format":"standard","meta":{"_bbp_topic_count":0,"_bbp_reply_count":0,"_bbp_total_topic_count":0,"_bbp_total_reply_count":0,"_bbp_voice_count":0,"_bbp_anonymous_reply_count":0,"_bbp_topic_count_hidden":0,"_bbp_reply_count_hidden":0,"_bbp_forum_subforum_count":0,"_jetpack_memberships_contains_paid_content":false,"footnotes":""},"categories":[39],"tags":[],"class_list":["post-523","post","type-post","status-publish","format-standard","has-post-thumbnail","hentry","category-nouvelles","masonry-post","generate-columns","tablet-grid-50","mobile-grid-100","grid-parent","grid-50"],"yoast_head":"<!-- This site is optimized with the Yoast SEO plugin v26.8 - https:\/\/yoast.com\/product\/yoast-seo-wordpress\/ -->\n<title>Au niveau de l\u2019\u00e9tat espagnol, les \u00e9leveurs d\u2019abeilles locales mettent en place un programme pour la cr\u00e9ation d\u2019une f\u00e9d\u00e9ration &#8226; ERBEL<\/title>\n<meta name=\"robots\" content=\"index, follow, max-snippet:-1, max-image-preview:large, max-video-preview:-1\" \/>\n<link rel=\"canonical\" href=\"https:\/\/erbel.eus\/2019\/03\/04\/asociacion-criadores-abejas-federacion\/\" \/>\n<meta property=\"og:locale\" content=\"fr_FR\" \/>\n<meta property=\"og:type\" content=\"article\" \/>\n<meta property=\"og:title\" content=\"Au niveau de l\u2019\u00e9tat espagnol, les \u00e9leveurs d\u2019abeilles locales mettent en place un programme pour la cr\u00e9ation d\u2019une f\u00e9d\u00e9ration &#8226; ERBEL\" \/>\n<meta property=\"og:description\" content=\"En vue d\u2019obtenir une reconnaissance officielle de la race d\u2019abeille, ERBEL a organis\u00e9 une r\u00e9union des \u00e9leveurs de races locale d\u2019abeilles en janvier 2019 \u00e0 Zaldibia afin de cr\u00e9er une f\u00e9d\u00e9ration et un groupe de travail a \u00e9t\u00e9 constitu\u00e9.\" \/>\n<meta property=\"og:url\" content=\"https:\/\/erbel.eus\/2019\/03\/04\/asociacion-criadores-abejas-federacion\/\" \/>\n<meta property=\"og:site_name\" content=\"ERBEL\" \/>\n<meta property=\"article:published_time\" content=\"2019-03-04T12:44:37+00:00\" \/>\n<meta property=\"article:modified_time\" content=\"2019-05-24T09:26:32+00:00\" \/>\n<meta property=\"og:image\" content=\"https:\/\/i0.wp.com\/erbel.eus\/wp-content\/uploads\/2019\/03\/5.2..jpg?fit=2048%2C1156&ssl=1\" \/>\n\t<meta property=\"og:image:width\" content=\"2048\" \/>\n\t<meta property=\"og:image:height\" content=\"1156\" \/>\n\t<meta property=\"og:image:type\" content=\"image\/jpeg\" \/>\n<meta name=\"author\" content=\"Egoitz Galartza\" \/>\n<meta name=\"twitter:card\" content=\"summary_large_image\" \/>\n<meta name=\"twitter:label1\" content=\"\u00c9crit par\" \/>\n\t<meta name=\"twitter:data1\" content=\"Egoitz Galartza\" \/>\n\t<meta name=\"twitter:label2\" content=\"Dur\u00e9e de lecture estim\u00e9e\" \/>\n\t<meta name=\"twitter:data2\" content=\"1 minute\" \/>\n<script type=\"application\/ld+json\" class=\"yoast-schema-graph\">{\"@context\":\"https:\/\/schema.org\",\"@graph\":[{\"@type\":\"Article\",\"@id\":\"https:\/\/erbel.eus\/2019\/03\/04\/asociacion-criadores-abejas-federacion\/#article\",\"isPartOf\":{\"@id\":\"https:\/\/erbel.eus\/2019\/03\/04\/asociacion-criadores-abejas-federacion\/\"},\"author\":{\"name\":\"Egoitz Galartza\",\"@id\":\"https:\/\/erbel.eus\/#\/schema\/person\/ff2d1eacc8825f0e87a0d04848349a7c\"},\"headline\":\"Au niveau de l\u2019\u00e9tat espagnol, les \u00e9leveurs d\u2019abeilles locales mettent en place un programme pour la cr\u00e9ation d\u2019une f\u00e9d\u00e9ration\",\"datePublished\":\"2019-03-04T12:44:37+00:00\",\"dateModified\":\"2019-05-24T09:26:32+00:00\",\"mainEntityOfPage\":{\"@id\":\"https:\/\/erbel.eus\/2019\/03\/04\/asociacion-criadores-abejas-federacion\/\"},\"wordCount\":285,\"commentCount\":0,\"publisher\":{\"@id\":\"https:\/\/erbel.eus\/#organization\"},\"image\":{\"@id\":\"https:\/\/erbel.eus\/2019\/03\/04\/asociacion-criadores-abejas-federacion\/#primaryimage\"},\"thumbnailUrl\":\"https:\/\/i0.wp.com\/erbel.eus\/wp-content\/uploads\/2019\/03\/5.2..jpg?fit=2048%2C1156&ssl=1\",\"articleSection\":[\"nouvelles\"],\"inLanguage\":\"fr-FR\",\"potentialAction\":[{\"@type\":\"CommentAction\",\"name\":\"Comment\",\"target\":[\"https:\/\/erbel.eus\/2019\/03\/04\/asociacion-criadores-abejas-federacion\/#respond\"]}]},{\"@type\":\"WebPage\",\"@id\":\"https:\/\/erbel.eus\/2019\/03\/04\/asociacion-criadores-abejas-federacion\/\",\"url\":\"https:\/\/erbel.eus\/2019\/03\/04\/asociacion-criadores-abejas-federacion\/\",\"name\":\"Au niveau de l\u2019\u00e9tat espagnol, les \u00e9leveurs d\u2019abeilles locales mettent en place un programme pour la cr\u00e9ation d\u2019une f\u00e9d\u00e9ration &#8226; ERBEL\",\"isPartOf\":{\"@id\":\"https:\/\/erbel.eus\/#website\"},\"primaryImageOfPage\":{\"@id\":\"https:\/\/erbel.eus\/2019\/03\/04\/asociacion-criadores-abejas-federacion\/#primaryimage\"},\"image\":{\"@id\":\"https:\/\/erbel.eus\/2019\/03\/04\/asociacion-criadores-abejas-federacion\/#primaryimage\"},\"thumbnailUrl\":\"https:\/\/i0.wp.com\/erbel.eus\/wp-content\/uploads\/2019\/03\/5.2..jpg?fit=2048%2C1156&ssl=1\",\"datePublished\":\"2019-03-04T12:44:37+00:00\",\"dateModified\":\"2019-05-24T09:26:32+00:00\",\"breadcrumb\":{\"@id\":\"https:\/\/erbel.eus\/2019\/03\/04\/asociacion-criadores-abejas-federacion\/#breadcrumb\"},\"inLanguage\":\"fr-FR\",\"potentialAction\":[{\"@type\":\"ReadAction\",\"target\":[\"https:\/\/erbel.eus\/2019\/03\/04\/asociacion-criadores-abejas-federacion\/\"]}]},{\"@type\":\"ImageObject\",\"inLanguage\":\"fr-FR\",\"@id\":\"https:\/\/erbel.eus\/2019\/03\/04\/asociacion-criadores-abejas-federacion\/#primaryimage\",\"url\":\"https:\/\/i0.wp.com\/erbel.eus\/wp-content\/uploads\/2019\/03\/5.2..jpg?fit=2048%2C1156&ssl=1\",\"contentUrl\":\"https:\/\/i0.wp.com\/erbel.eus\/wp-content\/uploads\/2019\/03\/5.2..jpg?fit=2048%2C1156&ssl=1\",\"width\":2048,\"height\":1156,\"caption\":\"btr\"},{\"@type\":\"BreadcrumbList\",\"@id\":\"https:\/\/erbel.eus\/2019\/03\/04\/asociacion-criadores-abejas-federacion\/#breadcrumb\",\"itemListElement\":[{\"@type\":\"ListItem\",\"position\":1,\"name\":\"Home\",\"item\":\"https:\/\/erbel.eus\/\"},{\"@type\":\"ListItem\",\"position\":2,\"name\":\"Au niveau de l\u2019\u00e9tat espagnol, les \u00e9leveurs d\u2019abeilles locales mettent en place un programme pour la cr\u00e9ation d\u2019une f\u00e9d\u00e9ration\"}]},{\"@type\":\"WebSite\",\"@id\":\"https:\/\/erbel.eus\/#website\",\"url\":\"https:\/\/erbel.eus\/\",\"name\":\"ERBEL\",\"description\":\" Erle Beltz Hazleen Elkartea - Asociacion de criadores de abeja Erle Beltza - Association d&#039;eleveurs d&#039;abeilles Erle Beltza\",\"publisher\":{\"@id\":\"https:\/\/erbel.eus\/#organization\"},\"potentialAction\":[{\"@type\":\"SearchAction\",\"target\":{\"@type\":\"EntryPoint\",\"urlTemplate\":\"https:\/\/erbel.eus\/?s={search_term_string}\"},\"query-input\":{\"@type\":\"PropertyValueSpecification\",\"valueRequired\":true,\"valueName\":\"search_term_string\"}}],\"inLanguage\":\"fr-FR\"},{\"@type\":\"Organization\",\"@id\":\"https:\/\/erbel.eus\/#organization\",\"name\":\"ERBEL Erle Beltza Hazleen Elkartea\",\"url\":\"https:\/\/erbel.eus\/\",\"logo\":{\"@type\":\"ImageObject\",\"inLanguage\":\"fr-FR\",\"@id\":\"https:\/\/erbel.eus\/#\/schema\/logo\/image\/\",\"url\":\"https:\/\/i0.wp.com\/erbel.eus\/wp-content\/uploads\/2019\/05\/erbel_erleak_denak-beltz.png?fit=300%2C316&ssl=1\",\"contentUrl\":\"https:\/\/i0.wp.com\/erbel.eus\/wp-content\/uploads\/2019\/05\/erbel_erleak_denak-beltz.png?fit=300%2C316&ssl=1\",\"width\":300,\"height\":316,\"caption\":\"ERBEL Erle Beltza Hazleen Elkartea\"},\"image\":{\"@id\":\"https:\/\/erbel.eus\/#\/schema\/logo\/image\/\"},\"sameAs\":[\"https:\/\/www.youtube.com\/channel\/UCNkgIS3GnpMESbnykKUIqgw\"]},{\"@type\":\"Person\",\"@id\":\"https:\/\/erbel.eus\/#\/schema\/person\/ff2d1eacc8825f0e87a0d04848349a7c\",\"name\":\"Egoitz Galartza\",\"image\":{\"@type\":\"ImageObject\",\"inLanguage\":\"fr-FR\",\"@id\":\"https:\/\/erbel.eus\/#\/schema\/person\/image\/\",\"url\":\"\/\/www.gravatar.com\/avatar\/2b6f40c945cfbd3dfdb8ec528a7534d9?s=96&#038;r=g&#038;d=mm\",\"contentUrl\":\"\/\/www.gravatar.com\/avatar\/2b6f40c945cfbd3dfdb8ec528a7534d9?s=96&#038;r=g&#038;d=mm\",\"caption\":\"Egoitz Galartza\"}}]}<\/script>\n<!-- \/ Yoast SEO plugin. -->","yoast_head_json":{"title":"Au niveau de l\u2019\u00e9tat espagnol, les \u00e9leveurs d\u2019abeilles locales mettent en place un programme pour la cr\u00e9ation d\u2019une f\u00e9d\u00e9ration &#8226; ERBEL","robots":{"index":"index","follow":"follow","max-snippet":"max-snippet:-1","max-image-preview":"max-image-preview:large","max-video-preview":"max-video-preview:-1"},"canonical":"https:\/\/erbel.eus\/2019\/03\/04\/asociacion-criadores-abejas-federacion\/","og_locale":"fr_FR","og_type":"article","og_title":"Au niveau de l\u2019\u00e9tat espagnol, les \u00e9leveurs d\u2019abeilles locales mettent en place un programme pour la cr\u00e9ation d\u2019une f\u00e9d\u00e9ration &#8226; ERBEL","og_description":"En vue d\u2019obtenir une reconnaissance officielle de la race d\u2019abeille, ERBEL a organis\u00e9 une r\u00e9union des \u00e9leveurs de races locale d\u2019abeilles en janvier 2019 \u00e0 Zaldibia afin de cr\u00e9er une f\u00e9d\u00e9ration et un groupe de travail a \u00e9t\u00e9 constitu\u00e9.","og_url":"https:\/\/erbel.eus\/2019\/03\/04\/asociacion-criadores-abejas-federacion\/","og_site_name":"ERBEL","article_published_time":"2019-03-04T12:44:37+00:00","article_modified_time":"2019-05-24T09:26:32+00:00","og_image":[{"width":2048,"height":1156,"url":"https:\/\/i0.wp.com\/erbel.eus\/wp-content\/uploads\/2019\/03\/5.2..jpg?fit=2048%2C1156&ssl=1","type":"image\/jpeg"}],"author":"Egoitz Galartza","twitter_card":"summary_large_image","twitter_misc":{"\u00c9crit par":"Egoitz Galartza","Dur\u00e9e de lecture estim\u00e9e":"1 minute"},"schema":{"@context":"https:\/\/schema.org","@graph":[{"@type":"Article","@id":"https:\/\/erbel.eus\/2019\/03\/04\/asociacion-criadores-abejas-federacion\/#article","isPartOf":{"@id":"https:\/\/erbel.eus\/2019\/03\/04\/asociacion-criadores-abejas-federacion\/"},"author":{"name":"Egoitz Galartza","@id":"https:\/\/erbel.eus\/#\/schema\/person\/ff2d1eacc8825f0e87a0d04848349a7c"},"headline":"Au niveau de l\u2019\u00e9tat espagnol, les \u00e9leveurs d\u2019abeilles locales mettent en place un programme pour la cr\u00e9ation d\u2019une f\u00e9d\u00e9ration","datePublished":"2019-03-04T12:44:37+00:00","dateModified":"2019-05-24T09:26:32+00:00","mainEntityOfPage":{"@id":"https:\/\/erbel.eus\/2019\/03\/04\/asociacion-criadores-abejas-federacion\/"},"wordCount":285,"commentCount":0,"publisher":{"@id":"https:\/\/erbel.eus\/#organization"},"image":{"@id":"https:\/\/erbel.eus\/2019\/03\/04\/asociacion-criadores-abejas-federacion\/#primaryimage"},"thumbnailUrl":"https:\/\/i0.wp.com\/erbel.eus\/wp-content\/uploads\/2019\/03\/5.2..jpg?fit=2048%2C1156&ssl=1","articleSection":["nouvelles"],"inLanguage":"fr-FR","potentialAction":[{"@type":"CommentAction","name":"Comment","target":["https:\/\/erbel.eus\/2019\/03\/04\/asociacion-criadores-abejas-federacion\/#respond"]}]},{"@type":"WebPage","@id":"https:\/\/erbel.eus\/2019\/03\/04\/asociacion-criadores-abejas-federacion\/","url":"https:\/\/erbel.eus\/2019\/03\/04\/asociacion-criadores-abejas-federacion\/","name":"Au niveau de l\u2019\u00e9tat espagnol, les \u00e9leveurs d\u2019abeilles locales mettent en place un programme pour la cr\u00e9ation d\u2019une f\u00e9d\u00e9ration &#8226; ERBEL","isPartOf":{"@id":"https:\/\/erbel.eus\/#website"},"primaryImageOfPage":{"@id":"https:\/\/erbel.eus\/2019\/03\/04\/asociacion-criadores-abejas-federacion\/#primaryimage"},"image":{"@id":"https:\/\/erbel.eus\/2019\/03\/04\/asociacion-criadores-abejas-federacion\/#primaryimage"},"thumbnailUrl":"https:\/\/i0.wp.com\/erbel.eus\/wp-content\/uploads\/2019\/03\/5.2..jpg?fit=2048%2C1156&ssl=1","datePublished":"2019-03-04T12:44:37+00:00","dateModified":"2019-05-24T09:26:32+00:00","breadcrumb":{"@id":"https:\/\/erbel.eus\/2019\/03\/04\/asociacion-criadores-abejas-federacion\/#breadcrumb"},"inLanguage":"fr-FR","potentialAction":[{"@type":"ReadAction","target":["https:\/\/erbel.eus\/2019\/03\/04\/asociacion-criadores-abejas-federacion\/"]}]},{"@type":"ImageObject","inLanguage":"fr-FR","@id":"https:\/\/erbel.eus\/2019\/03\/04\/asociacion-criadores-abejas-federacion\/#primaryimage","url":"https:\/\/i0.wp.com\/erbel.eus\/wp-content\/uploads\/2019\/03\/5.2..jpg?fit=2048%2C1156&ssl=1","contentUrl":"https:\/\/i0.wp.com\/erbel.eus\/wp-content\/uploads\/2019\/03\/5.2..jpg?fit=2048%2C1156&ssl=1","width":2048,"height":1156,"caption":"btr"},{"@type":"BreadcrumbList","@id":"https:\/\/erbel.eus\/2019\/03\/04\/asociacion-criadores-abejas-federacion\/#breadcrumb","itemListElement":[{"@type":"ListItem","position":1,"name":"Home","item":"https:\/\/erbel.eus\/"},{"@type":"ListItem","position":2,"name":"Au niveau de l\u2019\u00e9tat espagnol, les \u00e9leveurs d\u2019abeilles locales mettent en place un programme pour la cr\u00e9ation d\u2019une f\u00e9d\u00e9ration"}]},{"@type":"WebSite","@id":"https:\/\/erbel.eus\/#website","url":"https:\/\/erbel.eus\/","name":"ERBEL","description":" Erle Beltz Hazleen Elkartea - Asociacion de criadores de abeja Erle Beltza - Association d&#039;eleveurs d&#039;abeilles Erle Beltza","publisher":{"@id":"https:\/\/erbel.eus\/#organization"},"potentialAction":[{"@type":"SearchAction","target":{"@type":"EntryPoint","urlTemplate":"https:\/\/erbel.eus\/?s={search_term_string}"},"query-input":{"@type":"PropertyValueSpecification","valueRequired":true,"valueName":"search_term_string"}}],"inLanguage":"fr-FR"},{"@type":"Organization","@id":"https:\/\/erbel.eus\/#organization","name":"ERBEL Erle Beltza Hazleen Elkartea","url":"https:\/\/erbel.eus\/","logo":{"@type":"ImageObject","inLanguage":"fr-FR","@id":"https:\/\/erbel.eus\/#\/schema\/logo\/image\/","url":"https:\/\/i0.wp.com\/erbel.eus\/wp-content\/uploads\/2019\/05\/erbel_erleak_denak-beltz.png?fit=300%2C316&ssl=1","contentUrl":"https:\/\/i0.wp.com\/erbel.eus\/wp-content\/uploads\/2019\/05\/erbel_erleak_denak-beltz.png?fit=300%2C316&ssl=1","width":300,"height":316,"caption":"ERBEL Erle Beltza Hazleen Elkartea"},"image":{"@id":"https:\/\/erbel.eus\/#\/schema\/logo\/image\/"},"sameAs":["https:\/\/www.youtube.com\/channel\/UCNkgIS3GnpMESbnykKUIqgw"]},{"@type":"Person","@id":"https:\/\/erbel.eus\/#\/schema\/person\/ff2d1eacc8825f0e87a0d04848349a7c","name":"Egoitz Galartza","image":{"@type":"ImageObject","inLanguage":"fr-FR","@id":"https:\/\/erbel.eus\/#\/schema\/person\/image\/","url":"\/\/www.gravatar.com\/avatar\/2b6f40c945cfbd3dfdb8ec528a7534d9?s=96&#038;r=g&#038;d=mm","contentUrl":"\/\/www.gravatar.com\/avatar\/2b6f40c945cfbd3dfdb8ec528a7534d9?s=96&#038;r=g&#038;d=mm","caption":"Egoitz Galartza"}}]}},"jetpack_featured_media_url":"https:\/\/i0.wp.com\/erbel.eus\/wp-content\/uploads\/2019\/03\/5.2..jpg?fit=2048%2C1156&ssl=1","jetpack_sharing_enabled":true,"_links":{"self":[{"href":"https:\/\/erbel.eus\/fr\/wp-json\/wp\/v2\/posts\/523","targetHints":{"allow":["GET"]}}],"collection":[{"href":"https:\/\/erbel.eus\/fr\/wp-json\/wp\/v2\/posts"}],"about":[{"href":"https:\/\/erbel.eus\/fr\/wp-json\/wp\/v2\/types\/post"}],"author":[{"embeddable":true,"href":"https:\/\/erbel.eus\/fr\/wp-json\/wp\/v2\/users\/2"}],"replies":[{"embeddable":true,"href":"https:\/\/erbel.eus\/fr\/wp-json\/wp\/v2\/comments?post=523"}],"version-history":[{"count":1,"href":"https:\/\/erbel.eus\/fr\/wp-json\/wp\/v2\/posts\/523\/revisions"}],"predecessor-version":[{"id":524,"href":"https:\/\/erbel.eus\/fr\/wp-json\/wp\/v2\/posts\/523\/revisions\/524"}],"wp:featuredmedia":[{"embeddable":true,"href":"https:\/\/erbel.eus\/fr\/wp-json\/wp\/v2\/media\/821"}],"wp:attachment":[{"href":"https:\/\/erbel.eus\/fr\/wp-json\/wp\/v2\/media?parent=523"}],"wp:term":[{"taxonomy":"category","embeddable":true,"href":"https:\/\/erbel.eus\/fr\/wp-json\/wp\/v2\/categories?post=523"},{"taxonomy":"post_tag","embeddable":true,"href":"https:\/\/erbel.eus\/fr\/wp-json\/wp\/v2\/tags?post=523"}],"curies":[{"name":"wp","href":"https:\/\/api.w.org\/{rel}","templated":true}]}}