{"id":519,"date":"2019-04-26T13:41:21","date_gmt":"2019-04-26T12:41:21","guid":{"rendered":"https:\/\/www.erbel.eus\/2019\/04\/26\/en-2019-erbel-mettra-a-disposition-de-ses-adherents-environ-300-reines-pour-les-tester\/"},"modified":"2019-04-26T13:41:21","modified_gmt":"2019-04-26T12:41:21","slug":"en-2019-erbel-mettra-a-disposition-de-ses-adherents-environ-300-reines-pour-les-tester","status":"publish","type":"post","link":"https:\/\/erbel.eus\/fr\/2019\/04\/26\/en-2019-erbel-mettra-a-disposition-de-ses-adherents-environ-300-reines-pour-les-tester\/","title":{"rendered":"En 2019, ERBEL mettra \u00e0 disposition de ses adh\u00e9rents environ 300 reines pour les tester"},"content":{"rendered":"\n<p> ERBEL poss\u00e8de environ 30 adh\u00e9rents et en 2019, une nouvelle r\u00e9partition de reines sera effectu\u00e9e parmi eux. Pour la premi\u00e8re fois, tous les adh\u00e9rents pourront obtenir des reines. L\u2019id\u00e9al est de prendre 9 reines mais il est possible d\u2019en prendre 6 ou 12.<\/p>\n\n<p>Les adh\u00e9rents recevront ces reines en mai (pour la 1ere distribution) et en juin (pour la 2eme distribution). Les premiers tests devront commencer en automne, notamment le contr\u00f4le de la population, du couvain, de la tenue au cadre et de l\u2019agressivit\u00e9. La suite des tests sera effectu\u00e9e en 2020 en r\u00e9alisant tous les tests pr\u00e9vus.<\/p>\n","protected":false},"excerpt":{"rendered":"<p>ERBEL poss\u00e8de environ 30 adh\u00e9rents et en 2019, une nouvelle r\u00e9partition de reines sera effectu\u00e9e parmi eux. Pour la premi\u00e8re fois, tous les adh\u00e9rents pourront obtenir des reines. L\u2019id\u00e9al est de prendre 9 reines mais il est possible d\u2019en prendre 6 ou 12.<\/p>\n","protected":false},"author":2,"featured_media":818,"comment_status":"open","ping_status":"open","sticky":false,"template":"","format":"standard","meta":{"_bbp_topic_count":0,"_bbp_reply_count":0,"_bbp_total_topic_count":0,"_bbp_total_reply_count":0,"_bbp_voice_count":0,"_bbp_anonymous_reply_count":0,"_bbp_topic_count_hidden":0,"_bbp_reply_count_hidden":0,"_bbp_forum_subforum_count":0,"_jetpack_memberships_contains_paid_content":false,"footnotes":""},"categories":[39],"tags":[],"class_list":["post-519","post","type-post","status-publish","format-standard","has-post-thumbnail","hentry","category-nouvelles","masonry-post","generate-columns","tablet-grid-50","mobile-grid-100","grid-parent","grid-50"],"yoast_head":"<!-- This site is optimized with the Yoast SEO plugin v26.8 - https:\/\/yoast.com\/product\/yoast-seo-wordpress\/ -->\n<title>En 2019, ERBEL mettra \u00e0 disposition de ses adh\u00e9rents environ 300 reines pour les tester &#8226; ERBEL<\/title>\n<meta name=\"robots\" content=\"index, follow, max-snippet:-1, max-image-preview:large, max-video-preview:-1\" \/>\n<link rel=\"canonical\" href=\"https:\/\/erbel.eus\/2019\/04\/17\/abejas-reinas-socios-erbel-rendimiento\/\" \/>\n<meta property=\"og:locale\" content=\"fr_FR\" \/>\n<meta property=\"og:type\" content=\"article\" \/>\n<meta property=\"og:title\" content=\"En 2019, ERBEL mettra \u00e0 disposition de ses adh\u00e9rents environ 300 reines pour les tester &#8226; ERBEL\" \/>\n<meta property=\"og:description\" content=\"ERBEL poss\u00e8de environ 30 adh\u00e9rents et en 2019, une nouvelle r\u00e9partition de reines sera effectu\u00e9e parmi eux. Pour la premi\u00e8re fois, tous les adh\u00e9rents pourront obtenir des reines. L\u2019id\u00e9al est de prendre 9 reines mais il est possible d\u2019en prendre 6 ou 12.\" \/>\n<meta property=\"og:url\" content=\"https:\/\/erbel.eus\/2019\/04\/17\/abejas-reinas-socios-erbel-rendimiento\/\" \/>\n<meta property=\"og:site_name\" content=\"ERBEL\" \/>\n<meta property=\"article:published_time\" content=\"2019-04-26T12:41:21+00:00\" \/>\n<meta property=\"og:image\" content=\"https:\/\/i0.wp.com\/erbel.eus\/wp-content\/uploads\/2019\/04\/5.3..jpg?fit=2048%2C1365&ssl=1\" \/>\n\t<meta property=\"og:image:width\" content=\"2048\" \/>\n\t<meta property=\"og:image:height\" content=\"1365\" \/>\n\t<meta property=\"og:image:type\" content=\"image\/jpeg\" \/>\n<meta name=\"author\" content=\"Egoitz Galartza\" \/>\n<meta name=\"twitter:card\" content=\"summary_large_image\" \/>\n<meta name=\"twitter:label1\" content=\"\u00c9crit par\" \/>\n\t<meta name=\"twitter:data1\" content=\"Egoitz Galartza\" \/>\n\t<meta name=\"twitter:label2\" content=\"Dur\u00e9e de lecture estim\u00e9e\" \/>\n\t<meta name=\"twitter:data2\" content=\"1 minute\" \/>\n<script type=\"application\/ld+json\" class=\"yoast-schema-graph\">{\"@context\":\"https:\/\/schema.org\",\"@graph\":[{\"@type\":\"Article\",\"@id\":\"https:\/\/erbel.eus\/2019\/04\/17\/abejas-reinas-socios-erbel-rendimiento\/#article\",\"isPartOf\":{\"@id\":\"https:\/\/erbel.eus\/2019\/04\/17\/abejas-reinas-socios-erbel-rendimiento\/\"},\"author\":{\"name\":\"Egoitz Galartza\",\"@id\":\"https:\/\/erbel.eus\/#\/schema\/person\/ff2d1eacc8825f0e87a0d04848349a7c\"},\"headline\":\"En 2019, ERBEL mettra \u00e0 disposition de ses adh\u00e9rents environ 300 reines pour les tester\",\"datePublished\":\"2019-04-26T12:41:21+00:00\",\"mainEntityOfPage\":{\"@id\":\"https:\/\/erbel.eus\/2019\/04\/17\/abejas-reinas-socios-erbel-rendimiento\/\"},\"wordCount\":120,\"commentCount\":0,\"publisher\":{\"@id\":\"https:\/\/erbel.eus\/#organization\"},\"image\":{\"@id\":\"https:\/\/erbel.eus\/2019\/04\/17\/abejas-reinas-socios-erbel-rendimiento\/#primaryimage\"},\"thumbnailUrl\":\"https:\/\/i0.wp.com\/erbel.eus\/wp-content\/uploads\/2019\/04\/5.3..jpg?fit=2048%2C1365&ssl=1\",\"articleSection\":[\"nouvelles\"],\"inLanguage\":\"fr-FR\",\"potentialAction\":[{\"@type\":\"CommentAction\",\"name\":\"Comment\",\"target\":[\"https:\/\/erbel.eus\/2019\/04\/17\/abejas-reinas-socios-erbel-rendimiento\/#respond\"]}]},{\"@type\":\"WebPage\",\"@id\":\"https:\/\/erbel.eus\/2019\/04\/17\/abejas-reinas-socios-erbel-rendimiento\/\",\"url\":\"https:\/\/erbel.eus\/2019\/04\/17\/abejas-reinas-socios-erbel-rendimiento\/\",\"name\":\"En 2019, ERBEL mettra \u00e0 disposition de ses adh\u00e9rents environ 300 reines pour les tester &#8226; ERBEL\",\"isPartOf\":{\"@id\":\"https:\/\/erbel.eus\/#website\"},\"primaryImageOfPage\":{\"@id\":\"https:\/\/erbel.eus\/2019\/04\/17\/abejas-reinas-socios-erbel-rendimiento\/#primaryimage\"},\"image\":{\"@id\":\"https:\/\/erbel.eus\/2019\/04\/17\/abejas-reinas-socios-erbel-rendimiento\/#primaryimage\"},\"thumbnailUrl\":\"https:\/\/i0.wp.com\/erbel.eus\/wp-content\/uploads\/2019\/04\/5.3..jpg?fit=2048%2C1365&ssl=1\",\"datePublished\":\"2019-04-26T12:41:21+00:00\",\"breadcrumb\":{\"@id\":\"https:\/\/erbel.eus\/2019\/04\/17\/abejas-reinas-socios-erbel-rendimiento\/#breadcrumb\"},\"inLanguage\":\"fr-FR\",\"potentialAction\":[{\"@type\":\"ReadAction\",\"target\":[\"https:\/\/erbel.eus\/2019\/04\/17\/abejas-reinas-socios-erbel-rendimiento\/\"]}]},{\"@type\":\"ImageObject\",\"inLanguage\":\"fr-FR\",\"@id\":\"https:\/\/erbel.eus\/2019\/04\/17\/abejas-reinas-socios-erbel-rendimiento\/#primaryimage\",\"url\":\"https:\/\/i0.wp.com\/erbel.eus\/wp-content\/uploads\/2019\/04\/5.3..jpg?fit=2048%2C1365&ssl=1\",\"contentUrl\":\"https:\/\/i0.wp.com\/erbel.eus\/wp-content\/uploads\/2019\/04\/5.3..jpg?fit=2048%2C1365&ssl=1\",\"width\":2048,\"height\":1365},{\"@type\":\"BreadcrumbList\",\"@id\":\"https:\/\/erbel.eus\/2019\/04\/17\/abejas-reinas-socios-erbel-rendimiento\/#breadcrumb\",\"itemListElement\":[{\"@type\":\"ListItem\",\"position\":1,\"name\":\"Home\",\"item\":\"https:\/\/erbel.eus\/\"},{\"@type\":\"ListItem\",\"position\":2,\"name\":\"En 2019, ERBEL mettra \u00e0 disposition de ses adh\u00e9rents environ 300 reines pour les tester\"}]},{\"@type\":\"WebSite\",\"@id\":\"https:\/\/erbel.eus\/#website\",\"url\":\"https:\/\/erbel.eus\/\",\"name\":\"ERBEL\",\"description\":\" Erle Beltz Hazleen Elkartea - Asociacion de criadores de abeja Erle Beltza - Association d&#039;eleveurs d&#039;abeilles Erle Beltza\",\"publisher\":{\"@id\":\"https:\/\/erbel.eus\/#organization\"},\"potentialAction\":[{\"@type\":\"SearchAction\",\"target\":{\"@type\":\"EntryPoint\",\"urlTemplate\":\"https:\/\/erbel.eus\/?s={search_term_string}\"},\"query-input\":{\"@type\":\"PropertyValueSpecification\",\"valueRequired\":true,\"valueName\":\"search_term_string\"}}],\"inLanguage\":\"fr-FR\"},{\"@type\":\"Organization\",\"@id\":\"https:\/\/erbel.eus\/#organization\",\"name\":\"ERBEL Erle Beltza Hazleen Elkartea\",\"url\":\"https:\/\/erbel.eus\/\",\"logo\":{\"@type\":\"ImageObject\",\"inLanguage\":\"fr-FR\",\"@id\":\"https:\/\/erbel.eus\/#\/schema\/logo\/image\/\",\"url\":\"https:\/\/i0.wp.com\/erbel.eus\/wp-content\/uploads\/2019\/05\/erbel_erleak_denak-beltz.png?fit=300%2C316&ssl=1\",\"contentUrl\":\"https:\/\/i0.wp.com\/erbel.eus\/wp-content\/uploads\/2019\/05\/erbel_erleak_denak-beltz.png?fit=300%2C316&ssl=1\",\"width\":300,\"height\":316,\"caption\":\"ERBEL Erle Beltza Hazleen Elkartea\"},\"image\":{\"@id\":\"https:\/\/erbel.eus\/#\/schema\/logo\/image\/\"},\"sameAs\":[\"https:\/\/www.youtube.com\/channel\/UCNkgIS3GnpMESbnykKUIqgw\"]},{\"@type\":\"Person\",\"@id\":\"https:\/\/erbel.eus\/#\/schema\/person\/ff2d1eacc8825f0e87a0d04848349a7c\",\"name\":\"Egoitz Galartza\",\"image\":{\"@type\":\"ImageObject\",\"inLanguage\":\"fr-FR\",\"@id\":\"https:\/\/erbel.eus\/#\/schema\/person\/image\/\",\"url\":\"\/\/www.gravatar.com\/avatar\/2b6f40c945cfbd3dfdb8ec528a7534d9?s=96&#038;r=g&#038;d=mm\",\"contentUrl\":\"\/\/www.gravatar.com\/avatar\/2b6f40c945cfbd3dfdb8ec528a7534d9?s=96&#038;r=g&#038;d=mm\",\"caption\":\"Egoitz Galartza\"}}]}<\/script>\n<!-- \/ Yoast SEO plugin. -->","yoast_head_json":{"title":"En 2019, ERBEL mettra \u00e0 disposition de ses adh\u00e9rents environ 300 reines pour les tester &#8226; ERBEL","robots":{"index":"index","follow":"follow","max-snippet":"max-snippet:-1","max-image-preview":"max-image-preview:large","max-video-preview":"max-video-preview:-1"},"canonical":"https:\/\/erbel.eus\/2019\/04\/17\/abejas-reinas-socios-erbel-rendimiento\/","og_locale":"fr_FR","og_type":"article","og_title":"En 2019, ERBEL mettra \u00e0 disposition de ses adh\u00e9rents environ 300 reines pour les tester &#8226; ERBEL","og_description":"ERBEL poss\u00e8de environ 30 adh\u00e9rents et en 2019, une nouvelle r\u00e9partition de reines sera effectu\u00e9e parmi eux. Pour la premi\u00e8re fois, tous les adh\u00e9rents pourront obtenir des reines. L\u2019id\u00e9al est de prendre 9 reines mais il est possible d\u2019en prendre 6 ou 12.","og_url":"https:\/\/erbel.eus\/2019\/04\/17\/abejas-reinas-socios-erbel-rendimiento\/","og_site_name":"ERBEL","article_published_time":"2019-04-26T12:41:21+00:00","og_image":[{"width":2048,"height":1365,"url":"https:\/\/i0.wp.com\/erbel.eus\/wp-content\/uploads\/2019\/04\/5.3..jpg?fit=2048%2C1365&ssl=1","type":"image\/jpeg"}],"author":"Egoitz Galartza","twitter_card":"summary_large_image","twitter_misc":{"\u00c9crit par":"Egoitz Galartza","Dur\u00e9e de lecture estim\u00e9e":"1 minute"},"schema":{"@context":"https:\/\/schema.org","@graph":[{"@type":"Article","@id":"https:\/\/erbel.eus\/2019\/04\/17\/abejas-reinas-socios-erbel-rendimiento\/#article","isPartOf":{"@id":"https:\/\/erbel.eus\/2019\/04\/17\/abejas-reinas-socios-erbel-rendimiento\/"},"author":{"name":"Egoitz Galartza","@id":"https:\/\/erbel.eus\/#\/schema\/person\/ff2d1eacc8825f0e87a0d04848349a7c"},"headline":"En 2019, ERBEL mettra \u00e0 disposition de ses adh\u00e9rents environ 300 reines pour les tester","datePublished":"2019-04-26T12:41:21+00:00","mainEntityOfPage":{"@id":"https:\/\/erbel.eus\/2019\/04\/17\/abejas-reinas-socios-erbel-rendimiento\/"},"wordCount":120,"commentCount":0,"publisher":{"@id":"https:\/\/erbel.eus\/#organization"},"image":{"@id":"https:\/\/erbel.eus\/2019\/04\/17\/abejas-reinas-socios-erbel-rendimiento\/#primaryimage"},"thumbnailUrl":"https:\/\/i0.wp.com\/erbel.eus\/wp-content\/uploads\/2019\/04\/5.3..jpg?fit=2048%2C1365&ssl=1","articleSection":["nouvelles"],"inLanguage":"fr-FR","potentialAction":[{"@type":"CommentAction","name":"Comment","target":["https:\/\/erbel.eus\/2019\/04\/17\/abejas-reinas-socios-erbel-rendimiento\/#respond"]}]},{"@type":"WebPage","@id":"https:\/\/erbel.eus\/2019\/04\/17\/abejas-reinas-socios-erbel-rendimiento\/","url":"https:\/\/erbel.eus\/2019\/04\/17\/abejas-reinas-socios-erbel-rendimiento\/","name":"En 2019, ERBEL mettra \u00e0 disposition de ses adh\u00e9rents environ 300 reines pour les tester &#8226; ERBEL","isPartOf":{"@id":"https:\/\/erbel.eus\/#website"},"primaryImageOfPage":{"@id":"https:\/\/erbel.eus\/2019\/04\/17\/abejas-reinas-socios-erbel-rendimiento\/#primaryimage"},"image":{"@id":"https:\/\/erbel.eus\/2019\/04\/17\/abejas-reinas-socios-erbel-rendimiento\/#primaryimage"},"thumbnailUrl":"https:\/\/i0.wp.com\/erbel.eus\/wp-content\/uploads\/2019\/04\/5.3..jpg?fit=2048%2C1365&ssl=1","datePublished":"2019-04-26T12:41:21+00:00","breadcrumb":{"@id":"https:\/\/erbel.eus\/2019\/04\/17\/abejas-reinas-socios-erbel-rendimiento\/#breadcrumb"},"inLanguage":"fr-FR","potentialAction":[{"@type":"ReadAction","target":["https:\/\/erbel.eus\/2019\/04\/17\/abejas-reinas-socios-erbel-rendimiento\/"]}]},{"@type":"ImageObject","inLanguage":"fr-FR","@id":"https:\/\/erbel.eus\/2019\/04\/17\/abejas-reinas-socios-erbel-rendimiento\/#primaryimage","url":"https:\/\/i0.wp.com\/erbel.eus\/wp-content\/uploads\/2019\/04\/5.3..jpg?fit=2048%2C1365&ssl=1","contentUrl":"https:\/\/i0.wp.com\/erbel.eus\/wp-content\/uploads\/2019\/04\/5.3..jpg?fit=2048%2C1365&ssl=1","width":2048,"height":1365},{"@type":"BreadcrumbList","@id":"https:\/\/erbel.eus\/2019\/04\/17\/abejas-reinas-socios-erbel-rendimiento\/#breadcrumb","itemListElement":[{"@type":"ListItem","position":1,"name":"Home","item":"https:\/\/erbel.eus\/"},{"@type":"ListItem","position":2,"name":"En 2019, ERBEL mettra \u00e0 disposition de ses adh\u00e9rents environ 300 reines pour les tester"}]},{"@type":"WebSite","@id":"https:\/\/erbel.eus\/#website","url":"https:\/\/erbel.eus\/","name":"ERBEL","description":" Erle Beltz Hazleen Elkartea - Asociacion de criadores de abeja Erle Beltza - Association d&#039;eleveurs d&#039;abeilles Erle Beltza","publisher":{"@id":"https:\/\/erbel.eus\/#organization"},"potentialAction":[{"@type":"SearchAction","target":{"@type":"EntryPoint","urlTemplate":"https:\/\/erbel.eus\/?s={search_term_string}"},"query-input":{"@type":"PropertyValueSpecification","valueRequired":true,"valueName":"search_term_string"}}],"inLanguage":"fr-FR"},{"@type":"Organization","@id":"https:\/\/erbel.eus\/#organization","name":"ERBEL Erle Beltza Hazleen Elkartea","url":"https:\/\/erbel.eus\/","logo":{"@type":"ImageObject","inLanguage":"fr-FR","@id":"https:\/\/erbel.eus\/#\/schema\/logo\/image\/","url":"https:\/\/i0.wp.com\/erbel.eus\/wp-content\/uploads\/2019\/05\/erbel_erleak_denak-beltz.png?fit=300%2C316&ssl=1","contentUrl":"https:\/\/i0.wp.com\/erbel.eus\/wp-content\/uploads\/2019\/05\/erbel_erleak_denak-beltz.png?fit=300%2C316&ssl=1","width":300,"height":316,"caption":"ERBEL Erle Beltza Hazleen Elkartea"},"image":{"@id":"https:\/\/erbel.eus\/#\/schema\/logo\/image\/"},"sameAs":["https:\/\/www.youtube.com\/channel\/UCNkgIS3GnpMESbnykKUIqgw"]},{"@type":"Person","@id":"https:\/\/erbel.eus\/#\/schema\/person\/ff2d1eacc8825f0e87a0d04848349a7c","name":"Egoitz Galartza","image":{"@type":"ImageObject","inLanguage":"fr-FR","@id":"https:\/\/erbel.eus\/#\/schema\/person\/image\/","url":"\/\/www.gravatar.com\/avatar\/2b6f40c945cfbd3dfdb8ec528a7534d9?s=96&#038;r=g&#038;d=mm","contentUrl":"\/\/www.gravatar.com\/avatar\/2b6f40c945cfbd3dfdb8ec528a7534d9?s=96&#038;r=g&#038;d=mm","caption":"Egoitz Galartza"}}]}},"jetpack_featured_media_url":"https:\/\/i0.wp.com\/erbel.eus\/wp-content\/uploads\/2019\/04\/5.3..jpg?fit=2048%2C1365&ssl=1","jetpack_sharing_enabled":true,"_links":{"self":[{"href":"https:\/\/erbel.eus\/fr\/wp-json\/wp\/v2\/posts\/519","targetHints":{"allow":["GET"]}}],"collection":[{"href":"https:\/\/erbel.eus\/fr\/wp-json\/wp\/v2\/posts"}],"about":[{"href":"https:\/\/erbel.eus\/fr\/wp-json\/wp\/v2\/types\/post"}],"author":[{"embeddable":true,"href":"https:\/\/erbel.eus\/fr\/wp-json\/wp\/v2\/users\/2"}],"replies":[{"embeddable":true,"href":"https:\/\/erbel.eus\/fr\/wp-json\/wp\/v2\/comments?post=519"}],"version-history":[{"count":1,"href":"https:\/\/erbel.eus\/fr\/wp-json\/wp\/v2\/posts\/519\/revisions"}],"predecessor-version":[{"id":520,"href":"https:\/\/erbel.eus\/fr\/wp-json\/wp\/v2\/posts\/519\/revisions\/520"}],"wp:featuredmedia":[{"embeddable":true,"href":"https:\/\/erbel.eus\/fr\/wp-json\/wp\/v2\/media\/818"}],"wp:attachment":[{"href":"https:\/\/erbel.eus\/fr\/wp-json\/wp\/v2\/media?parent=519"}],"wp:term":[{"taxonomy":"category","embeddable":true,"href":"https:\/\/erbel.eus\/fr\/wp-json\/wp\/v2\/categories?post=519"},{"taxonomy":"post_tag","embeddable":true,"href":"https:\/\/erbel.eus\/fr\/wp-json\/wp\/v2\/tags?post=519"}],"curies":[{"name":"wp","href":"https:\/\/api.w.org\/{rel}","templated":true}]}}