{"id":3734,"date":"2026-01-20T11:52:36","date_gmt":"2026-01-20T10:52:36","guid":{"rendered":"https:\/\/erbel.eus\/2026\/01\/20\/erbelen-neguko-solasaldiak\/"},"modified":"2026-01-20T11:55:50","modified_gmt":"2026-01-20T10:55:50","slug":"erbelen-neguko-solasaldiak","status":"publish","type":"post","link":"https:\/\/erbel.eus\/fr\/2026\/01\/20\/erbelen-neguko-solasaldiak\/","title":{"rendered":"ERBELen NEGUKO SOLASALDIAK"},"content":{"rendered":"\n<p><strong>Egoitz Galartza Garaialde<\/strong><\/p>\n\n<p>Aurten ere, bigarren urtez, neguko solasaldiak antolatu ditugu, formatu erlaxatu batean (online) eta esklusiboki ERBELeko bazkideentzat.<\/p>\n\n<p>Solasaldiok helburu bat baino gehiago dituzte. Alde batetik, balioan jarri nahi dugu ERBEL osatzen dugun guztion lan komunitarioa; testatzailerik, erregina ekoizlerik eta gainerako kiderik gabe ez zen hobekuntza programa egiterik izango. Bilera-solasaldi hauei esker, taldea trinkotzen dugu eta proiektuaren ikuspegi zabalagoa hartzen dugu. Beste alde batetik, neguko egun hauek aprobetxatu nahi ditugu, denbora gehiago baitugu prestakuntzan sakontzeko eta gai garrantzitsuen gainean egunean jartzeko: programako erreginen testak, erregina horiek nola gobernatu, ERBELen proiektuak zertan diren, eta abar.<\/p>\n\n<p>Solasaldiak online izango dira, hamabost egunean behin, eta hiru egun daude programatuta. Lehenengoa Nola handitu banatutako erreginen biziraupena, bigarrena Aldaketak testak egiteko moduan eta hirugarrena ERBELek egun dituen proiektuak: ERLE-TEK, ERLERESIST, estalketa estazioaren balidazioa eta ERBEL BEE TEST.<\/p>\n\n<p><\/p>\n","protected":false},"excerpt":{"rendered":"<p>Aurten ere, bigarren urtez, neguko solasaldiak antolatu ditugu, formatu erlaxatu batean (online) eta esklusiboki ERBELeko bazkideentzat.<\/p>\n","protected":false},"author":2,"featured_media":3727,"comment_status":"closed","ping_status":"closed","sticky":false,"template":"","format":"standard","meta":{"_bbp_topic_count":0,"_bbp_reply_count":0,"_bbp_total_topic_count":0,"_bbp_total_reply_count":0,"_bbp_voice_count":0,"_bbp_anonymous_reply_count":0,"_bbp_topic_count_hidden":0,"_bbp_reply_count_hidden":0,"_bbp_forum_subforum_count":0,"_jetpack_memberships_contains_paid_content":false,"footnotes":""},"categories":[26,39],"tags":[],"class_list":["post-3734","post","type-post","status-publish","format-standard","has-post-thumbnail","hentry","category-non-classifiee","category-nouvelles","masonry-post","generate-columns","tablet-grid-50","mobile-grid-100","grid-parent","grid-50"],"yoast_head":"<!-- This site is optimized with the Yoast SEO plugin v26.8 - https:\/\/yoast.com\/product\/yoast-seo-wordpress\/ -->\n<title>ERBELen NEGUKO SOLASALDIAK &#8226; ERBEL<\/title>\n<meta name=\"robots\" content=\"index, follow, max-snippet:-1, max-image-preview:large, max-video-preview:-1\" \/>\n<link rel=\"canonical\" href=\"https:\/\/erbel.eus\/fr\/2026\/01\/20\/erbelen-neguko-solasaldiak\/\" \/>\n<meta property=\"og:locale\" content=\"fr_FR\" \/>\n<meta property=\"og:type\" content=\"article\" \/>\n<meta property=\"og:title\" content=\"ERBELen NEGUKO SOLASALDIAK &#8226; ERBEL\" \/>\n<meta property=\"og:description\" content=\"Aurten ere, bigarren urtez, neguko solasaldiak antolatu ditugu, formatu erlaxatu batean (online) eta esklusiboki ERBELeko bazkideentzat.\" \/>\n<meta property=\"og:url\" content=\"https:\/\/erbel.eus\/fr\/2026\/01\/20\/erbelen-neguko-solasaldiak\/\" \/>\n<meta property=\"og:site_name\" content=\"ERBEL\" \/>\n<meta property=\"article:published_time\" content=\"2026-01-20T10:52:36+00:00\" \/>\n<meta property=\"article:modified_time\" content=\"2026-01-20T10:55:50+00:00\" \/>\n<meta property=\"og:image\" content=\"https:\/\/erbel.eus\/wp-content\/uploads\/2026\/01\/Jaregindako-irudia1.png\" \/>\n\t<meta property=\"og:image:width\" content=\"1024\" \/>\n\t<meta property=\"og:image:height\" content=\"435\" \/>\n\t<meta property=\"og:image:type\" content=\"image\/png\" \/>\n<meta name=\"author\" content=\"Egoitz Galartza\" \/>\n<meta name=\"twitter:card\" content=\"summary_large_image\" \/>\n<meta name=\"twitter:label1\" content=\"\u00c9crit par\" \/>\n\t<meta name=\"twitter:data1\" content=\"Egoitz Galartza\" \/>\n\t<meta name=\"twitter:label2\" content=\"Dur\u00e9e de lecture estim\u00e9e\" \/>\n\t<meta name=\"twitter:data2\" content=\"1 minute\" \/>\n<script type=\"application\/ld+json\" class=\"yoast-schema-graph\">{\"@context\":\"https:\/\/schema.org\",\"@graph\":[{\"@type\":\"Article\",\"@id\":\"https:\/\/erbel.eus\/fr\/2026\/01\/20\/erbelen-neguko-solasaldiak\/#article\",\"isPartOf\":{\"@id\":\"https:\/\/erbel.eus\/fr\/2026\/01\/20\/erbelen-neguko-solasaldiak\/\"},\"author\":{\"name\":\"Egoitz Galartza\",\"@id\":\"https:\/\/erbel.eus\/#\/schema\/person\/ff2d1eacc8825f0e87a0d04848349a7c\"},\"headline\":\"ERBELen NEGUKO SOLASALDIAK\",\"datePublished\":\"2026-01-20T10:52:36+00:00\",\"dateModified\":\"2026-01-20T10:55:50+00:00\",\"mainEntityOfPage\":{\"@id\":\"https:\/\/erbel.eus\/fr\/2026\/01\/20\/erbelen-neguko-solasaldiak\/\"},\"wordCount\":136,\"publisher\":{\"@id\":\"https:\/\/erbel.eus\/#organization\"},\"image\":{\"@id\":\"https:\/\/erbel.eus\/fr\/2026\/01\/20\/erbelen-neguko-solasaldiak\/#primaryimage\"},\"thumbnailUrl\":\"https:\/\/i0.wp.com\/erbel.eus\/wp-content\/uploads\/2026\/01\/Jaregindako-irudia1.png?fit=1024%2C435&ssl=1\",\"articleSection\":[\"Non classifi\u00e9(e)\",\"nouvelles\"],\"inLanguage\":\"fr-FR\"},{\"@type\":\"WebPage\",\"@id\":\"https:\/\/erbel.eus\/fr\/2026\/01\/20\/erbelen-neguko-solasaldiak\/\",\"url\":\"https:\/\/erbel.eus\/fr\/2026\/01\/20\/erbelen-neguko-solasaldiak\/\",\"name\":\"ERBELen NEGUKO SOLASALDIAK &#8226; ERBEL\",\"isPartOf\":{\"@id\":\"https:\/\/erbel.eus\/#website\"},\"primaryImageOfPage\":{\"@id\":\"https:\/\/erbel.eus\/fr\/2026\/01\/20\/erbelen-neguko-solasaldiak\/#primaryimage\"},\"image\":{\"@id\":\"https:\/\/erbel.eus\/fr\/2026\/01\/20\/erbelen-neguko-solasaldiak\/#primaryimage\"},\"thumbnailUrl\":\"https:\/\/i0.wp.com\/erbel.eus\/wp-content\/uploads\/2026\/01\/Jaregindako-irudia1.png?fit=1024%2C435&ssl=1\",\"datePublished\":\"2026-01-20T10:52:36+00:00\",\"dateModified\":\"2026-01-20T10:55:50+00:00\",\"breadcrumb\":{\"@id\":\"https:\/\/erbel.eus\/fr\/2026\/01\/20\/erbelen-neguko-solasaldiak\/#breadcrumb\"},\"inLanguage\":\"fr-FR\",\"potentialAction\":[{\"@type\":\"ReadAction\",\"target\":[\"https:\/\/erbel.eus\/fr\/2026\/01\/20\/erbelen-neguko-solasaldiak\/\"]}]},{\"@type\":\"ImageObject\",\"inLanguage\":\"fr-FR\",\"@id\":\"https:\/\/erbel.eus\/fr\/2026\/01\/20\/erbelen-neguko-solasaldiak\/#primaryimage\",\"url\":\"https:\/\/i0.wp.com\/erbel.eus\/wp-content\/uploads\/2026\/01\/Jaregindako-irudia1.png?fit=1024%2C435&ssl=1\",\"contentUrl\":\"https:\/\/i0.wp.com\/erbel.eus\/wp-content\/uploads\/2026\/01\/Jaregindako-irudia1.png?fit=1024%2C435&ssl=1\",\"width\":1024,\"height\":435},{\"@type\":\"BreadcrumbList\",\"@id\":\"https:\/\/erbel.eus\/fr\/2026\/01\/20\/erbelen-neguko-solasaldiak\/#breadcrumb\",\"itemListElement\":[{\"@type\":\"ListItem\",\"position\":1,\"name\":\"Home\",\"item\":\"https:\/\/erbel.eus\/\"},{\"@type\":\"ListItem\",\"position\":2,\"name\":\"ERBELen NEGUKO SOLASALDIAK\"}]},{\"@type\":\"WebSite\",\"@id\":\"https:\/\/erbel.eus\/#website\",\"url\":\"https:\/\/erbel.eus\/\",\"name\":\"ERBEL\",\"description\":\" Erle Beltz Hazleen Elkartea - Asociacion de criadores de abeja Erle Beltza - Association d&#039;eleveurs d&#039;abeilles Erle Beltza\",\"publisher\":{\"@id\":\"https:\/\/erbel.eus\/#organization\"},\"potentialAction\":[{\"@type\":\"SearchAction\",\"target\":{\"@type\":\"EntryPoint\",\"urlTemplate\":\"https:\/\/erbel.eus\/?s={search_term_string}\"},\"query-input\":{\"@type\":\"PropertyValueSpecification\",\"valueRequired\":true,\"valueName\":\"search_term_string\"}}],\"inLanguage\":\"fr-FR\"},{\"@type\":\"Organization\",\"@id\":\"https:\/\/erbel.eus\/#organization\",\"name\":\"ERBEL Erle Beltza Hazleen Elkartea\",\"url\":\"https:\/\/erbel.eus\/\",\"logo\":{\"@type\":\"ImageObject\",\"inLanguage\":\"fr-FR\",\"@id\":\"https:\/\/erbel.eus\/#\/schema\/logo\/image\/\",\"url\":\"https:\/\/i0.wp.com\/erbel.eus\/wp-content\/uploads\/2019\/05\/erbel_erleak_denak-beltz.png?fit=300%2C316&ssl=1\",\"contentUrl\":\"https:\/\/i0.wp.com\/erbel.eus\/wp-content\/uploads\/2019\/05\/erbel_erleak_denak-beltz.png?fit=300%2C316&ssl=1\",\"width\":300,\"height\":316,\"caption\":\"ERBEL Erle Beltza Hazleen Elkartea\"},\"image\":{\"@id\":\"https:\/\/erbel.eus\/#\/schema\/logo\/image\/\"},\"sameAs\":[\"https:\/\/www.youtube.com\/channel\/UCNkgIS3GnpMESbnykKUIqgw\"]},{\"@type\":\"Person\",\"@id\":\"https:\/\/erbel.eus\/#\/schema\/person\/ff2d1eacc8825f0e87a0d04848349a7c\",\"name\":\"Egoitz Galartza\",\"image\":{\"@type\":\"ImageObject\",\"inLanguage\":\"fr-FR\",\"@id\":\"https:\/\/erbel.eus\/#\/schema\/person\/image\/\",\"url\":\"\/\/www.gravatar.com\/avatar\/2b6f40c945cfbd3dfdb8ec528a7534d9?s=96&#038;r=g&#038;d=mm\",\"contentUrl\":\"\/\/www.gravatar.com\/avatar\/2b6f40c945cfbd3dfdb8ec528a7534d9?s=96&#038;r=g&#038;d=mm\",\"caption\":\"Egoitz Galartza\"}}]}<\/script>\n<!-- \/ Yoast SEO plugin. -->","yoast_head_json":{"title":"ERBELen NEGUKO SOLASALDIAK &#8226; ERBEL","robots":{"index":"index","follow":"follow","max-snippet":"max-snippet:-1","max-image-preview":"max-image-preview:large","max-video-preview":"max-video-preview:-1"},"canonical":"https:\/\/erbel.eus\/fr\/2026\/01\/20\/erbelen-neguko-solasaldiak\/","og_locale":"fr_FR","og_type":"article","og_title":"ERBELen NEGUKO SOLASALDIAK &#8226; ERBEL","og_description":"Aurten ere, bigarren urtez, neguko solasaldiak antolatu ditugu, formatu erlaxatu batean (online) eta esklusiboki ERBELeko bazkideentzat.","og_url":"https:\/\/erbel.eus\/fr\/2026\/01\/20\/erbelen-neguko-solasaldiak\/","og_site_name":"ERBEL","article_published_time":"2026-01-20T10:52:36+00:00","article_modified_time":"2026-01-20T10:55:50+00:00","og_image":[{"width":1024,"height":435,"url":"https:\/\/erbel.eus\/wp-content\/uploads\/2026\/01\/Jaregindako-irudia1.png","type":"image\/png"}],"author":"Egoitz Galartza","twitter_card":"summary_large_image","twitter_misc":{"\u00c9crit par":"Egoitz Galartza","Dur\u00e9e de lecture estim\u00e9e":"1 minute"},"schema":{"@context":"https:\/\/schema.org","@graph":[{"@type":"Article","@id":"https:\/\/erbel.eus\/fr\/2026\/01\/20\/erbelen-neguko-solasaldiak\/#article","isPartOf":{"@id":"https:\/\/erbel.eus\/fr\/2026\/01\/20\/erbelen-neguko-solasaldiak\/"},"author":{"name":"Egoitz Galartza","@id":"https:\/\/erbel.eus\/#\/schema\/person\/ff2d1eacc8825f0e87a0d04848349a7c"},"headline":"ERBELen NEGUKO SOLASALDIAK","datePublished":"2026-01-20T10:52:36+00:00","dateModified":"2026-01-20T10:55:50+00:00","mainEntityOfPage":{"@id":"https:\/\/erbel.eus\/fr\/2026\/01\/20\/erbelen-neguko-solasaldiak\/"},"wordCount":136,"publisher":{"@id":"https:\/\/erbel.eus\/#organization"},"image":{"@id":"https:\/\/erbel.eus\/fr\/2026\/01\/20\/erbelen-neguko-solasaldiak\/#primaryimage"},"thumbnailUrl":"https:\/\/i0.wp.com\/erbel.eus\/wp-content\/uploads\/2026\/01\/Jaregindako-irudia1.png?fit=1024%2C435&ssl=1","articleSection":["Non classifi\u00e9(e)","nouvelles"],"inLanguage":"fr-FR"},{"@type":"WebPage","@id":"https:\/\/erbel.eus\/fr\/2026\/01\/20\/erbelen-neguko-solasaldiak\/","url":"https:\/\/erbel.eus\/fr\/2026\/01\/20\/erbelen-neguko-solasaldiak\/","name":"ERBELen NEGUKO SOLASALDIAK &#8226; ERBEL","isPartOf":{"@id":"https:\/\/erbel.eus\/#website"},"primaryImageOfPage":{"@id":"https:\/\/erbel.eus\/fr\/2026\/01\/20\/erbelen-neguko-solasaldiak\/#primaryimage"},"image":{"@id":"https:\/\/erbel.eus\/fr\/2026\/01\/20\/erbelen-neguko-solasaldiak\/#primaryimage"},"thumbnailUrl":"https:\/\/i0.wp.com\/erbel.eus\/wp-content\/uploads\/2026\/01\/Jaregindako-irudia1.png?fit=1024%2C435&ssl=1","datePublished":"2026-01-20T10:52:36+00:00","dateModified":"2026-01-20T10:55:50+00:00","breadcrumb":{"@id":"https:\/\/erbel.eus\/fr\/2026\/01\/20\/erbelen-neguko-solasaldiak\/#breadcrumb"},"inLanguage":"fr-FR","potentialAction":[{"@type":"ReadAction","target":["https:\/\/erbel.eus\/fr\/2026\/01\/20\/erbelen-neguko-solasaldiak\/"]}]},{"@type":"ImageObject","inLanguage":"fr-FR","@id":"https:\/\/erbel.eus\/fr\/2026\/01\/20\/erbelen-neguko-solasaldiak\/#primaryimage","url":"https:\/\/i0.wp.com\/erbel.eus\/wp-content\/uploads\/2026\/01\/Jaregindako-irudia1.png?fit=1024%2C435&ssl=1","contentUrl":"https:\/\/i0.wp.com\/erbel.eus\/wp-content\/uploads\/2026\/01\/Jaregindako-irudia1.png?fit=1024%2C435&ssl=1","width":1024,"height":435},{"@type":"BreadcrumbList","@id":"https:\/\/erbel.eus\/fr\/2026\/01\/20\/erbelen-neguko-solasaldiak\/#breadcrumb","itemListElement":[{"@type":"ListItem","position":1,"name":"Home","item":"https:\/\/erbel.eus\/"},{"@type":"ListItem","position":2,"name":"ERBELen NEGUKO SOLASALDIAK"}]},{"@type":"WebSite","@id":"https:\/\/erbel.eus\/#website","url":"https:\/\/erbel.eus\/","name":"ERBEL","description":" Erle Beltz Hazleen Elkartea - Asociacion de criadores de abeja Erle Beltza - Association d&#039;eleveurs d&#039;abeilles Erle Beltza","publisher":{"@id":"https:\/\/erbel.eus\/#organization"},"potentialAction":[{"@type":"SearchAction","target":{"@type":"EntryPoint","urlTemplate":"https:\/\/erbel.eus\/?s={search_term_string}"},"query-input":{"@type":"PropertyValueSpecification","valueRequired":true,"valueName":"search_term_string"}}],"inLanguage":"fr-FR"},{"@type":"Organization","@id":"https:\/\/erbel.eus\/#organization","name":"ERBEL Erle Beltza Hazleen Elkartea","url":"https:\/\/erbel.eus\/","logo":{"@type":"ImageObject","inLanguage":"fr-FR","@id":"https:\/\/erbel.eus\/#\/schema\/logo\/image\/","url":"https:\/\/i0.wp.com\/erbel.eus\/wp-content\/uploads\/2019\/05\/erbel_erleak_denak-beltz.png?fit=300%2C316&ssl=1","contentUrl":"https:\/\/i0.wp.com\/erbel.eus\/wp-content\/uploads\/2019\/05\/erbel_erleak_denak-beltz.png?fit=300%2C316&ssl=1","width":300,"height":316,"caption":"ERBEL Erle Beltza Hazleen Elkartea"},"image":{"@id":"https:\/\/erbel.eus\/#\/schema\/logo\/image\/"},"sameAs":["https:\/\/www.youtube.com\/channel\/UCNkgIS3GnpMESbnykKUIqgw"]},{"@type":"Person","@id":"https:\/\/erbel.eus\/#\/schema\/person\/ff2d1eacc8825f0e87a0d04848349a7c","name":"Egoitz Galartza","image":{"@type":"ImageObject","inLanguage":"fr-FR","@id":"https:\/\/erbel.eus\/#\/schema\/person\/image\/","url":"\/\/www.gravatar.com\/avatar\/2b6f40c945cfbd3dfdb8ec528a7534d9?s=96&#038;r=g&#038;d=mm","contentUrl":"\/\/www.gravatar.com\/avatar\/2b6f40c945cfbd3dfdb8ec528a7534d9?s=96&#038;r=g&#038;d=mm","caption":"Egoitz Galartza"}}]}},"jetpack_featured_media_url":"https:\/\/i0.wp.com\/erbel.eus\/wp-content\/uploads\/2026\/01\/Jaregindako-irudia1.png?fit=1024%2C435&ssl=1","jetpack_sharing_enabled":true,"_links":{"self":[{"href":"https:\/\/erbel.eus\/fr\/wp-json\/wp\/v2\/posts\/3734","targetHints":{"allow":["GET"]}}],"collection":[{"href":"https:\/\/erbel.eus\/fr\/wp-json\/wp\/v2\/posts"}],"about":[{"href":"https:\/\/erbel.eus\/fr\/wp-json\/wp\/v2\/types\/post"}],"author":[{"embeddable":true,"href":"https:\/\/erbel.eus\/fr\/wp-json\/wp\/v2\/users\/2"}],"replies":[{"embeddable":true,"href":"https:\/\/erbel.eus\/fr\/wp-json\/wp\/v2\/comments?post=3734"}],"version-history":[{"count":1,"href":"https:\/\/erbel.eus\/fr\/wp-json\/wp\/v2\/posts\/3734\/revisions"}],"predecessor-version":[{"id":3735,"href":"https:\/\/erbel.eus\/fr\/wp-json\/wp\/v2\/posts\/3734\/revisions\/3735"}],"wp:featuredmedia":[{"embeddable":true,"href":"https:\/\/erbel.eus\/fr\/wp-json\/wp\/v2\/media\/3727"}],"wp:attachment":[{"href":"https:\/\/erbel.eus\/fr\/wp-json\/wp\/v2\/media?parent=3734"}],"wp:term":[{"taxonomy":"category","embeddable":true,"href":"https:\/\/erbel.eus\/fr\/wp-json\/wp\/v2\/categories?post=3734"},{"taxonomy":"post_tag","embeddable":true,"href":"https:\/\/erbel.eus\/fr\/wp-json\/wp\/v2\/tags?post=3734"}],"curies":[{"name":"wp","href":"https:\/\/api.w.org\/{rel}","templated":true}]}}