{"id":3640,"date":"2025-10-18T09:31:43","date_gmt":"2025-10-18T08:31:43","guid":{"rendered":"https:\/\/erbel.eus\/2025\/10\/18\/journee-dautomne-erbel-2025\/"},"modified":"2025-10-18T09:34:48","modified_gmt":"2025-10-18T08:34:48","slug":"journee-dautomne-erbel-2025","status":"publish","type":"post","link":"https:\/\/erbel.eus\/fr\/2025\/10\/18\/journee-dautomne-erbel-2025\/","title":{"rendered":"Journ\u00e9e d&rsquo;automne ERBEL 2025"},"content":{"rendered":"\n<p>La Journ\u00e9e de G\u00e9n\u00e9tique et de S\u00e9lection Apicoles aura lieu le 22 novembre 2025. Cette ann\u00e9e encore, nous avons choisi le b\u00e2timent Ataria \u00e0 Salburua (Vitoria-Gasteiz, Araba), un lieu id\u00e9al dans un cadre exceptionnel. Les principaux th\u00e8mes abord\u00e9s lors de la journ\u00e9e seront la s\u00e9lection des abeilles, le r\u00f4le des faux bourdons dans la ruche et le frelon asiatique.<\/p>\n\n\n\n<p>Nous aurons le plaisir d&rsquo;\u00e9couter I\u00f1aki Narbaiza, professeur de formation professionnelle de Maristak Ikastetxea \u00e0 Durango et membre d&rsquo;ERBEL, Jes\u00fas Y\u00e1\u00f1iz, professeur de production animale \u00e0 l&rsquo;universit\u00e9 de Saragosse et membre du groupe de recherche BIOFITER, Koldo Belasko, apiculteur professionnel du Pays basque, Zachary Lamas, membre de l&rsquo;USDA-ARS Bee Research Laboratory (intervention\/participation en visioconf\u00e9rence), Umberto Moreno, g\u00e9n\u00e9ticien et chercheur colombien et Egoitz Galartza, v\u00e9t\u00e9rinaire et responsable du programme de s\u00e9lection ERBEL.<\/p>\n\n\n\n<p>Inscription obligatoire (info@erbel.eus) au tarif de 10&nbsp;\u20ac pour les non-adh\u00e9rents d&rsquo;ERBEL et gratuite pour les membres. Si vous souhaitez prendre le repas (25&nbsp;\u20ac), merci de vous inscrire \u00e9galement.<\/p>\n\n\n\n<figure class=\"wp-block-image alignwide size-full\"><img data-recalc-dims=\"1\" fetchpriority=\"high\" decoding=\"async\" width=\"595\" height=\"842\" src=\"https:\/\/i0.wp.com\/erbel.eus\/wp-content\/uploads\/2025\/10\/Cartel-Erbel.jpg?resize=595%2C842&#038;ssl=1\" alt=\"\" class=\"wp-image-3627\" srcset=\"https:\/\/i0.wp.com\/erbel.eus\/wp-content\/uploads\/2025\/10\/Cartel-Erbel.jpg?w=595&amp;ssl=1 595w, https:\/\/i0.wp.com\/erbel.eus\/wp-content\/uploads\/2025\/10\/Cartel-Erbel.jpg?resize=212%2C300&amp;ssl=1 212w\" sizes=\"(max-width: 595px) 100vw, 595px\" \/><\/figure>\n\n\n\n<figure class=\"wp-block-image alignwide size-large\"><img data-recalc-dims=\"1\" decoding=\"async\" width=\"724\" height=\"1024\" src=\"https:\/\/i0.wp.com\/erbel.eus\/wp-content\/uploads\/2025\/10\/PROGRAMA-ERBEL-2025-eus-724x1024.jpg?resize=724%2C1024&#038;ssl=1\" alt=\"\" class=\"wp-image-3635\" srcset=\"https:\/\/i0.wp.com\/erbel.eus\/wp-content\/uploads\/2025\/10\/PROGRAMA-ERBEL-2025-eus-scaled.jpg?resize=724%2C1024&amp;ssl=1 724w, https:\/\/i0.wp.com\/erbel.eus\/wp-content\/uploads\/2025\/10\/PROGRAMA-ERBEL-2025-eus-scaled.jpg?resize=212%2C300&amp;ssl=1 212w, https:\/\/i0.wp.com\/erbel.eus\/wp-content\/uploads\/2025\/10\/PROGRAMA-ERBEL-2025-eus-scaled.jpg?resize=768%2C1086&amp;ssl=1 768w, https:\/\/i0.wp.com\/erbel.eus\/wp-content\/uploads\/2025\/10\/PROGRAMA-ERBEL-2025-eus-scaled.jpg?resize=1086%2C1536&amp;ssl=1 1086w, https:\/\/i0.wp.com\/erbel.eus\/wp-content\/uploads\/2025\/10\/PROGRAMA-ERBEL-2025-eus-scaled.jpg?w=1448&amp;ssl=1 1448w\" sizes=\"(max-width: 724px) 100vw, 724px\" \/><\/figure>\n","protected":false},"excerpt":{"rendered":"<p>La Journ\u00e9e de G\u00e9n\u00e9tique et de S\u00e9lection Apicoles aura lieu le 22 novembre 2025. Cette ann\u00e9e encore, nous avons choisi le b\u00e2timent Ataria \u00e0 Salburua (Vitoria-Gasteiz, Araba), un lieu id\u00e9al dans un cadre exceptionnel. Les principaux th\u00e8mes abord\u00e9s lors de la journ\u00e9e seront la s\u00e9lection des abeilles, le r\u00f4le des faux bourdons dans la ruche et le frelon asiatique.<\/p>\n","protected":false},"author":2,"featured_media":2436,"comment_status":"closed","ping_status":"closed","sticky":false,"template":"","format":"standard","meta":{"_bbp_topic_count":0,"_bbp_reply_count":0,"_bbp_total_topic_count":0,"_bbp_total_reply_count":0,"_bbp_voice_count":0,"_bbp_anonymous_reply_count":0,"_bbp_topic_count_hidden":0,"_bbp_reply_count_hidden":0,"_bbp_forum_subforum_count":0,"_jetpack_memberships_contains_paid_content":false,"footnotes":""},"categories":[26],"tags":[],"class_list":["post-3640","post","type-post","status-publish","format-standard","has-post-thumbnail","hentry","category-non-classifiee","masonry-post","generate-columns","tablet-grid-50","mobile-grid-100","grid-parent","grid-50"],"yoast_head":"<!-- This site is optimized with the Yoast SEO plugin v26.8 - https:\/\/yoast.com\/product\/yoast-seo-wordpress\/ -->\n<title>Journ\u00e9e d&#039;automne ERBEL 2025 &#8226; ERBEL<\/title>\n<meta name=\"robots\" content=\"index, follow, max-snippet:-1, max-image-preview:large, max-video-preview:-1\" \/>\n<link rel=\"canonical\" href=\"https:\/\/erbel.eus\/fr\/2025\/10\/18\/journee-dautomne-erbel-2025\/\" \/>\n<meta property=\"og:locale\" content=\"fr_FR\" \/>\n<meta property=\"og:type\" content=\"article\" \/>\n<meta property=\"og:title\" content=\"Journ\u00e9e d&#039;automne ERBEL 2025 &#8226; ERBEL\" \/>\n<meta property=\"og:description\" content=\"La Journ\u00e9e de G\u00e9n\u00e9tique et de S\u00e9lection Apicoles aura lieu le 22 novembre 2025. Cette ann\u00e9e encore, nous avons choisi le b\u00e2timent Ataria \u00e0 Salburua (Vitoria-Gasteiz, Araba), un lieu id\u00e9al dans un cadre exceptionnel. Les principaux th\u00e8mes abord\u00e9s lors de la journ\u00e9e seront la s\u00e9lection des abeilles, le r\u00f4le des faux bourdons dans la ruche et le frelon asiatique.\" \/>\n<meta property=\"og:url\" content=\"https:\/\/erbel.eus\/fr\/2025\/10\/18\/journee-dautomne-erbel-2025\/\" \/>\n<meta property=\"og:site_name\" content=\"ERBEL\" \/>\n<meta property=\"article:published_time\" content=\"2025-10-18T08:31:43+00:00\" \/>\n<meta property=\"article:modified_time\" content=\"2025-10-18T08:34:48+00:00\" \/>\n<meta property=\"og:image\" content=\"https:\/\/erbel.eus\/wp-content\/uploads\/2023\/10\/DSC_0113-min.jpg\" \/>\n\t<meta property=\"og:image:width\" content=\"2048\" \/>\n\t<meta property=\"og:image:height\" content=\"1365\" \/>\n\t<meta property=\"og:image:type\" content=\"image\/jpeg\" \/>\n<meta name=\"author\" content=\"Egoitz Galartza\" \/>\n<meta name=\"twitter:card\" content=\"summary_large_image\" \/>\n<meta name=\"twitter:label1\" content=\"\u00c9crit par\" \/>\n\t<meta name=\"twitter:data1\" content=\"Egoitz Galartza\" \/>\n\t<meta name=\"twitter:label2\" content=\"Dur\u00e9e de lecture estim\u00e9e\" \/>\n\t<meta name=\"twitter:data2\" content=\"2 minutes\" \/>\n<script type=\"application\/ld+json\" class=\"yoast-schema-graph\">{\"@context\":\"https:\/\/schema.org\",\"@graph\":[{\"@type\":\"Article\",\"@id\":\"https:\/\/erbel.eus\/fr\/2025\/10\/18\/journee-dautomne-erbel-2025\/#article\",\"isPartOf\":{\"@id\":\"https:\/\/erbel.eus\/fr\/2025\/10\/18\/journee-dautomne-erbel-2025\/\"},\"author\":{\"name\":\"Egoitz Galartza\",\"@id\":\"https:\/\/erbel.eus\/#\/schema\/person\/ff2d1eacc8825f0e87a0d04848349a7c\"},\"headline\":\"Journ\u00e9e d&rsquo;automne ERBEL 2025\",\"datePublished\":\"2025-10-18T08:31:43+00:00\",\"dateModified\":\"2025-10-18T08:34:48+00:00\",\"mainEntityOfPage\":{\"@id\":\"https:\/\/erbel.eus\/fr\/2025\/10\/18\/journee-dautomne-erbel-2025\/\"},\"wordCount\":188,\"publisher\":{\"@id\":\"https:\/\/erbel.eus\/#organization\"},\"image\":{\"@id\":\"https:\/\/erbel.eus\/fr\/2025\/10\/18\/journee-dautomne-erbel-2025\/#primaryimage\"},\"thumbnailUrl\":\"https:\/\/i0.wp.com\/erbel.eus\/wp-content\/uploads\/2023\/10\/DSC_0113-min.jpg?fit=2048%2C1365&ssl=1\",\"articleSection\":[\"Non classifi\u00e9(e)\"],\"inLanguage\":\"fr-FR\"},{\"@type\":\"WebPage\",\"@id\":\"https:\/\/erbel.eus\/fr\/2025\/10\/18\/journee-dautomne-erbel-2025\/\",\"url\":\"https:\/\/erbel.eus\/fr\/2025\/10\/18\/journee-dautomne-erbel-2025\/\",\"name\":\"Journ\u00e9e d'automne ERBEL 2025 &#8226; ERBEL\",\"isPartOf\":{\"@id\":\"https:\/\/erbel.eus\/#website\"},\"primaryImageOfPage\":{\"@id\":\"https:\/\/erbel.eus\/fr\/2025\/10\/18\/journee-dautomne-erbel-2025\/#primaryimage\"},\"image\":{\"@id\":\"https:\/\/erbel.eus\/fr\/2025\/10\/18\/journee-dautomne-erbel-2025\/#primaryimage\"},\"thumbnailUrl\":\"https:\/\/i0.wp.com\/erbel.eus\/wp-content\/uploads\/2023\/10\/DSC_0113-min.jpg?fit=2048%2C1365&ssl=1\",\"datePublished\":\"2025-10-18T08:31:43+00:00\",\"dateModified\":\"2025-10-18T08:34:48+00:00\",\"breadcrumb\":{\"@id\":\"https:\/\/erbel.eus\/fr\/2025\/10\/18\/journee-dautomne-erbel-2025\/#breadcrumb\"},\"inLanguage\":\"fr-FR\",\"potentialAction\":[{\"@type\":\"ReadAction\",\"target\":[\"https:\/\/erbel.eus\/fr\/2025\/10\/18\/journee-dautomne-erbel-2025\/\"]}]},{\"@type\":\"ImageObject\",\"inLanguage\":\"fr-FR\",\"@id\":\"https:\/\/erbel.eus\/fr\/2025\/10\/18\/journee-dautomne-erbel-2025\/#primaryimage\",\"url\":\"https:\/\/i0.wp.com\/erbel.eus\/wp-content\/uploads\/2023\/10\/DSC_0113-min.jpg?fit=2048%2C1365&ssl=1\",\"contentUrl\":\"https:\/\/i0.wp.com\/erbel.eus\/wp-content\/uploads\/2023\/10\/DSC_0113-min.jpg?fit=2048%2C1365&ssl=1\",\"width\":2048,\"height\":1365},{\"@type\":\"BreadcrumbList\",\"@id\":\"https:\/\/erbel.eus\/fr\/2025\/10\/18\/journee-dautomne-erbel-2025\/#breadcrumb\",\"itemListElement\":[{\"@type\":\"ListItem\",\"position\":1,\"name\":\"Home\",\"item\":\"https:\/\/erbel.eus\/\"},{\"@type\":\"ListItem\",\"position\":2,\"name\":\"Journ\u00e9e d&#8217;automne ERBEL 2025\"}]},{\"@type\":\"WebSite\",\"@id\":\"https:\/\/erbel.eus\/#website\",\"url\":\"https:\/\/erbel.eus\/\",\"name\":\"ERBEL\",\"description\":\" Erle Beltz Hazleen Elkartea - Asociacion de criadores de abeja Erle Beltza - Association d&#039;eleveurs d&#039;abeilles Erle Beltza\",\"publisher\":{\"@id\":\"https:\/\/erbel.eus\/#organization\"},\"potentialAction\":[{\"@type\":\"SearchAction\",\"target\":{\"@type\":\"EntryPoint\",\"urlTemplate\":\"https:\/\/erbel.eus\/?s={search_term_string}\"},\"query-input\":{\"@type\":\"PropertyValueSpecification\",\"valueRequired\":true,\"valueName\":\"search_term_string\"}}],\"inLanguage\":\"fr-FR\"},{\"@type\":\"Organization\",\"@id\":\"https:\/\/erbel.eus\/#organization\",\"name\":\"ERBEL Erle Beltza Hazleen Elkartea\",\"url\":\"https:\/\/erbel.eus\/\",\"logo\":{\"@type\":\"ImageObject\",\"inLanguage\":\"fr-FR\",\"@id\":\"https:\/\/erbel.eus\/#\/schema\/logo\/image\/\",\"url\":\"https:\/\/i0.wp.com\/erbel.eus\/wp-content\/uploads\/2019\/05\/erbel_erleak_denak-beltz.png?fit=300%2C316&ssl=1\",\"contentUrl\":\"https:\/\/i0.wp.com\/erbel.eus\/wp-content\/uploads\/2019\/05\/erbel_erleak_denak-beltz.png?fit=300%2C316&ssl=1\",\"width\":300,\"height\":316,\"caption\":\"ERBEL Erle Beltza Hazleen Elkartea\"},\"image\":{\"@id\":\"https:\/\/erbel.eus\/#\/schema\/logo\/image\/\"},\"sameAs\":[\"https:\/\/www.youtube.com\/channel\/UCNkgIS3GnpMESbnykKUIqgw\"]},{\"@type\":\"Person\",\"@id\":\"https:\/\/erbel.eus\/#\/schema\/person\/ff2d1eacc8825f0e87a0d04848349a7c\",\"name\":\"Egoitz Galartza\",\"image\":{\"@type\":\"ImageObject\",\"inLanguage\":\"fr-FR\",\"@id\":\"https:\/\/erbel.eus\/#\/schema\/person\/image\/\",\"url\":\"\/\/www.gravatar.com\/avatar\/2b6f40c945cfbd3dfdb8ec528a7534d9?s=96&#038;r=g&#038;d=mm\",\"contentUrl\":\"\/\/www.gravatar.com\/avatar\/2b6f40c945cfbd3dfdb8ec528a7534d9?s=96&#038;r=g&#038;d=mm\",\"caption\":\"Egoitz Galartza\"}}]}<\/script>\n<!-- \/ Yoast SEO plugin. -->","yoast_head_json":{"title":"Journ\u00e9e d'automne ERBEL 2025 &#8226; ERBEL","robots":{"index":"index","follow":"follow","max-snippet":"max-snippet:-1","max-image-preview":"max-image-preview:large","max-video-preview":"max-video-preview:-1"},"canonical":"https:\/\/erbel.eus\/fr\/2025\/10\/18\/journee-dautomne-erbel-2025\/","og_locale":"fr_FR","og_type":"article","og_title":"Journ\u00e9e d'automne ERBEL 2025 &#8226; ERBEL","og_description":"La Journ\u00e9e de G\u00e9n\u00e9tique et de S\u00e9lection Apicoles aura lieu le 22 novembre 2025. Cette ann\u00e9e encore, nous avons choisi le b\u00e2timent Ataria \u00e0 Salburua (Vitoria-Gasteiz, Araba), un lieu id\u00e9al dans un cadre exceptionnel. Les principaux th\u00e8mes abord\u00e9s lors de la journ\u00e9e seront la s\u00e9lection des abeilles, le r\u00f4le des faux bourdons dans la ruche et le frelon asiatique.","og_url":"https:\/\/erbel.eus\/fr\/2025\/10\/18\/journee-dautomne-erbel-2025\/","og_site_name":"ERBEL","article_published_time":"2025-10-18T08:31:43+00:00","article_modified_time":"2025-10-18T08:34:48+00:00","og_image":[{"width":2048,"height":1365,"url":"https:\/\/erbel.eus\/wp-content\/uploads\/2023\/10\/DSC_0113-min.jpg","type":"image\/jpeg"}],"author":"Egoitz Galartza","twitter_card":"summary_large_image","twitter_misc":{"\u00c9crit par":"Egoitz Galartza","Dur\u00e9e de lecture estim\u00e9e":"2 minutes"},"schema":{"@context":"https:\/\/schema.org","@graph":[{"@type":"Article","@id":"https:\/\/erbel.eus\/fr\/2025\/10\/18\/journee-dautomne-erbel-2025\/#article","isPartOf":{"@id":"https:\/\/erbel.eus\/fr\/2025\/10\/18\/journee-dautomne-erbel-2025\/"},"author":{"name":"Egoitz Galartza","@id":"https:\/\/erbel.eus\/#\/schema\/person\/ff2d1eacc8825f0e87a0d04848349a7c"},"headline":"Journ\u00e9e d&rsquo;automne ERBEL 2025","datePublished":"2025-10-18T08:31:43+00:00","dateModified":"2025-10-18T08:34:48+00:00","mainEntityOfPage":{"@id":"https:\/\/erbel.eus\/fr\/2025\/10\/18\/journee-dautomne-erbel-2025\/"},"wordCount":188,"publisher":{"@id":"https:\/\/erbel.eus\/#organization"},"image":{"@id":"https:\/\/erbel.eus\/fr\/2025\/10\/18\/journee-dautomne-erbel-2025\/#primaryimage"},"thumbnailUrl":"https:\/\/i0.wp.com\/erbel.eus\/wp-content\/uploads\/2023\/10\/DSC_0113-min.jpg?fit=2048%2C1365&ssl=1","articleSection":["Non classifi\u00e9(e)"],"inLanguage":"fr-FR"},{"@type":"WebPage","@id":"https:\/\/erbel.eus\/fr\/2025\/10\/18\/journee-dautomne-erbel-2025\/","url":"https:\/\/erbel.eus\/fr\/2025\/10\/18\/journee-dautomne-erbel-2025\/","name":"Journ\u00e9e d'automne ERBEL 2025 &#8226; ERBEL","isPartOf":{"@id":"https:\/\/erbel.eus\/#website"},"primaryImageOfPage":{"@id":"https:\/\/erbel.eus\/fr\/2025\/10\/18\/journee-dautomne-erbel-2025\/#primaryimage"},"image":{"@id":"https:\/\/erbel.eus\/fr\/2025\/10\/18\/journee-dautomne-erbel-2025\/#primaryimage"},"thumbnailUrl":"https:\/\/i0.wp.com\/erbel.eus\/wp-content\/uploads\/2023\/10\/DSC_0113-min.jpg?fit=2048%2C1365&ssl=1","datePublished":"2025-10-18T08:31:43+00:00","dateModified":"2025-10-18T08:34:48+00:00","breadcrumb":{"@id":"https:\/\/erbel.eus\/fr\/2025\/10\/18\/journee-dautomne-erbel-2025\/#breadcrumb"},"inLanguage":"fr-FR","potentialAction":[{"@type":"ReadAction","target":["https:\/\/erbel.eus\/fr\/2025\/10\/18\/journee-dautomne-erbel-2025\/"]}]},{"@type":"ImageObject","inLanguage":"fr-FR","@id":"https:\/\/erbel.eus\/fr\/2025\/10\/18\/journee-dautomne-erbel-2025\/#primaryimage","url":"https:\/\/i0.wp.com\/erbel.eus\/wp-content\/uploads\/2023\/10\/DSC_0113-min.jpg?fit=2048%2C1365&ssl=1","contentUrl":"https:\/\/i0.wp.com\/erbel.eus\/wp-content\/uploads\/2023\/10\/DSC_0113-min.jpg?fit=2048%2C1365&ssl=1","width":2048,"height":1365},{"@type":"BreadcrumbList","@id":"https:\/\/erbel.eus\/fr\/2025\/10\/18\/journee-dautomne-erbel-2025\/#breadcrumb","itemListElement":[{"@type":"ListItem","position":1,"name":"Home","item":"https:\/\/erbel.eus\/"},{"@type":"ListItem","position":2,"name":"Journ\u00e9e d&#8217;automne ERBEL 2025"}]},{"@type":"WebSite","@id":"https:\/\/erbel.eus\/#website","url":"https:\/\/erbel.eus\/","name":"ERBEL","description":" Erle Beltz Hazleen Elkartea - Asociacion de criadores de abeja Erle Beltza - Association d&#039;eleveurs d&#039;abeilles Erle Beltza","publisher":{"@id":"https:\/\/erbel.eus\/#organization"},"potentialAction":[{"@type":"SearchAction","target":{"@type":"EntryPoint","urlTemplate":"https:\/\/erbel.eus\/?s={search_term_string}"},"query-input":{"@type":"PropertyValueSpecification","valueRequired":true,"valueName":"search_term_string"}}],"inLanguage":"fr-FR"},{"@type":"Organization","@id":"https:\/\/erbel.eus\/#organization","name":"ERBEL Erle Beltza Hazleen Elkartea","url":"https:\/\/erbel.eus\/","logo":{"@type":"ImageObject","inLanguage":"fr-FR","@id":"https:\/\/erbel.eus\/#\/schema\/logo\/image\/","url":"https:\/\/i0.wp.com\/erbel.eus\/wp-content\/uploads\/2019\/05\/erbel_erleak_denak-beltz.png?fit=300%2C316&ssl=1","contentUrl":"https:\/\/i0.wp.com\/erbel.eus\/wp-content\/uploads\/2019\/05\/erbel_erleak_denak-beltz.png?fit=300%2C316&ssl=1","width":300,"height":316,"caption":"ERBEL Erle Beltza Hazleen Elkartea"},"image":{"@id":"https:\/\/erbel.eus\/#\/schema\/logo\/image\/"},"sameAs":["https:\/\/www.youtube.com\/channel\/UCNkgIS3GnpMESbnykKUIqgw"]},{"@type":"Person","@id":"https:\/\/erbel.eus\/#\/schema\/person\/ff2d1eacc8825f0e87a0d04848349a7c","name":"Egoitz Galartza","image":{"@type":"ImageObject","inLanguage":"fr-FR","@id":"https:\/\/erbel.eus\/#\/schema\/person\/image\/","url":"\/\/www.gravatar.com\/avatar\/2b6f40c945cfbd3dfdb8ec528a7534d9?s=96&#038;r=g&#038;d=mm","contentUrl":"\/\/www.gravatar.com\/avatar\/2b6f40c945cfbd3dfdb8ec528a7534d9?s=96&#038;r=g&#038;d=mm","caption":"Egoitz Galartza"}}]}},"jetpack_featured_media_url":"https:\/\/i0.wp.com\/erbel.eus\/wp-content\/uploads\/2023\/10\/DSC_0113-min.jpg?fit=2048%2C1365&ssl=1","jetpack_sharing_enabled":true,"_links":{"self":[{"href":"https:\/\/erbel.eus\/fr\/wp-json\/wp\/v2\/posts\/3640","targetHints":{"allow":["GET"]}}],"collection":[{"href":"https:\/\/erbel.eus\/fr\/wp-json\/wp\/v2\/posts"}],"about":[{"href":"https:\/\/erbel.eus\/fr\/wp-json\/wp\/v2\/types\/post"}],"author":[{"embeddable":true,"href":"https:\/\/erbel.eus\/fr\/wp-json\/wp\/v2\/users\/2"}],"replies":[{"embeddable":true,"href":"https:\/\/erbel.eus\/fr\/wp-json\/wp\/v2\/comments?post=3640"}],"version-history":[{"count":2,"href":"https:\/\/erbel.eus\/fr\/wp-json\/wp\/v2\/posts\/3640\/revisions"}],"predecessor-version":[{"id":3643,"href":"https:\/\/erbel.eus\/fr\/wp-json\/wp\/v2\/posts\/3640\/revisions\/3643"}],"wp:featuredmedia":[{"embeddable":true,"href":"https:\/\/erbel.eus\/fr\/wp-json\/wp\/v2\/media\/2436"}],"wp:attachment":[{"href":"https:\/\/erbel.eus\/fr\/wp-json\/wp\/v2\/media?parent=3640"}],"wp:term":[{"taxonomy":"category","embeddable":true,"href":"https:\/\/erbel.eus\/fr\/wp-json\/wp\/v2\/categories?post=3640"},{"taxonomy":"post_tag","embeddable":true,"href":"https:\/\/erbel.eus\/fr\/wp-json\/wp\/v2\/tags?post=3640"}],"curies":[{"name":"wp","href":"https:\/\/api.w.org\/{rel}","templated":true}]}}