{"id":3359,"date":"2025-07-28T17:29:37","date_gmt":"2025-07-28T16:29:37","guid":{"rendered":"https:\/\/erbel.eus\/2025\/07\/28\/erbel-sera-present-a-apimondia-2025-avec-son-application-erbel-bee-test\/"},"modified":"2025-07-28T17:37:25","modified_gmt":"2025-07-28T16:37:25","slug":"erbel-sera-present-a-apimondia-2025-avec-son-application-erbel-bee-test","status":"publish","type":"post","link":"https:\/\/erbel.eus\/fr\/2025\/07\/28\/erbel-sera-present-a-apimondia-2025-avec-son-application-erbel-bee-test\/","title":{"rendered":"ERBEL sera pr\u00e9sent \u00e0 Apimondia 2025 avec son application ERBEL Bee Test"},"content":{"rendered":"\n<p><strong>Egoitz Galartza Garaialde<\/strong><\/p>\n\n<p>L&rsquo;une des principales activit\u00e9s organis\u00e9es par la F\u00e9d\u00e9ration Apimondia est le Congr\u00e8s international d&rsquo;apiculture, qui se tient tous les deux ans. Cette ann\u00e9e, il se d\u00e9roulera \u00e0 Copenhague en septembre et sera la 49\u1d49 \u00e9dition. Ce congr\u00e8s comprend g\u00e9n\u00e9ralement des pr\u00e9sentations scientifiques, tant orales que sous forme de posters, ainsi qu&rsquo;un espace d\u00e9di\u00e9 \u00e0 tout ce qui concerne l&rsquo;apiculture, appel\u00e9 ApiEXPO. Copenhague sera le point de rencontre des apiculteurs, chercheurs, fabricants de mat\u00e9riel apicole et distributeurs de miel. ERBEL sera \u00e9galement pr\u00e9sent, avec un poster pr\u00e9sentant l&rsquo;application de collecte de donn\u00e9es pour les tests de s\u00e9lection des reines dans le cadre du programme de s\u00e9lection qu&rsquo;il a d\u00e9velopp\u00e9 ces derni\u00e8res ann\u00e9es.<\/p>\n\n<p>Apimondia est la F\u00e9d\u00e9ration internationale des associations d\u2019apiculteurs et d\u2019autres organisations \u0153uvrant dans le secteur apicole depuis 1895. C\u2019est une organisation non gouvernementale qui regroupe des apiculteurs, des fabricants de mat\u00e9riel apicole et un large \u00e9ventail de scientifiques impliqu\u00e9s dans l\u2019apiculture, l\u2019apith\u00e9rapie, la pollinisation, le d\u00e9veloppement et l\u2019\u00e9conomie. Son principal objectif est de faciliter l\u2019\u00e9change d\u2019informations et les discussions entre apiculteurs, scientifiques, commer\u00e7ants de miel, agents de d\u00e9veloppement, techniciens et l\u00e9gislateurs, afin qu\u2019ils puissent s\u2019\u00e9couter, d\u00e9battre et apprendre les uns des autres.<\/p>\n<div class=\"wp-block-image\">\n<figure class=\"aligncenter size-large\"><img data-recalc-dims=\"1\" fetchpriority=\"high\" decoding=\"async\" width=\"1024\" height=\"577\" src=\"https:\/\/i0.wp.com\/erbel.eus\/wp-content\/uploads\/2025\/05\/Pin_Test_2-min.jpg?resize=1024%2C577&#038;ssl=1\" alt=\"\" class=\"wp-image-3297\" srcset=\"https:\/\/i0.wp.com\/erbel.eus\/wp-content\/uploads\/2025\/05\/Pin_Test_2-min-scaled.jpg?resize=1024%2C577&amp;ssl=1 1024w, https:\/\/i0.wp.com\/erbel.eus\/wp-content\/uploads\/2025\/05\/Pin_Test_2-min-scaled.jpg?resize=300%2C169&amp;ssl=1 300w, https:\/\/i0.wp.com\/erbel.eus\/wp-content\/uploads\/2025\/05\/Pin_Test_2-min-scaled.jpg?resize=768%2C433&amp;ssl=1 768w, https:\/\/i0.wp.com\/erbel.eus\/wp-content\/uploads\/2025\/05\/Pin_Test_2-min-scaled.jpg?resize=1536%2C866&amp;ssl=1 1536w, https:\/\/i0.wp.com\/erbel.eus\/wp-content\/uploads\/2025\/05\/Pin_Test_2-min-scaled.jpg?w=2048&amp;ssl=1 2048w\" sizes=\"(max-width: 1024px) 100vw, 1024px\" \/><\/figure><\/div>\n<p>Lors de cette \u00e9dition d\u2019Apimondia, ERBEL pr\u00e9sentera son application de collecte de donn\u00e9es sur les performances pour la s\u00e9lection et l\u2019\u00e9levage de reines, \u00ab\u202fERBEL Bee Test\u202f\u00bb.<\/p>\n\n<p>\u00ab\u00a0El mejoramiento gen\u00e9tico de las poblaciones de abejas es una v\u00eda prometedora para hacer que la apicultura sea m\u00e1s eficiente y sostenible, ya que aumenta la productividad de las colonias, mejora la capacidad de manejo del ganado, ayuda a las poblaciones de abejas a adaptarse a las condiciones ambientales cambiantes, aumenta la resistencia a las enfermedades y juega un papel clave en la conservaci\u00f3n de diferentes poblaciones de <em>Apis mellifera<\/em>.<\/p>\n\n<p>Lors du Congr\u00e8s Apimondia de 1972, des normes pour les tests de performance des colonies ont \u00e9t\u00e9 pr\u00e9sent\u00e9es, et bien qu\u2019elles aient \u00e9t\u00e9 adapt\u00e9es par la suite \u00e0 de nombreux \u00e9gards, le protocole reste valable aujourd\u2019hui. En 1989, le syst\u00e8me BLUP, utilis\u00e9 pour la s\u00e9lection du b\u00e9tail, a \u00e9t\u00e9 adapt\u00e9 aux abeilles mellif\u00e8res, ce qui a permis des avanc\u00e9es significatives de la part des \u00e9leveurs organis\u00e9s via la plateforme web d\u2019estimation de la valeur g\u00e9n\u00e9tique (https:\/\/beebreed.eu) mise \u00e0 disposition par le L\u00e4nderinstitut f\u00fcr Bienenkunde en Allemagne.<\/p>\n\n<p>A pesar de los avances tecnol\u00f3gicos en el procesamiento de grandes cantidades de datos de cr\u00eda, la mayor\u00eda de los apicultores que participan en programas de cr\u00eda y mejoramiento gen\u00e9tico siguen utilizando formularios en papel para registrar los datos de rendimiento. Este m\u00e9todo conlleva una cierta tasa de corrupci\u00f3n de datos debido a errores de escritura, p\u00e9rdida de registros o errores de transmisi\u00f3n.<\/p>\n\n<p>Pour \u00e9viter ces probl\u00e8mes et am\u00e9liorer certains aspects des programmes de s\u00e9lection, nous avons d\u00e9velopp\u00e9 l\u2019application ERBEL Bee Test, afin de pouvoir enregistrer les donn\u00e9es des reines pendant les tests de s\u00e9lection. Cette application permet aux utilisateurs de:<\/p>\n\n<p>a) Collecter les donn\u00e9es de mani\u00e8re organis\u00e9e et claire, <\/p>\n\n<p>b) Charger instantan\u00e9ment les donn\u00e9es sur la plateforme BeeBreed, en \u00e9vitant les erreurs, <\/p>\n\n<p>c) Stocker les donn\u00e9es historiques et les t\u00e9l\u00e9charger en cas de besoin,<\/p>\n\n<p>d) Valider l\u2019exactitude des donn\u00e9es enregistr\u00e9es et alerter les testeurs si un test est mal r\u00e9alis\u00e9, gr\u00e2ce au suivi en temps r\u00e9el de qui r\u00e9alise les tests et comment, <\/p>\n\n<p>e) R\u00e9aliser une pr\u00e9s\u00e9lection des reines \u00e0 mi-parcours du processus de test.<\/p>\n\n<p>Gr\u00e2ce \u00e0 l\u2019utilisation de cette application, la collecte des donn\u00e9es de performance s\u2019am\u00e9liore imm\u00e9diatement, car le travail des testeurs peut \u00eatre supervis\u00e9 et ceux-ci peuvent \u00eatre notifi\u00e9s en cas de mauvaise ex\u00e9cution d\u2019une op\u00e9ration, afin qu\u2019ils puissent la corriger. Ainsi, le programme de s\u00e9lection lui-m\u00eame en b\u00e9n\u00e9ficie \u00e9galement imm\u00e9diatement, gr\u00e2ce \u00e0 une quantit\u00e9 et une qualit\u00e9 accrues des donn\u00e9es recueillies.<\/p>\n\n<p>On se voit \u00e0 Copenhague!<\/p>\n","protected":false},"excerpt":{"rendered":"<p>L\u2019une des principales activit\u00e9s organis\u00e9es par la F\u00e9d\u00e9ration Apimondia est le Congr\u00e8s international d\u2019apiculture, qui a lieu tous les deux ans. Cette ann\u00e9e, il se tiendra \u00e0 Copenhague en septembre et ce sera la 49\u1d49 \u00e9dition. Ce congr\u00e8s comprend g\u00e9n\u00e9ralement des pr\u00e9sentations scientifiques, tant orales que sous forme de posters, ainsi qu\u2019un espace d\u00e9di\u00e9 \u00e0 tout ce qui concerne l\u2019apiculture, appel\u00e9 ApiEXPO. Copenhague sera le point de rencontre des apiculteurs, chercheurs, fabricants de mat\u00e9riel et distributeurs de miel. ERBEL y sera \u00e9galement pr\u00e9sent, avec un poster sur l\u2019application de collecte de donn\u00e9es pour le test des reines, d\u00e9velopp\u00e9e ces derni\u00e8res ann\u00e9es dans le cadre de son programme de s\u00e9lection.<\/p>\n","protected":false},"author":2,"featured_media":3308,"comment_status":"closed","ping_status":"closed","sticky":false,"template":"","format":"standard","meta":{"_bbp_topic_count":0,"_bbp_reply_count":0,"_bbp_total_topic_count":0,"_bbp_total_reply_count":0,"_bbp_voice_count":0,"_bbp_anonymous_reply_count":0,"_bbp_topic_count_hidden":0,"_bbp_reply_count_hidden":0,"_bbp_forum_subforum_count":0,"_jetpack_memberships_contains_paid_content":false,"footnotes":""},"categories":[26,39],"tags":[],"class_list":["post-3359","post","type-post","status-publish","format-standard","has-post-thumbnail","hentry","category-non-classifiee","category-nouvelles","masonry-post","generate-columns","tablet-grid-50","mobile-grid-100","grid-parent","grid-50"],"yoast_head":"<!-- This site is optimized with the Yoast SEO plugin v26.8 - https:\/\/yoast.com\/product\/yoast-seo-wordpress\/ -->\n<title>ERBEL sera pr\u00e9sent \u00e0 Apimondia 2025 avec son application ERBEL Bee Test &#8226; ERBEL<\/title>\n<meta name=\"robots\" content=\"index, follow, max-snippet:-1, max-image-preview:large, max-video-preview:-1\" \/>\n<link rel=\"canonical\" href=\"https:\/\/erbel.eus\/fr\/2025\/07\/28\/erbel-sera-present-a-apimondia-2025-avec-son-application-erbel-bee-test\/\" \/>\n<meta property=\"og:locale\" content=\"fr_FR\" \/>\n<meta property=\"og:type\" content=\"article\" \/>\n<meta property=\"og:title\" content=\"ERBEL sera pr\u00e9sent \u00e0 Apimondia 2025 avec son application ERBEL Bee Test &#8226; ERBEL\" \/>\n<meta property=\"og:description\" content=\"L\u2019une des principales activit\u00e9s organis\u00e9es par la F\u00e9d\u00e9ration Apimondia est le Congr\u00e8s international d\u2019apiculture, qui a lieu tous les deux ans. Cette ann\u00e9e, il se tiendra \u00e0 Copenhague en septembre et ce sera la 49\u1d49 \u00e9dition. Ce congr\u00e8s comprend g\u00e9n\u00e9ralement des pr\u00e9sentations scientifiques, tant orales que sous forme de posters, ainsi qu\u2019un espace d\u00e9di\u00e9 \u00e0 tout ce qui concerne l\u2019apiculture, appel\u00e9 ApiEXPO. Copenhague sera le point de rencontre des apiculteurs, chercheurs, fabricants de mat\u00e9riel et distributeurs de miel. ERBEL y sera \u00e9galement pr\u00e9sent, avec un poster sur l\u2019application de collecte de donn\u00e9es pour le test des reines, d\u00e9velopp\u00e9e ces derni\u00e8res ann\u00e9es dans le cadre de son programme de s\u00e9lection.\" \/>\n<meta property=\"og:url\" content=\"https:\/\/erbel.eus\/fr\/2025\/07\/28\/erbel-sera-present-a-apimondia-2025-avec-son-application-erbel-bee-test\/\" \/>\n<meta property=\"og:site_name\" content=\"ERBEL\" \/>\n<meta property=\"article:published_time\" content=\"2025-07-28T16:29:37+00:00\" \/>\n<meta property=\"article:modified_time\" content=\"2025-07-28T16:37:25+00:00\" \/>\n<meta property=\"og:image\" content=\"https:\/\/erbel.eus\/wp-content\/uploads\/2025\/05\/Itsatsitako-irudia-2.png\" \/>\n\t<meta property=\"og:image:width\" content=\"5542\" \/>\n\t<meta property=\"og:image:height\" content=\"784\" \/>\n\t<meta property=\"og:image:type\" content=\"image\/png\" \/>\n<meta name=\"author\" content=\"Egoitz Galartza\" \/>\n<meta name=\"twitter:card\" content=\"summary_large_image\" \/>\n<meta name=\"twitter:label1\" content=\"\u00c9crit par\" \/>\n\t<meta name=\"twitter:data1\" content=\"Egoitz Galartza\" \/>\n\t<meta name=\"twitter:label2\" content=\"Dur\u00e9e de lecture estim\u00e9e\" \/>\n\t<meta name=\"twitter:data2\" content=\"4 minutes\" \/>\n<script type=\"application\/ld+json\" class=\"yoast-schema-graph\">{\"@context\":\"https:\/\/schema.org\",\"@graph\":[{\"@type\":\"Article\",\"@id\":\"https:\/\/erbel.eus\/fr\/2025\/07\/28\/erbel-sera-present-a-apimondia-2025-avec-son-application-erbel-bee-test\/#article\",\"isPartOf\":{\"@id\":\"https:\/\/erbel.eus\/fr\/2025\/07\/28\/erbel-sera-present-a-apimondia-2025-avec-son-application-erbel-bee-test\/\"},\"author\":{\"name\":\"Egoitz Galartza\",\"@id\":\"https:\/\/erbel.eus\/#\/schema\/person\/ff2d1eacc8825f0e87a0d04848349a7c\"},\"headline\":\"ERBEL sera pr\u00e9sent \u00e0 Apimondia 2025 avec son application ERBEL Bee Test\",\"datePublished\":\"2025-07-28T16:29:37+00:00\",\"dateModified\":\"2025-07-28T16:37:25+00:00\",\"mainEntityOfPage\":{\"@id\":\"https:\/\/erbel.eus\/fr\/2025\/07\/28\/erbel-sera-present-a-apimondia-2025-avec-son-application-erbel-bee-test\/\"},\"wordCount\":745,\"publisher\":{\"@id\":\"https:\/\/erbel.eus\/#organization\"},\"image\":{\"@id\":\"https:\/\/erbel.eus\/fr\/2025\/07\/28\/erbel-sera-present-a-apimondia-2025-avec-son-application-erbel-bee-test\/#primaryimage\"},\"thumbnailUrl\":\"https:\/\/i0.wp.com\/erbel.eus\/wp-content\/uploads\/2025\/05\/Itsatsitako-irudia-2.png?fit=5542%2C784&ssl=1\",\"articleSection\":[\"Non classifi\u00e9(e)\",\"nouvelles\"],\"inLanguage\":\"fr-FR\"},{\"@type\":\"WebPage\",\"@id\":\"https:\/\/erbel.eus\/fr\/2025\/07\/28\/erbel-sera-present-a-apimondia-2025-avec-son-application-erbel-bee-test\/\",\"url\":\"https:\/\/erbel.eus\/fr\/2025\/07\/28\/erbel-sera-present-a-apimondia-2025-avec-son-application-erbel-bee-test\/\",\"name\":\"ERBEL sera pr\u00e9sent \u00e0 Apimondia 2025 avec son application ERBEL Bee Test &#8226; ERBEL\",\"isPartOf\":{\"@id\":\"https:\/\/erbel.eus\/#website\"},\"primaryImageOfPage\":{\"@id\":\"https:\/\/erbel.eus\/fr\/2025\/07\/28\/erbel-sera-present-a-apimondia-2025-avec-son-application-erbel-bee-test\/#primaryimage\"},\"image\":{\"@id\":\"https:\/\/erbel.eus\/fr\/2025\/07\/28\/erbel-sera-present-a-apimondia-2025-avec-son-application-erbel-bee-test\/#primaryimage\"},\"thumbnailUrl\":\"https:\/\/i0.wp.com\/erbel.eus\/wp-content\/uploads\/2025\/05\/Itsatsitako-irudia-2.png?fit=5542%2C784&ssl=1\",\"datePublished\":\"2025-07-28T16:29:37+00:00\",\"dateModified\":\"2025-07-28T16:37:25+00:00\",\"breadcrumb\":{\"@id\":\"https:\/\/erbel.eus\/fr\/2025\/07\/28\/erbel-sera-present-a-apimondia-2025-avec-son-application-erbel-bee-test\/#breadcrumb\"},\"inLanguage\":\"fr-FR\",\"potentialAction\":[{\"@type\":\"ReadAction\",\"target\":[\"https:\/\/erbel.eus\/fr\/2025\/07\/28\/erbel-sera-present-a-apimondia-2025-avec-son-application-erbel-bee-test\/\"]}]},{\"@type\":\"ImageObject\",\"inLanguage\":\"fr-FR\",\"@id\":\"https:\/\/erbel.eus\/fr\/2025\/07\/28\/erbel-sera-present-a-apimondia-2025-avec-son-application-erbel-bee-test\/#primaryimage\",\"url\":\"https:\/\/i0.wp.com\/erbel.eus\/wp-content\/uploads\/2025\/05\/Itsatsitako-irudia-2.png?fit=5542%2C784&ssl=1\",\"contentUrl\":\"https:\/\/i0.wp.com\/erbel.eus\/wp-content\/uploads\/2025\/05\/Itsatsitako-irudia-2.png?fit=5542%2C784&ssl=1\",\"width\":5542,\"height\":784},{\"@type\":\"BreadcrumbList\",\"@id\":\"https:\/\/erbel.eus\/fr\/2025\/07\/28\/erbel-sera-present-a-apimondia-2025-avec-son-application-erbel-bee-test\/#breadcrumb\",\"itemListElement\":[{\"@type\":\"ListItem\",\"position\":1,\"name\":\"Home\",\"item\":\"https:\/\/erbel.eus\/\"},{\"@type\":\"ListItem\",\"position\":2,\"name\":\"ERBEL sera pr\u00e9sent \u00e0 Apimondia 2025 avec son application ERBEL Bee Test\"}]},{\"@type\":\"WebSite\",\"@id\":\"https:\/\/erbel.eus\/#website\",\"url\":\"https:\/\/erbel.eus\/\",\"name\":\"ERBEL\",\"description\":\" Erle Beltz Hazleen Elkartea - Asociacion de criadores de abeja Erle Beltza - Association d&#039;eleveurs d&#039;abeilles Erle Beltza\",\"publisher\":{\"@id\":\"https:\/\/erbel.eus\/#organization\"},\"potentialAction\":[{\"@type\":\"SearchAction\",\"target\":{\"@type\":\"EntryPoint\",\"urlTemplate\":\"https:\/\/erbel.eus\/?s={search_term_string}\"},\"query-input\":{\"@type\":\"PropertyValueSpecification\",\"valueRequired\":true,\"valueName\":\"search_term_string\"}}],\"inLanguage\":\"fr-FR\"},{\"@type\":\"Organization\",\"@id\":\"https:\/\/erbel.eus\/#organization\",\"name\":\"ERBEL Erle Beltza Hazleen Elkartea\",\"url\":\"https:\/\/erbel.eus\/\",\"logo\":{\"@type\":\"ImageObject\",\"inLanguage\":\"fr-FR\",\"@id\":\"https:\/\/erbel.eus\/#\/schema\/logo\/image\/\",\"url\":\"https:\/\/i0.wp.com\/erbel.eus\/wp-content\/uploads\/2019\/05\/erbel_erleak_denak-beltz.png?fit=300%2C316&ssl=1\",\"contentUrl\":\"https:\/\/i0.wp.com\/erbel.eus\/wp-content\/uploads\/2019\/05\/erbel_erleak_denak-beltz.png?fit=300%2C316&ssl=1\",\"width\":300,\"height\":316,\"caption\":\"ERBEL Erle Beltza Hazleen Elkartea\"},\"image\":{\"@id\":\"https:\/\/erbel.eus\/#\/schema\/logo\/image\/\"},\"sameAs\":[\"https:\/\/www.youtube.com\/channel\/UCNkgIS3GnpMESbnykKUIqgw\"]},{\"@type\":\"Person\",\"@id\":\"https:\/\/erbel.eus\/#\/schema\/person\/ff2d1eacc8825f0e87a0d04848349a7c\",\"name\":\"Egoitz Galartza\",\"image\":{\"@type\":\"ImageObject\",\"inLanguage\":\"fr-FR\",\"@id\":\"https:\/\/erbel.eus\/#\/schema\/person\/image\/\",\"url\":\"\/\/www.gravatar.com\/avatar\/2b6f40c945cfbd3dfdb8ec528a7534d9?s=96&#038;r=g&#038;d=mm\",\"contentUrl\":\"\/\/www.gravatar.com\/avatar\/2b6f40c945cfbd3dfdb8ec528a7534d9?s=96&#038;r=g&#038;d=mm\",\"caption\":\"Egoitz Galartza\"}}]}<\/script>\n<!-- \/ Yoast SEO plugin. -->","yoast_head_json":{"title":"ERBEL sera pr\u00e9sent \u00e0 Apimondia 2025 avec son application ERBEL Bee Test &#8226; ERBEL","robots":{"index":"index","follow":"follow","max-snippet":"max-snippet:-1","max-image-preview":"max-image-preview:large","max-video-preview":"max-video-preview:-1"},"canonical":"https:\/\/erbel.eus\/fr\/2025\/07\/28\/erbel-sera-present-a-apimondia-2025-avec-son-application-erbel-bee-test\/","og_locale":"fr_FR","og_type":"article","og_title":"ERBEL sera pr\u00e9sent \u00e0 Apimondia 2025 avec son application ERBEL Bee Test &#8226; ERBEL","og_description":"L\u2019une des principales activit\u00e9s organis\u00e9es par la F\u00e9d\u00e9ration Apimondia est le Congr\u00e8s international d\u2019apiculture, qui a lieu tous les deux ans. Cette ann\u00e9e, il se tiendra \u00e0 Copenhague en septembre et ce sera la 49\u1d49 \u00e9dition. Ce congr\u00e8s comprend g\u00e9n\u00e9ralement des pr\u00e9sentations scientifiques, tant orales que sous forme de posters, ainsi qu\u2019un espace d\u00e9di\u00e9 \u00e0 tout ce qui concerne l\u2019apiculture, appel\u00e9 ApiEXPO. Copenhague sera le point de rencontre des apiculteurs, chercheurs, fabricants de mat\u00e9riel et distributeurs de miel. ERBEL y sera \u00e9galement pr\u00e9sent, avec un poster sur l\u2019application de collecte de donn\u00e9es pour le test des reines, d\u00e9velopp\u00e9e ces derni\u00e8res ann\u00e9es dans le cadre de son programme de s\u00e9lection.","og_url":"https:\/\/erbel.eus\/fr\/2025\/07\/28\/erbel-sera-present-a-apimondia-2025-avec-son-application-erbel-bee-test\/","og_site_name":"ERBEL","article_published_time":"2025-07-28T16:29:37+00:00","article_modified_time":"2025-07-28T16:37:25+00:00","og_image":[{"width":5542,"height":784,"url":"https:\/\/erbel.eus\/wp-content\/uploads\/2025\/05\/Itsatsitako-irudia-2.png","type":"image\/png"}],"author":"Egoitz Galartza","twitter_card":"summary_large_image","twitter_misc":{"\u00c9crit par":"Egoitz Galartza","Dur\u00e9e de lecture estim\u00e9e":"4 minutes"},"schema":{"@context":"https:\/\/schema.org","@graph":[{"@type":"Article","@id":"https:\/\/erbel.eus\/fr\/2025\/07\/28\/erbel-sera-present-a-apimondia-2025-avec-son-application-erbel-bee-test\/#article","isPartOf":{"@id":"https:\/\/erbel.eus\/fr\/2025\/07\/28\/erbel-sera-present-a-apimondia-2025-avec-son-application-erbel-bee-test\/"},"author":{"name":"Egoitz Galartza","@id":"https:\/\/erbel.eus\/#\/schema\/person\/ff2d1eacc8825f0e87a0d04848349a7c"},"headline":"ERBEL sera pr\u00e9sent \u00e0 Apimondia 2025 avec son application ERBEL Bee Test","datePublished":"2025-07-28T16:29:37+00:00","dateModified":"2025-07-28T16:37:25+00:00","mainEntityOfPage":{"@id":"https:\/\/erbel.eus\/fr\/2025\/07\/28\/erbel-sera-present-a-apimondia-2025-avec-son-application-erbel-bee-test\/"},"wordCount":745,"publisher":{"@id":"https:\/\/erbel.eus\/#organization"},"image":{"@id":"https:\/\/erbel.eus\/fr\/2025\/07\/28\/erbel-sera-present-a-apimondia-2025-avec-son-application-erbel-bee-test\/#primaryimage"},"thumbnailUrl":"https:\/\/i0.wp.com\/erbel.eus\/wp-content\/uploads\/2025\/05\/Itsatsitako-irudia-2.png?fit=5542%2C784&ssl=1","articleSection":["Non classifi\u00e9(e)","nouvelles"],"inLanguage":"fr-FR"},{"@type":"WebPage","@id":"https:\/\/erbel.eus\/fr\/2025\/07\/28\/erbel-sera-present-a-apimondia-2025-avec-son-application-erbel-bee-test\/","url":"https:\/\/erbel.eus\/fr\/2025\/07\/28\/erbel-sera-present-a-apimondia-2025-avec-son-application-erbel-bee-test\/","name":"ERBEL sera pr\u00e9sent \u00e0 Apimondia 2025 avec son application ERBEL Bee Test &#8226; ERBEL","isPartOf":{"@id":"https:\/\/erbel.eus\/#website"},"primaryImageOfPage":{"@id":"https:\/\/erbel.eus\/fr\/2025\/07\/28\/erbel-sera-present-a-apimondia-2025-avec-son-application-erbel-bee-test\/#primaryimage"},"image":{"@id":"https:\/\/erbel.eus\/fr\/2025\/07\/28\/erbel-sera-present-a-apimondia-2025-avec-son-application-erbel-bee-test\/#primaryimage"},"thumbnailUrl":"https:\/\/i0.wp.com\/erbel.eus\/wp-content\/uploads\/2025\/05\/Itsatsitako-irudia-2.png?fit=5542%2C784&ssl=1","datePublished":"2025-07-28T16:29:37+00:00","dateModified":"2025-07-28T16:37:25+00:00","breadcrumb":{"@id":"https:\/\/erbel.eus\/fr\/2025\/07\/28\/erbel-sera-present-a-apimondia-2025-avec-son-application-erbel-bee-test\/#breadcrumb"},"inLanguage":"fr-FR","potentialAction":[{"@type":"ReadAction","target":["https:\/\/erbel.eus\/fr\/2025\/07\/28\/erbel-sera-present-a-apimondia-2025-avec-son-application-erbel-bee-test\/"]}]},{"@type":"ImageObject","inLanguage":"fr-FR","@id":"https:\/\/erbel.eus\/fr\/2025\/07\/28\/erbel-sera-present-a-apimondia-2025-avec-son-application-erbel-bee-test\/#primaryimage","url":"https:\/\/i0.wp.com\/erbel.eus\/wp-content\/uploads\/2025\/05\/Itsatsitako-irudia-2.png?fit=5542%2C784&ssl=1","contentUrl":"https:\/\/i0.wp.com\/erbel.eus\/wp-content\/uploads\/2025\/05\/Itsatsitako-irudia-2.png?fit=5542%2C784&ssl=1","width":5542,"height":784},{"@type":"BreadcrumbList","@id":"https:\/\/erbel.eus\/fr\/2025\/07\/28\/erbel-sera-present-a-apimondia-2025-avec-son-application-erbel-bee-test\/#breadcrumb","itemListElement":[{"@type":"ListItem","position":1,"name":"Home","item":"https:\/\/erbel.eus\/"},{"@type":"ListItem","position":2,"name":"ERBEL sera pr\u00e9sent \u00e0 Apimondia 2025 avec son application ERBEL Bee Test"}]},{"@type":"WebSite","@id":"https:\/\/erbel.eus\/#website","url":"https:\/\/erbel.eus\/","name":"ERBEL","description":" Erle Beltz Hazleen Elkartea - Asociacion de criadores de abeja Erle Beltza - Association d&#039;eleveurs d&#039;abeilles Erle Beltza","publisher":{"@id":"https:\/\/erbel.eus\/#organization"},"potentialAction":[{"@type":"SearchAction","target":{"@type":"EntryPoint","urlTemplate":"https:\/\/erbel.eus\/?s={search_term_string}"},"query-input":{"@type":"PropertyValueSpecification","valueRequired":true,"valueName":"search_term_string"}}],"inLanguage":"fr-FR"},{"@type":"Organization","@id":"https:\/\/erbel.eus\/#organization","name":"ERBEL Erle Beltza Hazleen Elkartea","url":"https:\/\/erbel.eus\/","logo":{"@type":"ImageObject","inLanguage":"fr-FR","@id":"https:\/\/erbel.eus\/#\/schema\/logo\/image\/","url":"https:\/\/i0.wp.com\/erbel.eus\/wp-content\/uploads\/2019\/05\/erbel_erleak_denak-beltz.png?fit=300%2C316&ssl=1","contentUrl":"https:\/\/i0.wp.com\/erbel.eus\/wp-content\/uploads\/2019\/05\/erbel_erleak_denak-beltz.png?fit=300%2C316&ssl=1","width":300,"height":316,"caption":"ERBEL Erle Beltza Hazleen Elkartea"},"image":{"@id":"https:\/\/erbel.eus\/#\/schema\/logo\/image\/"},"sameAs":["https:\/\/www.youtube.com\/channel\/UCNkgIS3GnpMESbnykKUIqgw"]},{"@type":"Person","@id":"https:\/\/erbel.eus\/#\/schema\/person\/ff2d1eacc8825f0e87a0d04848349a7c","name":"Egoitz Galartza","image":{"@type":"ImageObject","inLanguage":"fr-FR","@id":"https:\/\/erbel.eus\/#\/schema\/person\/image\/","url":"\/\/www.gravatar.com\/avatar\/2b6f40c945cfbd3dfdb8ec528a7534d9?s=96&#038;r=g&#038;d=mm","contentUrl":"\/\/www.gravatar.com\/avatar\/2b6f40c945cfbd3dfdb8ec528a7534d9?s=96&#038;r=g&#038;d=mm","caption":"Egoitz Galartza"}}]}},"jetpack_featured_media_url":"https:\/\/i0.wp.com\/erbel.eus\/wp-content\/uploads\/2025\/05\/Itsatsitako-irudia-2.png?fit=5542%2C784&ssl=1","jetpack_sharing_enabled":true,"_links":{"self":[{"href":"https:\/\/erbel.eus\/fr\/wp-json\/wp\/v2\/posts\/3359","targetHints":{"allow":["GET"]}}],"collection":[{"href":"https:\/\/erbel.eus\/fr\/wp-json\/wp\/v2\/posts"}],"about":[{"href":"https:\/\/erbel.eus\/fr\/wp-json\/wp\/v2\/types\/post"}],"author":[{"embeddable":true,"href":"https:\/\/erbel.eus\/fr\/wp-json\/wp\/v2\/users\/2"}],"replies":[{"embeddable":true,"href":"https:\/\/erbel.eus\/fr\/wp-json\/wp\/v2\/comments?post=3359"}],"version-history":[{"count":11,"href":"https:\/\/erbel.eus\/fr\/wp-json\/wp\/v2\/posts\/3359\/revisions"}],"predecessor-version":[{"id":3370,"href":"https:\/\/erbel.eus\/fr\/wp-json\/wp\/v2\/posts\/3359\/revisions\/3370"}],"wp:featuredmedia":[{"embeddable":true,"href":"https:\/\/erbel.eus\/fr\/wp-json\/wp\/v2\/media\/3308"}],"wp:attachment":[{"href":"https:\/\/erbel.eus\/fr\/wp-json\/wp\/v2\/media?parent=3359"}],"wp:term":[{"taxonomy":"category","embeddable":true,"href":"https:\/\/erbel.eus\/fr\/wp-json\/wp\/v2\/categories?post=3359"},{"taxonomy":"post_tag","embeddable":true,"href":"https:\/\/erbel.eus\/fr\/wp-json\/wp\/v2\/tags?post=3359"}],"curies":[{"name":"wp","href":"https:\/\/api.w.org\/{rel}","templated":true}]}}