{"id":3225,"date":"2025-02-26T17:42:56","date_gmt":"2025-02-26T16:42:56","guid":{"rendered":"https:\/\/erbel.eus\/2025\/02\/26\/projet-erle-tek\/"},"modified":"2025-02-26T17:42:56","modified_gmt":"2025-02-26T16:42:56","slug":"projet-erle-tek","status":"publish","type":"post","link":"https:\/\/erbel.eus\/fr\/2025\/02\/26\/projet-erle-tek\/","title":{"rendered":"Projet ERLE-TEK"},"content":{"rendered":"\n<p><strong>Egoitz Galartza Garaialde<\/strong><\/p>\n\n<p>L\u2019abeille noire locale est une sous-esp\u00e8ce menac\u00e9e par l\u2019introduction d\u2019abeilles \u00e9trang\u00e8res telles que la Buckfast (un multi-hybride commercial), la Carnica (abeille des Balkans) ou la Ligustica (abeille italienne). Bien que ces races puissent offrir des avantages apparents, comme une production accrue ou un temp\u00e9rament plus docile, elles ne sont pas adapt\u00e9es \u00e0 l\u2019environnement local, ce qui les rend moins r\u00e9sistantes aux conditions sp\u00e9cifiques de la r\u00e9gion. Cette situation entra\u00eene une hybridation non souhait\u00e9e qui met en p\u00e9ril la puret\u00e9 g\u00e9n\u00e9tique et la r\u00e9silience intrins\u00e8que de l\u2019abeille noire locale.<\/p>\n\n<p>Pour contrer cette menace, ERBEL d\u00e9veloppe depuis plusieurs ann\u00e9es un programme de s\u00e9lection g\u00e9n\u00e9tique visant \u00e0 renforcer les caract\u00e9ristiques souhait\u00e9es de l\u2019abeille noire tout en pr\u00e9servant son adaptation naturelle. Ce travail de long terme n\u00e9cessite l\u2019\u00e9levage et la s\u00e9lection minutieuse de reines, en utilisant des m\u00e9thodes et technologies avanc\u00e9es, int\u00e9gr\u00e9es avec succ\u00e8s dans le projet ERBELGEN (voir article sur ce m\u00eame site).<\/p>\n\n<p>Dans cette nouvelle phase, l\u2019objectif est d\u2019acc\u00e9l\u00e9rer le processus de s\u00e9lection de mani\u00e8re innovante, en combinant la s\u00e9lection g\u00e9n\u00e9tique traditionnelle avec des technologies de surveillance avanc\u00e9es. Cela inclut l\u2019utilisation de capteurs et de cam\u00e9ras pour observer la ponte des faux-bourdons et d\u00e9tecter proactivement les probl\u00e8mes sanitaires. La combinaison de ces technologies permettra d\u2019acc\u00e9l\u00e9rer consid\u00e9rablement le processus de s\u00e9lection, afin d\u2019am\u00e9liorer les caract\u00e9ristiques de l\u2019abeille noire en lui apportant des qualit\u00e9s recherch\u00e9es par les apiculteurs, comme la docilit\u00e9 ou une production accrue, sans compromettre sa r\u00e9sistance ni sa capacit\u00e9 d\u2019adaptation \u00e0 l\u2019environnement local. Ainsi, la sant\u00e9 des ruches sera pr\u00e9serv\u00e9e, optimisant leur r\u00f4le dans la pollinisation des cultures essentielles \u00e0 la durabilit\u00e9 agricole de la r\u00e9gion.<\/p>\n\n<p>Dans cette optique, le projet\u00a0ERLE-TEK, S\u00e9lection G\u00e9n\u00e9tique de l\u2019Abeille Noire Locale pour sa Conservation et son Am\u00e9lioration Sanitaire via la Surveillance Intelligente, a \u00e9t\u00e9 pr\u00e9sent\u00e9 avec l\u2019ambition d\u2019acc\u00e9l\u00e9rer les cycles d\u2019am\u00e9lioration de l\u2019abeille noire locale, en int\u00e9grant des techniques avanc\u00e9es de s\u00e9lection g\u00e9n\u00e9tique avec des outils de surveillance de haute pr\u00e9cision. &#13;\nCette approche permettra de r\u00e9duire les pertes et les incertitudes, favorisant ainsi une s\u00e9lection plus rapide et plus efficace et renfor\u00e7ant la comp\u00e9titivit\u00e9 de l\u2019abeille noire face aux races \u00e9trang\u00e8res.<\/p>\n\n<p>Les r\u00e9sultats attendus incluent:<\/p>\n\n<p>1- La capacit\u00e9 d\u2019identifier le d\u00e9but de la ponte des faux-bourdons, essentielle pour synchroniser l\u2019\u00e9levage des reines et optimiser la reproduction.<\/p>\n\n<p>2- La possibilit\u00e9 de v\u00e9rifier la pr\u00e9sence de faux-bourdons matures pendant toute la p\u00e9riode d\u2019accouplement des reines.<\/p>\n\n<p>3- L\u2019identification des facteurs climatiques influen\u00e7ant l\u2019\u00e9levage continu des faux-bourdons.<\/p>\n\n<p>4- La d\u00e9tection pr\u00e9coce des maladies affectant le couvain, facilitant des interventions rapides et efficaces.<\/p>\n\n<p>5- L\u2019aboutissement au\u00a0TRL9\u00a0d\u2019un nouveau produit de surveillance vid\u00e9o, soutenu par une analyse d\u2019intelligence artificielle int\u00e9gr\u00e9e \u00e0 la ruche.<\/p>\n\n<p>Le projet\u00a0ERLE-TEK\u00a0a \u00e9t\u00e9 s\u00e9lectionn\u00e9 par l\u2019Euror\u00e9gion Nouvelle-Aquitaine \u2013 Euskadi \u2013 Navarre, qui soutient des projets r\u00e9gionaux dans des domaines vari\u00e9s tels que l\u2019\u00e9conomie, l\u2019emploi, l\u2019\u00e9ducation, la mobilit\u00e9, l\u2019environnement, etc. Les participants au projet sont\u00a0ERBEL\u00a0(chef de projet), l\u2019entreprise\u00a0BroodMinder, sp\u00e9cialis\u00e9e dans la surveillance \u00e0 distance des ruches, et l\u2019Association des Apiculteurs de Navarre APIDENA.<\/p>\n\n<p>La premi\u00e8re phase du projet a d\u00e9j\u00e0 d\u00e9but\u00e9 avec la pr\u00e9paration des ruchers et l\u2019installation de balances et de capteurs dans les ruches.<\/p>\n\n<figure class=\"wp-block-image alignwide size-large\"><img data-recalc-dims=\"1\" fetchpriority=\"high\" decoding=\"async\" width=\"1024\" height=\"576\" src=\"https:\/\/i0.wp.com\/erbel.eus\/wp-content\/uploads\/2025\/02\/WhatsApp-Image-2025-02-21-at-17.36.40.jpeg?resize=1024%2C576&#038;ssl=1\" alt=\"\" class=\"wp-image-3204\" srcset=\"https:\/\/i0.wp.com\/erbel.eus\/wp-content\/uploads\/2025\/02\/WhatsApp-Image-2025-02-21-at-17.36.40.jpeg?resize=1024%2C576&amp;ssl=1 1024w, https:\/\/i0.wp.com\/erbel.eus\/wp-content\/uploads\/2025\/02\/WhatsApp-Image-2025-02-21-at-17.36.40.jpeg?resize=300%2C169&amp;ssl=1 300w, https:\/\/i0.wp.com\/erbel.eus\/wp-content\/uploads\/2025\/02\/WhatsApp-Image-2025-02-21-at-17.36.40.jpeg?resize=768%2C432&amp;ssl=1 768w, https:\/\/i0.wp.com\/erbel.eus\/wp-content\/uploads\/2025\/02\/WhatsApp-Image-2025-02-21-at-17.36.40.jpeg?resize=1536%2C864&amp;ssl=1 1536w, https:\/\/i0.wp.com\/erbel.eus\/wp-content\/uploads\/2025\/02\/WhatsApp-Image-2025-02-21-at-17.36.40.jpeg?w=1920&amp;ssl=1 1920w\" sizes=\"(max-width: 1024px) 100vw, 1024px\" \/><\/figure>\n","protected":false},"excerpt":{"rendered":"<p>L\u2019abeille noire locale est une sous-esp\u00e8ce menac\u00e9e par l\u2019introduction d\u2019abeilles \u00e9trang\u00e8res telles que la Buckfast (un multi-hybride commercial), la Carnica (abeille des Balkans) ou la Ligustica (abeille italienne). Bien que ces races puissent offrir des avantages apparents, comme une production accrue ou un temp\u00e9rament plus docile, elles ne sont pas adapt\u00e9es \u00e0 l\u2019environnement local, ce qui les rend moins r\u00e9sistantes aux conditions sp\u00e9cifiques de la r\u00e9gion. Cette situation entra\u00eene une hybridation non souhait\u00e9e qui met en p\u00e9ril la puret\u00e9 g\u00e9n\u00e9tique et la r\u00e9silience intrins\u00e8que de l\u2019abeille noire locale.<br \/>\nPour contrer cette menace, ERBEL d\u00e9veloppe depuis plusieurs ann\u00e9es un programme de s\u00e9lection g\u00e9n\u00e9tique visant \u00e0 renforcer les caract\u00e9ristiques souhait\u00e9es de l\u2019abeille noire tout en pr\u00e9servant son adaptation naturelle. Ce travail de long terme n\u00e9cessite l\u2019\u00e9levage et la s\u00e9lection minutieuse de reines, en utilisant des m\u00e9thodes et technologies avanc\u00e9es, int\u00e9gr\u00e9es avec succ\u00e8s dans le projet ERBELGEN (voir article sur ce m\u00eame site).<\/p>\n","protected":false},"author":2,"featured_media":1722,"comment_status":"closed","ping_status":"closed","sticky":false,"template":"","format":"standard","meta":{"_bbp_topic_count":0,"_bbp_reply_count":0,"_bbp_total_topic_count":0,"_bbp_total_reply_count":0,"_bbp_voice_count":0,"_bbp_anonymous_reply_count":0,"_bbp_topic_count_hidden":0,"_bbp_reply_count_hidden":0,"_bbp_forum_subforum_count":0,"_jetpack_memberships_contains_paid_content":false,"footnotes":""},"categories":[39],"tags":[],"class_list":["post-3225","post","type-post","status-publish","format-standard","has-post-thumbnail","hentry","category-nouvelles","masonry-post","generate-columns","tablet-grid-50","mobile-grid-100","grid-parent","grid-50"],"yoast_head":"<!-- This site is optimized with the Yoast SEO plugin v26.8 - https:\/\/yoast.com\/product\/yoast-seo-wordpress\/ -->\n<title>Projet ERLE-TEK &#8226; ERBEL<\/title>\n<meta name=\"robots\" content=\"index, follow, max-snippet:-1, max-image-preview:large, max-video-preview:-1\" \/>\n<link rel=\"canonical\" href=\"https:\/\/erbel.eus\/fr\/2025\/02\/26\/projet-erle-tek\/\" \/>\n<meta property=\"og:locale\" content=\"fr_FR\" \/>\n<meta property=\"og:type\" content=\"article\" \/>\n<meta property=\"og:title\" content=\"Projet ERLE-TEK &#8226; ERBEL\" \/>\n<meta property=\"og:description\" content=\"L\u2019abeille noire locale est une sous-esp\u00e8ce menac\u00e9e par l\u2019introduction d\u2019abeilles \u00e9trang\u00e8res telles que la Buckfast (un multi-hybride commercial), la Carnica (abeille des Balkans) ou la Ligustica (abeille italienne). Bien que ces races puissent offrir des avantages apparents, comme une production accrue ou un temp\u00e9rament plus docile, elles ne sont pas adapt\u00e9es \u00e0 l\u2019environnement local, ce qui les rend moins r\u00e9sistantes aux conditions sp\u00e9cifiques de la r\u00e9gion. Cette situation entra\u00eene une hybridation non souhait\u00e9e qui met en p\u00e9ril la puret\u00e9 g\u00e9n\u00e9tique et la r\u00e9silience intrins\u00e8que de l\u2019abeille noire locale. Pour contrer cette menace, ERBEL d\u00e9veloppe depuis plusieurs ann\u00e9es un programme de s\u00e9lection g\u00e9n\u00e9tique visant \u00e0 renforcer les caract\u00e9ristiques souhait\u00e9es de l\u2019abeille noire tout en pr\u00e9servant son adaptation naturelle. Ce travail de long terme n\u00e9cessite l\u2019\u00e9levage et la s\u00e9lection minutieuse de reines, en utilisant des m\u00e9thodes et technologies avanc\u00e9es, int\u00e9gr\u00e9es avec succ\u00e8s dans le projet ERBELGEN (voir article sur ce m\u00eame site).\" \/>\n<meta property=\"og:url\" content=\"https:\/\/erbel.eus\/fr\/2025\/02\/26\/projet-erle-tek\/\" \/>\n<meta property=\"og:site_name\" content=\"ERBEL\" \/>\n<meta property=\"article:published_time\" content=\"2025-02-26T16:42:56+00:00\" \/>\n<meta property=\"og:image\" content=\"https:\/\/erbel.eus\/wp-content\/uploads\/2020\/12\/NAEN_LOGO_GENERIQUE_MONOCHROME_BLEU.png\" \/>\n\t<meta property=\"og:image:width\" content=\"3508\" \/>\n\t<meta property=\"og:image:height\" content=\"2481\" \/>\n\t<meta property=\"og:image:type\" content=\"image\/png\" \/>\n<meta name=\"author\" content=\"Egoitz Galartza\" \/>\n<meta name=\"twitter:card\" content=\"summary_large_image\" \/>\n<meta name=\"twitter:label1\" content=\"\u00c9crit par\" \/>\n\t<meta name=\"twitter:data1\" content=\"Egoitz Galartza\" \/>\n\t<meta name=\"twitter:label2\" content=\"Dur\u00e9e de lecture estim\u00e9e\" \/>\n\t<meta name=\"twitter:data2\" content=\"3 minutes\" \/>\n<script type=\"application\/ld+json\" class=\"yoast-schema-graph\">{\"@context\":\"https:\/\/schema.org\",\"@graph\":[{\"@type\":\"Article\",\"@id\":\"https:\/\/erbel.eus\/fr\/2025\/02\/26\/projet-erle-tek\/#article\",\"isPartOf\":{\"@id\":\"https:\/\/erbel.eus\/fr\/2025\/02\/26\/projet-erle-tek\/\"},\"author\":{\"name\":\"Egoitz Galartza\",\"@id\":\"https:\/\/erbel.eus\/#\/schema\/person\/ff2d1eacc8825f0e87a0d04848349a7c\"},\"headline\":\"Projet ERLE-TEK\",\"datePublished\":\"2025-02-26T16:42:56+00:00\",\"mainEntityOfPage\":{\"@id\":\"https:\/\/erbel.eus\/fr\/2025\/02\/26\/projet-erle-tek\/\"},\"wordCount\":643,\"publisher\":{\"@id\":\"https:\/\/erbel.eus\/#organization\"},\"image\":{\"@id\":\"https:\/\/erbel.eus\/fr\/2025\/02\/26\/projet-erle-tek\/#primaryimage\"},\"thumbnailUrl\":\"https:\/\/i0.wp.com\/erbel.eus\/wp-content\/uploads\/2020\/12\/NAEN_LOGO_GENERIQUE_MONOCHROME_BLEU.png?fit=3508%2C2481&ssl=1\",\"articleSection\":[\"nouvelles\"],\"inLanguage\":\"fr-FR\"},{\"@type\":\"WebPage\",\"@id\":\"https:\/\/erbel.eus\/fr\/2025\/02\/26\/projet-erle-tek\/\",\"url\":\"https:\/\/erbel.eus\/fr\/2025\/02\/26\/projet-erle-tek\/\",\"name\":\"Projet ERLE-TEK &#8226; ERBEL\",\"isPartOf\":{\"@id\":\"https:\/\/erbel.eus\/#website\"},\"primaryImageOfPage\":{\"@id\":\"https:\/\/erbel.eus\/fr\/2025\/02\/26\/projet-erle-tek\/#primaryimage\"},\"image\":{\"@id\":\"https:\/\/erbel.eus\/fr\/2025\/02\/26\/projet-erle-tek\/#primaryimage\"},\"thumbnailUrl\":\"https:\/\/i0.wp.com\/erbel.eus\/wp-content\/uploads\/2020\/12\/NAEN_LOGO_GENERIQUE_MONOCHROME_BLEU.png?fit=3508%2C2481&ssl=1\",\"datePublished\":\"2025-02-26T16:42:56+00:00\",\"breadcrumb\":{\"@id\":\"https:\/\/erbel.eus\/fr\/2025\/02\/26\/projet-erle-tek\/#breadcrumb\"},\"inLanguage\":\"fr-FR\",\"potentialAction\":[{\"@type\":\"ReadAction\",\"target\":[\"https:\/\/erbel.eus\/fr\/2025\/02\/26\/projet-erle-tek\/\"]}]},{\"@type\":\"ImageObject\",\"inLanguage\":\"fr-FR\",\"@id\":\"https:\/\/erbel.eus\/fr\/2025\/02\/26\/projet-erle-tek\/#primaryimage\",\"url\":\"https:\/\/i0.wp.com\/erbel.eus\/wp-content\/uploads\/2020\/12\/NAEN_LOGO_GENERIQUE_MONOCHROME_BLEU.png?fit=3508%2C2481&ssl=1\",\"contentUrl\":\"https:\/\/i0.wp.com\/erbel.eus\/wp-content\/uploads\/2020\/12\/NAEN_LOGO_GENERIQUE_MONOCHROME_BLEU.png?fit=3508%2C2481&ssl=1\",\"width\":3508,\"height\":2481},{\"@type\":\"BreadcrumbList\",\"@id\":\"https:\/\/erbel.eus\/fr\/2025\/02\/26\/projet-erle-tek\/#breadcrumb\",\"itemListElement\":[{\"@type\":\"ListItem\",\"position\":1,\"name\":\"Home\",\"item\":\"https:\/\/erbel.eus\/\"},{\"@type\":\"ListItem\",\"position\":2,\"name\":\"Projet ERLE-TEK\"}]},{\"@type\":\"WebSite\",\"@id\":\"https:\/\/erbel.eus\/#website\",\"url\":\"https:\/\/erbel.eus\/\",\"name\":\"ERBEL\",\"description\":\" Erle Beltz Hazleen Elkartea - Asociacion de criadores de abeja Erle Beltza - Association d&#039;eleveurs d&#039;abeilles Erle Beltza\",\"publisher\":{\"@id\":\"https:\/\/erbel.eus\/#organization\"},\"potentialAction\":[{\"@type\":\"SearchAction\",\"target\":{\"@type\":\"EntryPoint\",\"urlTemplate\":\"https:\/\/erbel.eus\/?s={search_term_string}\"},\"query-input\":{\"@type\":\"PropertyValueSpecification\",\"valueRequired\":true,\"valueName\":\"search_term_string\"}}],\"inLanguage\":\"fr-FR\"},{\"@type\":\"Organization\",\"@id\":\"https:\/\/erbel.eus\/#organization\",\"name\":\"ERBEL Erle Beltza Hazleen Elkartea\",\"url\":\"https:\/\/erbel.eus\/\",\"logo\":{\"@type\":\"ImageObject\",\"inLanguage\":\"fr-FR\",\"@id\":\"https:\/\/erbel.eus\/#\/schema\/logo\/image\/\",\"url\":\"https:\/\/i0.wp.com\/erbel.eus\/wp-content\/uploads\/2019\/05\/erbel_erleak_denak-beltz.png?fit=300%2C316&ssl=1\",\"contentUrl\":\"https:\/\/i0.wp.com\/erbel.eus\/wp-content\/uploads\/2019\/05\/erbel_erleak_denak-beltz.png?fit=300%2C316&ssl=1\",\"width\":300,\"height\":316,\"caption\":\"ERBEL Erle Beltza Hazleen Elkartea\"},\"image\":{\"@id\":\"https:\/\/erbel.eus\/#\/schema\/logo\/image\/\"},\"sameAs\":[\"https:\/\/www.youtube.com\/channel\/UCNkgIS3GnpMESbnykKUIqgw\"]},{\"@type\":\"Person\",\"@id\":\"https:\/\/erbel.eus\/#\/schema\/person\/ff2d1eacc8825f0e87a0d04848349a7c\",\"name\":\"Egoitz Galartza\",\"image\":{\"@type\":\"ImageObject\",\"inLanguage\":\"fr-FR\",\"@id\":\"https:\/\/erbel.eus\/#\/schema\/person\/image\/\",\"url\":\"\/\/www.gravatar.com\/avatar\/2b6f40c945cfbd3dfdb8ec528a7534d9?s=96&#038;r=g&#038;d=mm\",\"contentUrl\":\"\/\/www.gravatar.com\/avatar\/2b6f40c945cfbd3dfdb8ec528a7534d9?s=96&#038;r=g&#038;d=mm\",\"caption\":\"Egoitz Galartza\"}}]}<\/script>\n<!-- \/ Yoast SEO plugin. -->","yoast_head_json":{"title":"Projet ERLE-TEK &#8226; ERBEL","robots":{"index":"index","follow":"follow","max-snippet":"max-snippet:-1","max-image-preview":"max-image-preview:large","max-video-preview":"max-video-preview:-1"},"canonical":"https:\/\/erbel.eus\/fr\/2025\/02\/26\/projet-erle-tek\/","og_locale":"fr_FR","og_type":"article","og_title":"Projet ERLE-TEK &#8226; ERBEL","og_description":"L\u2019abeille noire locale est une sous-esp\u00e8ce menac\u00e9e par l\u2019introduction d\u2019abeilles \u00e9trang\u00e8res telles que la Buckfast (un multi-hybride commercial), la Carnica (abeille des Balkans) ou la Ligustica (abeille italienne). Bien que ces races puissent offrir des avantages apparents, comme une production accrue ou un temp\u00e9rament plus docile, elles ne sont pas adapt\u00e9es \u00e0 l\u2019environnement local, ce qui les rend moins r\u00e9sistantes aux conditions sp\u00e9cifiques de la r\u00e9gion. Cette situation entra\u00eene une hybridation non souhait\u00e9e qui met en p\u00e9ril la puret\u00e9 g\u00e9n\u00e9tique et la r\u00e9silience intrins\u00e8que de l\u2019abeille noire locale. Pour contrer cette menace, ERBEL d\u00e9veloppe depuis plusieurs ann\u00e9es un programme de s\u00e9lection g\u00e9n\u00e9tique visant \u00e0 renforcer les caract\u00e9ristiques souhait\u00e9es de l\u2019abeille noire tout en pr\u00e9servant son adaptation naturelle. Ce travail de long terme n\u00e9cessite l\u2019\u00e9levage et la s\u00e9lection minutieuse de reines, en utilisant des m\u00e9thodes et technologies avanc\u00e9es, int\u00e9gr\u00e9es avec succ\u00e8s dans le projet ERBELGEN (voir article sur ce m\u00eame site).","og_url":"https:\/\/erbel.eus\/fr\/2025\/02\/26\/projet-erle-tek\/","og_site_name":"ERBEL","article_published_time":"2025-02-26T16:42:56+00:00","og_image":[{"width":3508,"height":2481,"url":"https:\/\/erbel.eus\/wp-content\/uploads\/2020\/12\/NAEN_LOGO_GENERIQUE_MONOCHROME_BLEU.png","type":"image\/png"}],"author":"Egoitz Galartza","twitter_card":"summary_large_image","twitter_misc":{"\u00c9crit par":"Egoitz Galartza","Dur\u00e9e de lecture estim\u00e9e":"3 minutes"},"schema":{"@context":"https:\/\/schema.org","@graph":[{"@type":"Article","@id":"https:\/\/erbel.eus\/fr\/2025\/02\/26\/projet-erle-tek\/#article","isPartOf":{"@id":"https:\/\/erbel.eus\/fr\/2025\/02\/26\/projet-erle-tek\/"},"author":{"name":"Egoitz Galartza","@id":"https:\/\/erbel.eus\/#\/schema\/person\/ff2d1eacc8825f0e87a0d04848349a7c"},"headline":"Projet ERLE-TEK","datePublished":"2025-02-26T16:42:56+00:00","mainEntityOfPage":{"@id":"https:\/\/erbel.eus\/fr\/2025\/02\/26\/projet-erle-tek\/"},"wordCount":643,"publisher":{"@id":"https:\/\/erbel.eus\/#organization"},"image":{"@id":"https:\/\/erbel.eus\/fr\/2025\/02\/26\/projet-erle-tek\/#primaryimage"},"thumbnailUrl":"https:\/\/i0.wp.com\/erbel.eus\/wp-content\/uploads\/2020\/12\/NAEN_LOGO_GENERIQUE_MONOCHROME_BLEU.png?fit=3508%2C2481&ssl=1","articleSection":["nouvelles"],"inLanguage":"fr-FR"},{"@type":"WebPage","@id":"https:\/\/erbel.eus\/fr\/2025\/02\/26\/projet-erle-tek\/","url":"https:\/\/erbel.eus\/fr\/2025\/02\/26\/projet-erle-tek\/","name":"Projet ERLE-TEK &#8226; ERBEL","isPartOf":{"@id":"https:\/\/erbel.eus\/#website"},"primaryImageOfPage":{"@id":"https:\/\/erbel.eus\/fr\/2025\/02\/26\/projet-erle-tek\/#primaryimage"},"image":{"@id":"https:\/\/erbel.eus\/fr\/2025\/02\/26\/projet-erle-tek\/#primaryimage"},"thumbnailUrl":"https:\/\/i0.wp.com\/erbel.eus\/wp-content\/uploads\/2020\/12\/NAEN_LOGO_GENERIQUE_MONOCHROME_BLEU.png?fit=3508%2C2481&ssl=1","datePublished":"2025-02-26T16:42:56+00:00","breadcrumb":{"@id":"https:\/\/erbel.eus\/fr\/2025\/02\/26\/projet-erle-tek\/#breadcrumb"},"inLanguage":"fr-FR","potentialAction":[{"@type":"ReadAction","target":["https:\/\/erbel.eus\/fr\/2025\/02\/26\/projet-erle-tek\/"]}]},{"@type":"ImageObject","inLanguage":"fr-FR","@id":"https:\/\/erbel.eus\/fr\/2025\/02\/26\/projet-erle-tek\/#primaryimage","url":"https:\/\/i0.wp.com\/erbel.eus\/wp-content\/uploads\/2020\/12\/NAEN_LOGO_GENERIQUE_MONOCHROME_BLEU.png?fit=3508%2C2481&ssl=1","contentUrl":"https:\/\/i0.wp.com\/erbel.eus\/wp-content\/uploads\/2020\/12\/NAEN_LOGO_GENERIQUE_MONOCHROME_BLEU.png?fit=3508%2C2481&ssl=1","width":3508,"height":2481},{"@type":"BreadcrumbList","@id":"https:\/\/erbel.eus\/fr\/2025\/02\/26\/projet-erle-tek\/#breadcrumb","itemListElement":[{"@type":"ListItem","position":1,"name":"Home","item":"https:\/\/erbel.eus\/"},{"@type":"ListItem","position":2,"name":"Projet ERLE-TEK"}]},{"@type":"WebSite","@id":"https:\/\/erbel.eus\/#website","url":"https:\/\/erbel.eus\/","name":"ERBEL","description":" Erle Beltz Hazleen Elkartea - Asociacion de criadores de abeja Erle Beltza - Association d&#039;eleveurs d&#039;abeilles Erle Beltza","publisher":{"@id":"https:\/\/erbel.eus\/#organization"},"potentialAction":[{"@type":"SearchAction","target":{"@type":"EntryPoint","urlTemplate":"https:\/\/erbel.eus\/?s={search_term_string}"},"query-input":{"@type":"PropertyValueSpecification","valueRequired":true,"valueName":"search_term_string"}}],"inLanguage":"fr-FR"},{"@type":"Organization","@id":"https:\/\/erbel.eus\/#organization","name":"ERBEL Erle Beltza Hazleen Elkartea","url":"https:\/\/erbel.eus\/","logo":{"@type":"ImageObject","inLanguage":"fr-FR","@id":"https:\/\/erbel.eus\/#\/schema\/logo\/image\/","url":"https:\/\/i0.wp.com\/erbel.eus\/wp-content\/uploads\/2019\/05\/erbel_erleak_denak-beltz.png?fit=300%2C316&ssl=1","contentUrl":"https:\/\/i0.wp.com\/erbel.eus\/wp-content\/uploads\/2019\/05\/erbel_erleak_denak-beltz.png?fit=300%2C316&ssl=1","width":300,"height":316,"caption":"ERBEL Erle Beltza Hazleen Elkartea"},"image":{"@id":"https:\/\/erbel.eus\/#\/schema\/logo\/image\/"},"sameAs":["https:\/\/www.youtube.com\/channel\/UCNkgIS3GnpMESbnykKUIqgw"]},{"@type":"Person","@id":"https:\/\/erbel.eus\/#\/schema\/person\/ff2d1eacc8825f0e87a0d04848349a7c","name":"Egoitz Galartza","image":{"@type":"ImageObject","inLanguage":"fr-FR","@id":"https:\/\/erbel.eus\/#\/schema\/person\/image\/","url":"\/\/www.gravatar.com\/avatar\/2b6f40c945cfbd3dfdb8ec528a7534d9?s=96&#038;r=g&#038;d=mm","contentUrl":"\/\/www.gravatar.com\/avatar\/2b6f40c945cfbd3dfdb8ec528a7534d9?s=96&#038;r=g&#038;d=mm","caption":"Egoitz Galartza"}}]}},"jetpack_featured_media_url":"https:\/\/i0.wp.com\/erbel.eus\/wp-content\/uploads\/2020\/12\/NAEN_LOGO_GENERIQUE_MONOCHROME_BLEU.png?fit=3508%2C2481&ssl=1","jetpack_sharing_enabled":true,"_links":{"self":[{"href":"https:\/\/erbel.eus\/fr\/wp-json\/wp\/v2\/posts\/3225","targetHints":{"allow":["GET"]}}],"collection":[{"href":"https:\/\/erbel.eus\/fr\/wp-json\/wp\/v2\/posts"}],"about":[{"href":"https:\/\/erbel.eus\/fr\/wp-json\/wp\/v2\/types\/post"}],"author":[{"embeddable":true,"href":"https:\/\/erbel.eus\/fr\/wp-json\/wp\/v2\/users\/2"}],"replies":[{"embeddable":true,"href":"https:\/\/erbel.eus\/fr\/wp-json\/wp\/v2\/comments?post=3225"}],"version-history":[{"count":1,"href":"https:\/\/erbel.eus\/fr\/wp-json\/wp\/v2\/posts\/3225\/revisions"}],"predecessor-version":[{"id":3226,"href":"https:\/\/erbel.eus\/fr\/wp-json\/wp\/v2\/posts\/3225\/revisions\/3226"}],"wp:featuredmedia":[{"embeddable":true,"href":"https:\/\/erbel.eus\/fr\/wp-json\/wp\/v2\/media\/1722"}],"wp:attachment":[{"href":"https:\/\/erbel.eus\/fr\/wp-json\/wp\/v2\/media?parent=3225"}],"wp:term":[{"taxonomy":"category","embeddable":true,"href":"https:\/\/erbel.eus\/fr\/wp-json\/wp\/v2\/categories?post=3225"},{"taxonomy":"post_tag","embeddable":true,"href":"https:\/\/erbel.eus\/fr\/wp-json\/wp\/v2\/tags?post=3225"}],"curies":[{"name":"wp","href":"https:\/\/api.w.org\/{rel}","templated":true}]}}