{"id":3151,"date":"2025-01-21T16:06:52","date_gmt":"2025-01-21T15:06:52","guid":{"rendered":"https:\/\/erbel.eus\/2025\/01\/21\/erbelen-2024ko-hautespen-eta-genetika-jardunaldiko-bideoa-6-7-erreginen-garrantzia-erlategi-baten-kudeaketan\/"},"modified":"2025-01-21T16:07:52","modified_gmt":"2025-01-21T15:07:52","slug":"erbelen-2024ko-hautespen-eta-genetika-jardunaldiko-bideoa-6-7-erreginen-garrantzia-erlategi-baten-kudeaketan","status":"publish","type":"post","link":"https:\/\/erbel.eus\/fr\/2025\/01\/21\/erbelen-2024ko-hautespen-eta-genetika-jardunaldiko-bideoa-6-7-erreginen-garrantzia-erlategi-baten-kudeaketan\/","title":{"rendered":"ERBELen 2024ko Hautespen eta Genetika Jardunaldiko bideoa (6\/7): \u201cErreginen garrantzia erlategi baten kudeaketan\u201d"},"content":{"rendered":"\n<p><strong>Egoitz Galartza Garaialde<\/strong><\/p>\n\n\n\n<p>Seigarren hitzaldia Osvaldo Atela ingeniari agronomoarena da. Buenos Airesko probintziako \u201cPedro J. Bover\u201d erle etxaldea eraman du Atelak 35 urtez. Pedro J. Bover etxaldeak 3.800 erregina estali eta 9.000 erregina habia ekoizteko gaitasuna du; horretaz gainera, azken urteetan, hautespen programa bat ezarri dute, hautatutako materiala ugaltzeko. Han ematen duten prestakuntzari esker, Argentina osoko eta atzerriko teknikari eta profesional ugari pasatu dira etxaldetik.<\/p>\n\n\n\n<p>Hitzaldiaren izenburua: <em><strong>Importancia de las reinas en la gesti\u00f3n de un colmenar<\/strong><\/em> (Erreginen garrantzia erlategi baten kudeaketan).<\/p>\n\n\n\n<figure class=\"wp-block-embed alignwide is-type-video is-provider-youtube wp-block-embed-youtube wp-embed-aspect-16-9 wp-has-aspect-ratio\"><div class=\"wp-block-embed__wrapper\">\n<iframe title=\"6\/7 &quot;Importancia de las reinas en la gesti\u00f3n de un colmenar&quot; - OSVALDO ATELA\" width=\"1200\" height=\"675\" src=\"https:\/\/www.youtube.com\/embed\/RVVkM6RJLx0?feature=oembed\" frameborder=\"0\" allow=\"accelerometer; autoplay; clipboard-write; encrypted-media; gyroscope; picture-in-picture; web-share\" referrerpolicy=\"strict-origin-when-cross-origin\" allowfullscreen><\/iframe>\n<\/div><\/figure>\n","protected":false},"excerpt":{"rendered":"<p>Seigarren hitzaldia Osvaldo Atela ingeniari agronomoarena da. Buenos Airesko probintziako \u201cPedro J. Bover\u201d erle etxaldea eraman du Atelak 35 urtez. Pedro J. Bover etxaldeak 3.800 erregina estali eta 9.000 erregina habia ekoizteko gaitasuna du; horretaz gainera, azken urteetan, hautespen programa bat ezarri dute, hautatutako materiala ugaltzeko. Han ematen duten prestakuntzari esker, Argentina osoko eta atzerriko teknikari eta profesional ugari pasatu dira etxaldetik.<\/p>\n","protected":false},"author":2,"featured_media":3072,"comment_status":"closed","ping_status":"closed","sticky":false,"template":"","format":"standard","meta":{"_bbp_topic_count":0,"_bbp_reply_count":0,"_bbp_total_topic_count":0,"_bbp_total_reply_count":0,"_bbp_voice_count":0,"_bbp_anonymous_reply_count":0,"_bbp_topic_count_hidden":0,"_bbp_reply_count_hidden":0,"_bbp_forum_subforum_count":0,"_jetpack_memberships_contains_paid_content":false,"footnotes":""},"categories":[39],"tags":[],"class_list":["post-3151","post","type-post","status-publish","format-standard","has-post-thumbnail","hentry","category-nouvelles","masonry-post","generate-columns","tablet-grid-50","mobile-grid-100","grid-parent","grid-50"],"yoast_head":"<!-- This site is optimized with the Yoast SEO plugin v26.8 - https:\/\/yoast.com\/product\/yoast-seo-wordpress\/ -->\n<title>ERBELen 2024ko Hautespen eta Genetika Jardunaldiko bideoa (6\/7): \u201cErreginen garrantzia erlategi baten kudeaketan\u201d &#8226; ERBEL<\/title>\n<meta name=\"robots\" content=\"index, follow, max-snippet:-1, max-image-preview:large, max-video-preview:-1\" \/>\n<link rel=\"canonical\" href=\"https:\/\/erbel.eus\/2025\/01\/21\/video-de-la-jornada-de-genetica-y-seleccion-de-erbel-2024-6-7-importancia-de-las-reinas-en-la-gestion-de-un-colmenar\/\" \/>\n<meta property=\"og:locale\" content=\"fr_FR\" \/>\n<meta property=\"og:type\" content=\"article\" \/>\n<meta property=\"og:title\" content=\"ERBELen 2024ko Hautespen eta Genetika Jardunaldiko bideoa (6\/7): \u201cErreginen garrantzia erlategi baten kudeaketan\u201d &#8226; ERBEL\" \/>\n<meta property=\"og:description\" content=\"Seigarren hitzaldia Osvaldo Atela ingeniari agronomoarena da. Buenos Airesko probintziako \u201cPedro J. Bover\u201d erle etxaldea eraman du Atelak 35 urtez. Pedro J. Bover etxaldeak 3.800 erregina estali eta 9.000 erregina habia ekoizteko gaitasuna du; horretaz gainera, azken urteetan, hautespen programa bat ezarri dute, hautatutako materiala ugaltzeko. Han ematen duten prestakuntzari esker, Argentina osoko eta atzerriko teknikari eta profesional ugari pasatu dira etxaldetik.\" \/>\n<meta property=\"og:url\" content=\"https:\/\/erbel.eus\/2025\/01\/21\/video-de-la-jornada-de-genetica-y-seleccion-de-erbel-2024-6-7-importancia-de-las-reinas-en-la-gestion-de-un-colmenar\/\" \/>\n<meta property=\"og:site_name\" content=\"ERBEL\" \/>\n<meta property=\"article:published_time\" content=\"2025-01-21T15:06:52+00:00\" \/>\n<meta property=\"article:modified_time\" content=\"2025-01-21T15:07:52+00:00\" \/>\n<meta property=\"og:image\" content=\"https:\/\/erbel.eus\/wp-content\/uploads\/2024\/12\/Cartel20242-scaled.jpg\" \/>\n\t<meta property=\"og:image:width\" content=\"2048\" \/>\n\t<meta property=\"og:image:height\" content=\"590\" \/>\n\t<meta property=\"og:image:type\" content=\"image\/jpeg\" \/>\n<meta name=\"author\" content=\"Egoitz Galartza\" \/>\n<meta name=\"twitter:card\" content=\"summary_large_image\" \/>\n<meta name=\"twitter:label1\" content=\"\u00c9crit par\" \/>\n\t<meta name=\"twitter:data1\" content=\"Egoitz Galartza\" \/>\n\t<meta name=\"twitter:label2\" content=\"Dur\u00e9e de lecture estim\u00e9e\" \/>\n\t<meta name=\"twitter:data2\" content=\"1 minute\" \/>\n<script type=\"application\/ld+json\" class=\"yoast-schema-graph\">{\"@context\":\"https:\/\/schema.org\",\"@graph\":[{\"@type\":\"Article\",\"@id\":\"https:\/\/erbel.eus\/2025\/01\/21\/video-de-la-jornada-de-genetica-y-seleccion-de-erbel-2024-6-7-importancia-de-las-reinas-en-la-gestion-de-un-colmenar\/#article\",\"isPartOf\":{\"@id\":\"https:\/\/erbel.eus\/2025\/01\/21\/video-de-la-jornada-de-genetica-y-seleccion-de-erbel-2024-6-7-importancia-de-las-reinas-en-la-gestion-de-un-colmenar\/\"},\"author\":{\"name\":\"Egoitz Galartza\",\"@id\":\"https:\/\/erbel.eus\/#\/schema\/person\/ff2d1eacc8825f0e87a0d04848349a7c\"},\"headline\":\"ERBELen 2024ko Hautespen eta Genetika Jardunaldiko bideoa (6\/7): \u201cErreginen garrantzia erlategi baten kudeaketan\u201d\",\"datePublished\":\"2025-01-21T15:06:52+00:00\",\"dateModified\":\"2025-01-21T15:07:52+00:00\",\"mainEntityOfPage\":{\"@id\":\"https:\/\/erbel.eus\/2025\/01\/21\/video-de-la-jornada-de-genetica-y-seleccion-de-erbel-2024-6-7-importancia-de-las-reinas-en-la-gestion-de-un-colmenar\/\"},\"wordCount\":97,\"publisher\":{\"@id\":\"https:\/\/erbel.eus\/#organization\"},\"image\":{\"@id\":\"https:\/\/erbel.eus\/2025\/01\/21\/video-de-la-jornada-de-genetica-y-seleccion-de-erbel-2024-6-7-importancia-de-las-reinas-en-la-gestion-de-un-colmenar\/#primaryimage\"},\"thumbnailUrl\":\"https:\/\/i0.wp.com\/erbel.eus\/wp-content\/uploads\/2024\/12\/Cartel20242-scaled.jpg?fit=2048%2C590&ssl=1\",\"articleSection\":[\"nouvelles\"],\"inLanguage\":\"fr-FR\"},{\"@type\":\"WebPage\",\"@id\":\"https:\/\/erbel.eus\/2025\/01\/21\/video-de-la-jornada-de-genetica-y-seleccion-de-erbel-2024-6-7-importancia-de-las-reinas-en-la-gestion-de-un-colmenar\/\",\"url\":\"https:\/\/erbel.eus\/2025\/01\/21\/video-de-la-jornada-de-genetica-y-seleccion-de-erbel-2024-6-7-importancia-de-las-reinas-en-la-gestion-de-un-colmenar\/\",\"name\":\"ERBELen 2024ko Hautespen eta Genetika Jardunaldiko bideoa (6\/7): \u201cErreginen garrantzia erlategi baten kudeaketan\u201d &#8226; ERBEL\",\"isPartOf\":{\"@id\":\"https:\/\/erbel.eus\/#website\"},\"primaryImageOfPage\":{\"@id\":\"https:\/\/erbel.eus\/2025\/01\/21\/video-de-la-jornada-de-genetica-y-seleccion-de-erbel-2024-6-7-importancia-de-las-reinas-en-la-gestion-de-un-colmenar\/#primaryimage\"},\"image\":{\"@id\":\"https:\/\/erbel.eus\/2025\/01\/21\/video-de-la-jornada-de-genetica-y-seleccion-de-erbel-2024-6-7-importancia-de-las-reinas-en-la-gestion-de-un-colmenar\/#primaryimage\"},\"thumbnailUrl\":\"https:\/\/i0.wp.com\/erbel.eus\/wp-content\/uploads\/2024\/12\/Cartel20242-scaled.jpg?fit=2048%2C590&ssl=1\",\"datePublished\":\"2025-01-21T15:06:52+00:00\",\"dateModified\":\"2025-01-21T15:07:52+00:00\",\"breadcrumb\":{\"@id\":\"https:\/\/erbel.eus\/2025\/01\/21\/video-de-la-jornada-de-genetica-y-seleccion-de-erbel-2024-6-7-importancia-de-las-reinas-en-la-gestion-de-un-colmenar\/#breadcrumb\"},\"inLanguage\":\"fr-FR\",\"potentialAction\":[{\"@type\":\"ReadAction\",\"target\":[\"https:\/\/erbel.eus\/2025\/01\/21\/video-de-la-jornada-de-genetica-y-seleccion-de-erbel-2024-6-7-importancia-de-las-reinas-en-la-gestion-de-un-colmenar\/\"]}]},{\"@type\":\"ImageObject\",\"inLanguage\":\"fr-FR\",\"@id\":\"https:\/\/erbel.eus\/2025\/01\/21\/video-de-la-jornada-de-genetica-y-seleccion-de-erbel-2024-6-7-importancia-de-las-reinas-en-la-gestion-de-un-colmenar\/#primaryimage\",\"url\":\"https:\/\/i0.wp.com\/erbel.eus\/wp-content\/uploads\/2024\/12\/Cartel20242-scaled.jpg?fit=2048%2C590&ssl=1\",\"contentUrl\":\"https:\/\/i0.wp.com\/erbel.eus\/wp-content\/uploads\/2024\/12\/Cartel20242-scaled.jpg?fit=2048%2C590&ssl=1\",\"width\":2048,\"height\":590},{\"@type\":\"BreadcrumbList\",\"@id\":\"https:\/\/erbel.eus\/2025\/01\/21\/video-de-la-jornada-de-genetica-y-seleccion-de-erbel-2024-6-7-importancia-de-las-reinas-en-la-gestion-de-un-colmenar\/#breadcrumb\",\"itemListElement\":[{\"@type\":\"ListItem\",\"position\":1,\"name\":\"Home\",\"item\":\"https:\/\/erbel.eus\/\"},{\"@type\":\"ListItem\",\"position\":2,\"name\":\"ERBELen 2024ko Hautespen eta Genetika Jardunaldiko bideoa (6\/7): \u201cErreginen garrantzia erlategi baten kudeaketan\u201d\"}]},{\"@type\":\"WebSite\",\"@id\":\"https:\/\/erbel.eus\/#website\",\"url\":\"https:\/\/erbel.eus\/\",\"name\":\"ERBEL\",\"description\":\" Erle Beltz Hazleen Elkartea - Asociacion de criadores de abeja Erle Beltza - Association d&#039;eleveurs d&#039;abeilles Erle Beltza\",\"publisher\":{\"@id\":\"https:\/\/erbel.eus\/#organization\"},\"potentialAction\":[{\"@type\":\"SearchAction\",\"target\":{\"@type\":\"EntryPoint\",\"urlTemplate\":\"https:\/\/erbel.eus\/?s={search_term_string}\"},\"query-input\":{\"@type\":\"PropertyValueSpecification\",\"valueRequired\":true,\"valueName\":\"search_term_string\"}}],\"inLanguage\":\"fr-FR\"},{\"@type\":\"Organization\",\"@id\":\"https:\/\/erbel.eus\/#organization\",\"name\":\"ERBEL Erle Beltza Hazleen Elkartea\",\"url\":\"https:\/\/erbel.eus\/\",\"logo\":{\"@type\":\"ImageObject\",\"inLanguage\":\"fr-FR\",\"@id\":\"https:\/\/erbel.eus\/#\/schema\/logo\/image\/\",\"url\":\"https:\/\/i0.wp.com\/erbel.eus\/wp-content\/uploads\/2019\/05\/erbel_erleak_denak-beltz.png?fit=300%2C316&ssl=1\",\"contentUrl\":\"https:\/\/i0.wp.com\/erbel.eus\/wp-content\/uploads\/2019\/05\/erbel_erleak_denak-beltz.png?fit=300%2C316&ssl=1\",\"width\":300,\"height\":316,\"caption\":\"ERBEL Erle Beltza Hazleen Elkartea\"},\"image\":{\"@id\":\"https:\/\/erbel.eus\/#\/schema\/logo\/image\/\"},\"sameAs\":[\"https:\/\/www.youtube.com\/channel\/UCNkgIS3GnpMESbnykKUIqgw\"]},{\"@type\":\"Person\",\"@id\":\"https:\/\/erbel.eus\/#\/schema\/person\/ff2d1eacc8825f0e87a0d04848349a7c\",\"name\":\"Egoitz Galartza\",\"image\":{\"@type\":\"ImageObject\",\"inLanguage\":\"fr-FR\",\"@id\":\"https:\/\/erbel.eus\/#\/schema\/person\/image\/\",\"url\":\"\/\/www.gravatar.com\/avatar\/2b6f40c945cfbd3dfdb8ec528a7534d9?s=96&#038;r=g&#038;d=mm\",\"contentUrl\":\"\/\/www.gravatar.com\/avatar\/2b6f40c945cfbd3dfdb8ec528a7534d9?s=96&#038;r=g&#038;d=mm\",\"caption\":\"Egoitz Galartza\"}}]}<\/script>\n<!-- \/ Yoast SEO plugin. -->","yoast_head_json":{"title":"ERBELen 2024ko Hautespen eta Genetika Jardunaldiko bideoa (6\/7): \u201cErreginen garrantzia erlategi baten kudeaketan\u201d &#8226; ERBEL","robots":{"index":"index","follow":"follow","max-snippet":"max-snippet:-1","max-image-preview":"max-image-preview:large","max-video-preview":"max-video-preview:-1"},"canonical":"https:\/\/erbel.eus\/2025\/01\/21\/video-de-la-jornada-de-genetica-y-seleccion-de-erbel-2024-6-7-importancia-de-las-reinas-en-la-gestion-de-un-colmenar\/","og_locale":"fr_FR","og_type":"article","og_title":"ERBELen 2024ko Hautespen eta Genetika Jardunaldiko bideoa (6\/7): \u201cErreginen garrantzia erlategi baten kudeaketan\u201d &#8226; ERBEL","og_description":"Seigarren hitzaldia Osvaldo Atela ingeniari agronomoarena da. Buenos Airesko probintziako \u201cPedro J. Bover\u201d erle etxaldea eraman du Atelak 35 urtez. Pedro J. Bover etxaldeak 3.800 erregina estali eta 9.000 erregina habia ekoizteko gaitasuna du; horretaz gainera, azken urteetan, hautespen programa bat ezarri dute, hautatutako materiala ugaltzeko. Han ematen duten prestakuntzari esker, Argentina osoko eta atzerriko teknikari eta profesional ugari pasatu dira etxaldetik.","og_url":"https:\/\/erbel.eus\/2025\/01\/21\/video-de-la-jornada-de-genetica-y-seleccion-de-erbel-2024-6-7-importancia-de-las-reinas-en-la-gestion-de-un-colmenar\/","og_site_name":"ERBEL","article_published_time":"2025-01-21T15:06:52+00:00","article_modified_time":"2025-01-21T15:07:52+00:00","og_image":[{"width":2048,"height":590,"url":"https:\/\/erbel.eus\/wp-content\/uploads\/2024\/12\/Cartel20242-scaled.jpg","type":"image\/jpeg"}],"author":"Egoitz Galartza","twitter_card":"summary_large_image","twitter_misc":{"\u00c9crit par":"Egoitz Galartza","Dur\u00e9e de lecture estim\u00e9e":"1 minute"},"schema":{"@context":"https:\/\/schema.org","@graph":[{"@type":"Article","@id":"https:\/\/erbel.eus\/2025\/01\/21\/video-de-la-jornada-de-genetica-y-seleccion-de-erbel-2024-6-7-importancia-de-las-reinas-en-la-gestion-de-un-colmenar\/#article","isPartOf":{"@id":"https:\/\/erbel.eus\/2025\/01\/21\/video-de-la-jornada-de-genetica-y-seleccion-de-erbel-2024-6-7-importancia-de-las-reinas-en-la-gestion-de-un-colmenar\/"},"author":{"name":"Egoitz Galartza","@id":"https:\/\/erbel.eus\/#\/schema\/person\/ff2d1eacc8825f0e87a0d04848349a7c"},"headline":"ERBELen 2024ko Hautespen eta Genetika Jardunaldiko bideoa (6\/7): \u201cErreginen garrantzia erlategi baten kudeaketan\u201d","datePublished":"2025-01-21T15:06:52+00:00","dateModified":"2025-01-21T15:07:52+00:00","mainEntityOfPage":{"@id":"https:\/\/erbel.eus\/2025\/01\/21\/video-de-la-jornada-de-genetica-y-seleccion-de-erbel-2024-6-7-importancia-de-las-reinas-en-la-gestion-de-un-colmenar\/"},"wordCount":97,"publisher":{"@id":"https:\/\/erbel.eus\/#organization"},"image":{"@id":"https:\/\/erbel.eus\/2025\/01\/21\/video-de-la-jornada-de-genetica-y-seleccion-de-erbel-2024-6-7-importancia-de-las-reinas-en-la-gestion-de-un-colmenar\/#primaryimage"},"thumbnailUrl":"https:\/\/i0.wp.com\/erbel.eus\/wp-content\/uploads\/2024\/12\/Cartel20242-scaled.jpg?fit=2048%2C590&ssl=1","articleSection":["nouvelles"],"inLanguage":"fr-FR"},{"@type":"WebPage","@id":"https:\/\/erbel.eus\/2025\/01\/21\/video-de-la-jornada-de-genetica-y-seleccion-de-erbel-2024-6-7-importancia-de-las-reinas-en-la-gestion-de-un-colmenar\/","url":"https:\/\/erbel.eus\/2025\/01\/21\/video-de-la-jornada-de-genetica-y-seleccion-de-erbel-2024-6-7-importancia-de-las-reinas-en-la-gestion-de-un-colmenar\/","name":"ERBELen 2024ko Hautespen eta Genetika Jardunaldiko bideoa (6\/7): \u201cErreginen garrantzia erlategi baten kudeaketan\u201d &#8226; ERBEL","isPartOf":{"@id":"https:\/\/erbel.eus\/#website"},"primaryImageOfPage":{"@id":"https:\/\/erbel.eus\/2025\/01\/21\/video-de-la-jornada-de-genetica-y-seleccion-de-erbel-2024-6-7-importancia-de-las-reinas-en-la-gestion-de-un-colmenar\/#primaryimage"},"image":{"@id":"https:\/\/erbel.eus\/2025\/01\/21\/video-de-la-jornada-de-genetica-y-seleccion-de-erbel-2024-6-7-importancia-de-las-reinas-en-la-gestion-de-un-colmenar\/#primaryimage"},"thumbnailUrl":"https:\/\/i0.wp.com\/erbel.eus\/wp-content\/uploads\/2024\/12\/Cartel20242-scaled.jpg?fit=2048%2C590&ssl=1","datePublished":"2025-01-21T15:06:52+00:00","dateModified":"2025-01-21T15:07:52+00:00","breadcrumb":{"@id":"https:\/\/erbel.eus\/2025\/01\/21\/video-de-la-jornada-de-genetica-y-seleccion-de-erbel-2024-6-7-importancia-de-las-reinas-en-la-gestion-de-un-colmenar\/#breadcrumb"},"inLanguage":"fr-FR","potentialAction":[{"@type":"ReadAction","target":["https:\/\/erbel.eus\/2025\/01\/21\/video-de-la-jornada-de-genetica-y-seleccion-de-erbel-2024-6-7-importancia-de-las-reinas-en-la-gestion-de-un-colmenar\/"]}]},{"@type":"ImageObject","inLanguage":"fr-FR","@id":"https:\/\/erbel.eus\/2025\/01\/21\/video-de-la-jornada-de-genetica-y-seleccion-de-erbel-2024-6-7-importancia-de-las-reinas-en-la-gestion-de-un-colmenar\/#primaryimage","url":"https:\/\/i0.wp.com\/erbel.eus\/wp-content\/uploads\/2024\/12\/Cartel20242-scaled.jpg?fit=2048%2C590&ssl=1","contentUrl":"https:\/\/i0.wp.com\/erbel.eus\/wp-content\/uploads\/2024\/12\/Cartel20242-scaled.jpg?fit=2048%2C590&ssl=1","width":2048,"height":590},{"@type":"BreadcrumbList","@id":"https:\/\/erbel.eus\/2025\/01\/21\/video-de-la-jornada-de-genetica-y-seleccion-de-erbel-2024-6-7-importancia-de-las-reinas-en-la-gestion-de-un-colmenar\/#breadcrumb","itemListElement":[{"@type":"ListItem","position":1,"name":"Home","item":"https:\/\/erbel.eus\/"},{"@type":"ListItem","position":2,"name":"ERBELen 2024ko Hautespen eta Genetika Jardunaldiko bideoa (6\/7): \u201cErreginen garrantzia erlategi baten kudeaketan\u201d"}]},{"@type":"WebSite","@id":"https:\/\/erbel.eus\/#website","url":"https:\/\/erbel.eus\/","name":"ERBEL","description":" Erle Beltz Hazleen Elkartea - Asociacion de criadores de abeja Erle Beltza - Association d&#039;eleveurs d&#039;abeilles Erle Beltza","publisher":{"@id":"https:\/\/erbel.eus\/#organization"},"potentialAction":[{"@type":"SearchAction","target":{"@type":"EntryPoint","urlTemplate":"https:\/\/erbel.eus\/?s={search_term_string}"},"query-input":{"@type":"PropertyValueSpecification","valueRequired":true,"valueName":"search_term_string"}}],"inLanguage":"fr-FR"},{"@type":"Organization","@id":"https:\/\/erbel.eus\/#organization","name":"ERBEL Erle Beltza Hazleen Elkartea","url":"https:\/\/erbel.eus\/","logo":{"@type":"ImageObject","inLanguage":"fr-FR","@id":"https:\/\/erbel.eus\/#\/schema\/logo\/image\/","url":"https:\/\/i0.wp.com\/erbel.eus\/wp-content\/uploads\/2019\/05\/erbel_erleak_denak-beltz.png?fit=300%2C316&ssl=1","contentUrl":"https:\/\/i0.wp.com\/erbel.eus\/wp-content\/uploads\/2019\/05\/erbel_erleak_denak-beltz.png?fit=300%2C316&ssl=1","width":300,"height":316,"caption":"ERBEL Erle Beltza Hazleen Elkartea"},"image":{"@id":"https:\/\/erbel.eus\/#\/schema\/logo\/image\/"},"sameAs":["https:\/\/www.youtube.com\/channel\/UCNkgIS3GnpMESbnykKUIqgw"]},{"@type":"Person","@id":"https:\/\/erbel.eus\/#\/schema\/person\/ff2d1eacc8825f0e87a0d04848349a7c","name":"Egoitz Galartza","image":{"@type":"ImageObject","inLanguage":"fr-FR","@id":"https:\/\/erbel.eus\/#\/schema\/person\/image\/","url":"\/\/www.gravatar.com\/avatar\/2b6f40c945cfbd3dfdb8ec528a7534d9?s=96&#038;r=g&#038;d=mm","contentUrl":"\/\/www.gravatar.com\/avatar\/2b6f40c945cfbd3dfdb8ec528a7534d9?s=96&#038;r=g&#038;d=mm","caption":"Egoitz Galartza"}}]}},"jetpack_featured_media_url":"https:\/\/i0.wp.com\/erbel.eus\/wp-content\/uploads\/2024\/12\/Cartel20242-scaled.jpg?fit=2048%2C590&ssl=1","jetpack_sharing_enabled":true,"_links":{"self":[{"href":"https:\/\/erbel.eus\/fr\/wp-json\/wp\/v2\/posts\/3151","targetHints":{"allow":["GET"]}}],"collection":[{"href":"https:\/\/erbel.eus\/fr\/wp-json\/wp\/v2\/posts"}],"about":[{"href":"https:\/\/erbel.eus\/fr\/wp-json\/wp\/v2\/types\/post"}],"author":[{"embeddable":true,"href":"https:\/\/erbel.eus\/fr\/wp-json\/wp\/v2\/users\/2"}],"replies":[{"embeddable":true,"href":"https:\/\/erbel.eus\/fr\/wp-json\/wp\/v2\/comments?post=3151"}],"version-history":[{"count":2,"href":"https:\/\/erbel.eus\/fr\/wp-json\/wp\/v2\/posts\/3151\/revisions"}],"predecessor-version":[{"id":3153,"href":"https:\/\/erbel.eus\/fr\/wp-json\/wp\/v2\/posts\/3151\/revisions\/3153"}],"wp:featuredmedia":[{"embeddable":true,"href":"https:\/\/erbel.eus\/fr\/wp-json\/wp\/v2\/media\/3072"}],"wp:attachment":[{"href":"https:\/\/erbel.eus\/fr\/wp-json\/wp\/v2\/media?parent=3151"}],"wp:term":[{"taxonomy":"category","embeddable":true,"href":"https:\/\/erbel.eus\/fr\/wp-json\/wp\/v2\/categories?post=3151"},{"taxonomy":"post_tag","embeddable":true,"href":"https:\/\/erbel.eus\/fr\/wp-json\/wp\/v2\/tags?post=3151"}],"curies":[{"name":"wp","href":"https:\/\/api.w.org\/{rel}","templated":true}]}}