{"id":3140,"date":"2025-01-14T11:31:18","date_gmt":"2025-01-14T10:31:18","guid":{"rendered":"https:\/\/erbel.eus\/2025\/01\/14\/erbelen-2024ko-hautespen-eta-genetika-jardunaldiko-bideoa-5-6-ubeeo-barroari-aurre-egingo-dioten-erleak-hautatzeko-tresna-berria\/"},"modified":"2025-01-14T11:33:06","modified_gmt":"2025-01-14T10:33:06","slug":"erbelen-2024ko-hautespen-eta-genetika-jardunaldiko-bideoa-5-6-ubeeo-barroari-aurre-egingo-dioten-erleak-hautatzeko-tresna-berria","status":"publish","type":"post","link":"https:\/\/erbel.eus\/fr\/2025\/01\/14\/erbelen-2024ko-hautespen-eta-genetika-jardunaldiko-bideoa-5-6-ubeeo-barroari-aurre-egingo-dioten-erleak-hautatzeko-tresna-berria\/","title":{"rendered":"ERBELen 2024ko Hautespen eta Genetika Jardunaldiko bideoa (5\/6): \u201cUbeeO: Barroari aurre egingo dioten erleak hautatzeko tresna berria\u201d"},"content":{"rendered":"\n<p><strong>Egoitz Galartza Garaialde<\/strong><\/p>\n\n\n\n<p>Bostgarren bideoa <strong>Luis Javier Chueca<\/strong> ikerlariarena da. Chueca doktorea da Euskal Herriko Unibertsitatean, Biodibertsitate, Funtzionamendu eta Ekosistemen Gestioan. 2018an, Eusko Jaurlaritzaren doktore-ondoko beka bat jaso zuen. Horrek modua eman zion Alemanian hiru urteko ikerketa egonaldia egiteko, eta han eboluzioa eta egokitzapen azterketak egin zituen genoma osoak analizatuz. Nazioarteko egonaldi horren ondoren, Luis Javierrek beka bat lortu zuen Unibertsitate Ministerioaren eskutik EHUra itzultzeko eta teknika genetikoak aplikatuz erle eztigile iberiko gogorragoak lortzeko. Gaur egun, BC3n dihardu (Klima Aldaketarako EAEko gunean). Hor ingurumenean basa polinizatzaileek duten eragina ikertzen dihardu, hesteetako mikrobiota aztertuz.<\/p>\n\n\n\n<p>Hitzaldiaren izenburua: <strong>Ensayo de UbeeO en abeja ib\u00e9rica: resultados preliminares y perspectivas<\/strong> (UbeeO saioa erle iberikoan: aurreneko emaitzak eta etorkizuneko aukerak).<\/p>\n\n\n\n<figure class=\"wp-block-embed alignwide is-type-video is-provider-youtube wp-block-embed-youtube wp-embed-aspect-16-9 wp-has-aspect-ratio\"><div class=\"wp-block-embed__wrapper\">\n<iframe title=\"5\/6 &quot;Ensayo del UBeeO en abeja ib\u00e9rica: resultados preliminares y perspectivas&quot; - LUIS JAVIER CHUECA\" width=\"1200\" height=\"675\" src=\"https:\/\/www.youtube.com\/embed\/IJAhoIr8PE0?feature=oembed\" frameborder=\"0\" allow=\"accelerometer; autoplay; clipboard-write; encrypted-media; gyroscope; picture-in-picture; web-share\" referrerpolicy=\"strict-origin-when-cross-origin\" allowfullscreen><\/iframe>\n<\/div><\/figure>\n","protected":false},"excerpt":{"rendered":"<p>Bostgarren bideoa Luis Javier Chueca ikerlariarena da. Chueca doktorea da Euskal Herriko Unibertsitatean, Biodibertsitate, Funtzionamendu eta Ekosistemen Gestioan. 2018an, Eusko Jaurlaritzaren doktore-ondoko beka bat jaso zuen. Horrek modua eman zion Alemanian hiru urteko ikerketa egonaldia egiteko, eta han eboluzioa eta egokitzapen azterketak egin zituen genoma osoak analizatuz. Nazioarteko egonaldi horren ondoren, Luis Javierrek beka bat lortu zuen Unibertsitate Ministerioaren eskutik EHUra itzultzeko eta teknika genetikoak aplikatuz erle eztigile iberiko gogorragoak lortzeko. Gaur egun, BC3n dihardu (Klima Aldaketarako EAEko gunean). Hor ingurumenean basa polinizatzaileek duten eragina ikertzen dihardu, hesteetako mikrobiota aztertuz.<\/p>\n","protected":false},"author":2,"featured_media":3072,"comment_status":"closed","ping_status":"closed","sticky":false,"template":"","format":"standard","meta":{"_bbp_topic_count":0,"_bbp_reply_count":0,"_bbp_total_topic_count":0,"_bbp_total_reply_count":0,"_bbp_voice_count":0,"_bbp_anonymous_reply_count":0,"_bbp_topic_count_hidden":0,"_bbp_reply_count_hidden":0,"_bbp_forum_subforum_count":0,"_jetpack_memberships_contains_paid_content":false,"footnotes":""},"categories":[20,26],"tags":[],"class_list":["post-3140","post","type-post","status-publish","format-standard","has-post-thumbnail","hentry","category-berriak","category-non-classifiee","masonry-post","generate-columns","tablet-grid-50","mobile-grid-100","grid-parent","grid-50"],"yoast_head":"<!-- This site is optimized with the Yoast SEO plugin v26.8 - https:\/\/yoast.com\/product\/yoast-seo-wordpress\/ -->\n<title>ERBELen 2024ko Hautespen eta Genetika Jardunaldiko bideoa (5\/6): \u201cUbeeO: Barroari aurre egingo dioten erleak hautatzeko tresna berria\u201d &#8226; ERBEL<\/title>\n<meta name=\"robots\" content=\"index, follow, max-snippet:-1, max-image-preview:large, max-video-preview:-1\" \/>\n<link rel=\"canonical\" href=\"https:\/\/erbel.eus\/eu\/2025\/01\/14\/erbelen-2024ko-hautespen-eta-genetika-jardunaldiko-bideoa-5-6-ubeeo-barroari-aurre-egingo-dioten-erleak-hautatzeko-tresna-berria\/\" \/>\n<meta property=\"og:locale\" content=\"fr_FR\" \/>\n<meta property=\"og:type\" content=\"article\" \/>\n<meta property=\"og:title\" content=\"ERBELen 2024ko Hautespen eta Genetika Jardunaldiko bideoa (5\/6): \u201cUbeeO: Barroari aurre egingo dioten erleak hautatzeko tresna berria\u201d &#8226; ERBEL\" \/>\n<meta property=\"og:description\" content=\"Bostgarren bideoa Luis Javier Chueca ikerlariarena da. Chueca doktorea da Euskal Herriko Unibertsitatean, Biodibertsitate, Funtzionamendu eta Ekosistemen Gestioan. 2018an, Eusko Jaurlaritzaren doktore-ondoko beka bat jaso zuen. Horrek modua eman zion Alemanian hiru urteko ikerketa egonaldia egiteko, eta han eboluzioa eta egokitzapen azterketak egin zituen genoma osoak analizatuz. Nazioarteko egonaldi horren ondoren, Luis Javierrek beka bat lortu zuen Unibertsitate Ministerioaren eskutik EHUra itzultzeko eta teknika genetikoak aplikatuz erle eztigile iberiko gogorragoak lortzeko. Gaur egun, BC3n dihardu (Klima Aldaketarako EAEko gunean). Hor ingurumenean basa polinizatzaileek duten eragina ikertzen dihardu, hesteetako mikrobiota aztertuz.\" \/>\n<meta property=\"og:url\" content=\"https:\/\/erbel.eus\/eu\/2025\/01\/14\/erbelen-2024ko-hautespen-eta-genetika-jardunaldiko-bideoa-5-6-ubeeo-barroari-aurre-egingo-dioten-erleak-hautatzeko-tresna-berria\/\" \/>\n<meta property=\"og:site_name\" content=\"ERBEL\" \/>\n<meta property=\"article:published_time\" content=\"2025-01-14T10:31:18+00:00\" \/>\n<meta property=\"article:modified_time\" content=\"2025-01-14T10:33:06+00:00\" \/>\n<meta property=\"og:image\" content=\"https:\/\/erbel.eus\/wp-content\/uploads\/2024\/12\/Cartel20242-scaled.jpg\" \/>\n\t<meta property=\"og:image:width\" content=\"2048\" \/>\n\t<meta property=\"og:image:height\" content=\"590\" \/>\n\t<meta property=\"og:image:type\" content=\"image\/jpeg\" \/>\n<meta name=\"author\" content=\"Egoitz Galartza\" \/>\n<meta name=\"twitter:card\" content=\"summary_large_image\" \/>\n<meta name=\"twitter:label1\" content=\"\u00c9crit par\" \/>\n\t<meta name=\"twitter:data1\" content=\"Egoitz Galartza\" \/>\n\t<meta name=\"twitter:label2\" content=\"Dur\u00e9e de lecture estim\u00e9e\" \/>\n\t<meta name=\"twitter:data2\" content=\"1 minute\" \/>\n<script type=\"application\/ld+json\" class=\"yoast-schema-graph\">{\"@context\":\"https:\/\/schema.org\",\"@graph\":[{\"@type\":\"Article\",\"@id\":\"https:\/\/erbel.eus\/eu\/2025\/01\/14\/erbelen-2024ko-hautespen-eta-genetika-jardunaldiko-bideoa-5-6-ubeeo-barroari-aurre-egingo-dioten-erleak-hautatzeko-tresna-berria\/#article\",\"isPartOf\":{\"@id\":\"https:\/\/erbel.eus\/eu\/2025\/01\/14\/erbelen-2024ko-hautespen-eta-genetika-jardunaldiko-bideoa-5-6-ubeeo-barroari-aurre-egingo-dioten-erleak-hautatzeko-tresna-berria\/\"},\"author\":{\"name\":\"Egoitz Galartza\",\"@id\":\"https:\/\/erbel.eus\/#\/schema\/person\/ff2d1eacc8825f0e87a0d04848349a7c\"},\"headline\":\"ERBELen 2024ko Hautespen eta Genetika Jardunaldiko bideoa (5\/6): \u201cUbeeO: Barroari aurre egingo dioten erleak hautatzeko tresna berria\u201d\",\"datePublished\":\"2025-01-14T10:31:18+00:00\",\"dateModified\":\"2025-01-14T10:33:06+00:00\",\"mainEntityOfPage\":{\"@id\":\"https:\/\/erbel.eus\/eu\/2025\/01\/14\/erbelen-2024ko-hautespen-eta-genetika-jardunaldiko-bideoa-5-6-ubeeo-barroari-aurre-egingo-dioten-erleak-hautatzeko-tresna-berria\/\"},\"wordCount\":137,\"publisher\":{\"@id\":\"https:\/\/erbel.eus\/#organization\"},\"image\":{\"@id\":\"https:\/\/erbel.eus\/eu\/2025\/01\/14\/erbelen-2024ko-hautespen-eta-genetika-jardunaldiko-bideoa-5-6-ubeeo-barroari-aurre-egingo-dioten-erleak-hautatzeko-tresna-berria\/#primaryimage\"},\"thumbnailUrl\":\"https:\/\/i0.wp.com\/erbel.eus\/wp-content\/uploads\/2024\/12\/Cartel20242-scaled.jpg?fit=2048%2C590&ssl=1\",\"articleSection\":[\"berriak\",\"Non classifi\u00e9(e)\"],\"inLanguage\":\"fr-FR\"},{\"@type\":\"WebPage\",\"@id\":\"https:\/\/erbel.eus\/eu\/2025\/01\/14\/erbelen-2024ko-hautespen-eta-genetika-jardunaldiko-bideoa-5-6-ubeeo-barroari-aurre-egingo-dioten-erleak-hautatzeko-tresna-berria\/\",\"url\":\"https:\/\/erbel.eus\/eu\/2025\/01\/14\/erbelen-2024ko-hautespen-eta-genetika-jardunaldiko-bideoa-5-6-ubeeo-barroari-aurre-egingo-dioten-erleak-hautatzeko-tresna-berria\/\",\"name\":\"ERBELen 2024ko Hautespen eta Genetika Jardunaldiko bideoa (5\/6): \u201cUbeeO: Barroari aurre egingo dioten erleak hautatzeko tresna berria\u201d &#8226; ERBEL\",\"isPartOf\":{\"@id\":\"https:\/\/erbel.eus\/#website\"},\"primaryImageOfPage\":{\"@id\":\"https:\/\/erbel.eus\/eu\/2025\/01\/14\/erbelen-2024ko-hautespen-eta-genetika-jardunaldiko-bideoa-5-6-ubeeo-barroari-aurre-egingo-dioten-erleak-hautatzeko-tresna-berria\/#primaryimage\"},\"image\":{\"@id\":\"https:\/\/erbel.eus\/eu\/2025\/01\/14\/erbelen-2024ko-hautespen-eta-genetika-jardunaldiko-bideoa-5-6-ubeeo-barroari-aurre-egingo-dioten-erleak-hautatzeko-tresna-berria\/#primaryimage\"},\"thumbnailUrl\":\"https:\/\/i0.wp.com\/erbel.eus\/wp-content\/uploads\/2024\/12\/Cartel20242-scaled.jpg?fit=2048%2C590&ssl=1\",\"datePublished\":\"2025-01-14T10:31:18+00:00\",\"dateModified\":\"2025-01-14T10:33:06+00:00\",\"breadcrumb\":{\"@id\":\"https:\/\/erbel.eus\/eu\/2025\/01\/14\/erbelen-2024ko-hautespen-eta-genetika-jardunaldiko-bideoa-5-6-ubeeo-barroari-aurre-egingo-dioten-erleak-hautatzeko-tresna-berria\/#breadcrumb\"},\"inLanguage\":\"fr-FR\",\"potentialAction\":[{\"@type\":\"ReadAction\",\"target\":[\"https:\/\/erbel.eus\/eu\/2025\/01\/14\/erbelen-2024ko-hautespen-eta-genetika-jardunaldiko-bideoa-5-6-ubeeo-barroari-aurre-egingo-dioten-erleak-hautatzeko-tresna-berria\/\"]}]},{\"@type\":\"ImageObject\",\"inLanguage\":\"fr-FR\",\"@id\":\"https:\/\/erbel.eus\/eu\/2025\/01\/14\/erbelen-2024ko-hautespen-eta-genetika-jardunaldiko-bideoa-5-6-ubeeo-barroari-aurre-egingo-dioten-erleak-hautatzeko-tresna-berria\/#primaryimage\",\"url\":\"https:\/\/i0.wp.com\/erbel.eus\/wp-content\/uploads\/2024\/12\/Cartel20242-scaled.jpg?fit=2048%2C590&ssl=1\",\"contentUrl\":\"https:\/\/i0.wp.com\/erbel.eus\/wp-content\/uploads\/2024\/12\/Cartel20242-scaled.jpg?fit=2048%2C590&ssl=1\",\"width\":2048,\"height\":590},{\"@type\":\"BreadcrumbList\",\"@id\":\"https:\/\/erbel.eus\/eu\/2025\/01\/14\/erbelen-2024ko-hautespen-eta-genetika-jardunaldiko-bideoa-5-6-ubeeo-barroari-aurre-egingo-dioten-erleak-hautatzeko-tresna-berria\/#breadcrumb\",\"itemListElement\":[{\"@type\":\"ListItem\",\"position\":1,\"name\":\"Home\",\"item\":\"https:\/\/erbel.eus\/\"},{\"@type\":\"ListItem\",\"position\":2,\"name\":\"ERBELen 2024ko Hautespen eta Genetika Jardunaldiko bideoa (5\/6): \u201cUbeeO: Barroari aurre egingo dioten erleak hautatzeko tresna berria\u201d\"}]},{\"@type\":\"WebSite\",\"@id\":\"https:\/\/erbel.eus\/#website\",\"url\":\"https:\/\/erbel.eus\/\",\"name\":\"ERBEL\",\"description\":\" Erle Beltz Hazleen Elkartea - Asociacion de criadores de abeja Erle Beltza - Association d&#039;eleveurs d&#039;abeilles Erle Beltza\",\"publisher\":{\"@id\":\"https:\/\/erbel.eus\/#organization\"},\"potentialAction\":[{\"@type\":\"SearchAction\",\"target\":{\"@type\":\"EntryPoint\",\"urlTemplate\":\"https:\/\/erbel.eus\/?s={search_term_string}\"},\"query-input\":{\"@type\":\"PropertyValueSpecification\",\"valueRequired\":true,\"valueName\":\"search_term_string\"}}],\"inLanguage\":\"fr-FR\"},{\"@type\":\"Organization\",\"@id\":\"https:\/\/erbel.eus\/#organization\",\"name\":\"ERBEL Erle Beltza Hazleen Elkartea\",\"url\":\"https:\/\/erbel.eus\/\",\"logo\":{\"@type\":\"ImageObject\",\"inLanguage\":\"fr-FR\",\"@id\":\"https:\/\/erbel.eus\/#\/schema\/logo\/image\/\",\"url\":\"https:\/\/i0.wp.com\/erbel.eus\/wp-content\/uploads\/2019\/05\/erbel_erleak_denak-beltz.png?fit=300%2C316&ssl=1\",\"contentUrl\":\"https:\/\/i0.wp.com\/erbel.eus\/wp-content\/uploads\/2019\/05\/erbel_erleak_denak-beltz.png?fit=300%2C316&ssl=1\",\"width\":300,\"height\":316,\"caption\":\"ERBEL Erle Beltza Hazleen Elkartea\"},\"image\":{\"@id\":\"https:\/\/erbel.eus\/#\/schema\/logo\/image\/\"},\"sameAs\":[\"https:\/\/www.youtube.com\/channel\/UCNkgIS3GnpMESbnykKUIqgw\"]},{\"@type\":\"Person\",\"@id\":\"https:\/\/erbel.eus\/#\/schema\/person\/ff2d1eacc8825f0e87a0d04848349a7c\",\"name\":\"Egoitz Galartza\",\"image\":{\"@type\":\"ImageObject\",\"inLanguage\":\"fr-FR\",\"@id\":\"https:\/\/erbel.eus\/#\/schema\/person\/image\/\",\"url\":\"\/\/www.gravatar.com\/avatar\/2b6f40c945cfbd3dfdb8ec528a7534d9?s=96&#038;r=g&#038;d=mm\",\"contentUrl\":\"\/\/www.gravatar.com\/avatar\/2b6f40c945cfbd3dfdb8ec528a7534d9?s=96&#038;r=g&#038;d=mm\",\"caption\":\"Egoitz Galartza\"}}]}<\/script>\n<!-- \/ Yoast SEO plugin. -->","yoast_head_json":{"title":"ERBELen 2024ko Hautespen eta Genetika Jardunaldiko bideoa (5\/6): \u201cUbeeO: Barroari aurre egingo dioten erleak hautatzeko tresna berria\u201d &#8226; ERBEL","robots":{"index":"index","follow":"follow","max-snippet":"max-snippet:-1","max-image-preview":"max-image-preview:large","max-video-preview":"max-video-preview:-1"},"canonical":"https:\/\/erbel.eus\/eu\/2025\/01\/14\/erbelen-2024ko-hautespen-eta-genetika-jardunaldiko-bideoa-5-6-ubeeo-barroari-aurre-egingo-dioten-erleak-hautatzeko-tresna-berria\/","og_locale":"fr_FR","og_type":"article","og_title":"ERBELen 2024ko Hautespen eta Genetika Jardunaldiko bideoa (5\/6): \u201cUbeeO: Barroari aurre egingo dioten erleak hautatzeko tresna berria\u201d &#8226; ERBEL","og_description":"Bostgarren bideoa Luis Javier Chueca ikerlariarena da. Chueca doktorea da Euskal Herriko Unibertsitatean, Biodibertsitate, Funtzionamendu eta Ekosistemen Gestioan. 2018an, Eusko Jaurlaritzaren doktore-ondoko beka bat jaso zuen. Horrek modua eman zion Alemanian hiru urteko ikerketa egonaldia egiteko, eta han eboluzioa eta egokitzapen azterketak egin zituen genoma osoak analizatuz. Nazioarteko egonaldi horren ondoren, Luis Javierrek beka bat lortu zuen Unibertsitate Ministerioaren eskutik EHUra itzultzeko eta teknika genetikoak aplikatuz erle eztigile iberiko gogorragoak lortzeko. Gaur egun, BC3n dihardu (Klima Aldaketarako EAEko gunean). Hor ingurumenean basa polinizatzaileek duten eragina ikertzen dihardu, hesteetako mikrobiota aztertuz.","og_url":"https:\/\/erbel.eus\/eu\/2025\/01\/14\/erbelen-2024ko-hautespen-eta-genetika-jardunaldiko-bideoa-5-6-ubeeo-barroari-aurre-egingo-dioten-erleak-hautatzeko-tresna-berria\/","og_site_name":"ERBEL","article_published_time":"2025-01-14T10:31:18+00:00","article_modified_time":"2025-01-14T10:33:06+00:00","og_image":[{"width":2048,"height":590,"url":"https:\/\/erbel.eus\/wp-content\/uploads\/2024\/12\/Cartel20242-scaled.jpg","type":"image\/jpeg"}],"author":"Egoitz Galartza","twitter_card":"summary_large_image","twitter_misc":{"\u00c9crit par":"Egoitz Galartza","Dur\u00e9e de lecture estim\u00e9e":"1 minute"},"schema":{"@context":"https:\/\/schema.org","@graph":[{"@type":"Article","@id":"https:\/\/erbel.eus\/eu\/2025\/01\/14\/erbelen-2024ko-hautespen-eta-genetika-jardunaldiko-bideoa-5-6-ubeeo-barroari-aurre-egingo-dioten-erleak-hautatzeko-tresna-berria\/#article","isPartOf":{"@id":"https:\/\/erbel.eus\/eu\/2025\/01\/14\/erbelen-2024ko-hautespen-eta-genetika-jardunaldiko-bideoa-5-6-ubeeo-barroari-aurre-egingo-dioten-erleak-hautatzeko-tresna-berria\/"},"author":{"name":"Egoitz Galartza","@id":"https:\/\/erbel.eus\/#\/schema\/person\/ff2d1eacc8825f0e87a0d04848349a7c"},"headline":"ERBELen 2024ko Hautespen eta Genetika Jardunaldiko bideoa (5\/6): \u201cUbeeO: Barroari aurre egingo dioten erleak hautatzeko tresna berria\u201d","datePublished":"2025-01-14T10:31:18+00:00","dateModified":"2025-01-14T10:33:06+00:00","mainEntityOfPage":{"@id":"https:\/\/erbel.eus\/eu\/2025\/01\/14\/erbelen-2024ko-hautespen-eta-genetika-jardunaldiko-bideoa-5-6-ubeeo-barroari-aurre-egingo-dioten-erleak-hautatzeko-tresna-berria\/"},"wordCount":137,"publisher":{"@id":"https:\/\/erbel.eus\/#organization"},"image":{"@id":"https:\/\/erbel.eus\/eu\/2025\/01\/14\/erbelen-2024ko-hautespen-eta-genetika-jardunaldiko-bideoa-5-6-ubeeo-barroari-aurre-egingo-dioten-erleak-hautatzeko-tresna-berria\/#primaryimage"},"thumbnailUrl":"https:\/\/i0.wp.com\/erbel.eus\/wp-content\/uploads\/2024\/12\/Cartel20242-scaled.jpg?fit=2048%2C590&ssl=1","articleSection":["berriak","Non classifi\u00e9(e)"],"inLanguage":"fr-FR"},{"@type":"WebPage","@id":"https:\/\/erbel.eus\/eu\/2025\/01\/14\/erbelen-2024ko-hautespen-eta-genetika-jardunaldiko-bideoa-5-6-ubeeo-barroari-aurre-egingo-dioten-erleak-hautatzeko-tresna-berria\/","url":"https:\/\/erbel.eus\/eu\/2025\/01\/14\/erbelen-2024ko-hautespen-eta-genetika-jardunaldiko-bideoa-5-6-ubeeo-barroari-aurre-egingo-dioten-erleak-hautatzeko-tresna-berria\/","name":"ERBELen 2024ko Hautespen eta Genetika Jardunaldiko bideoa (5\/6): \u201cUbeeO: Barroari aurre egingo dioten erleak hautatzeko tresna berria\u201d &#8226; ERBEL","isPartOf":{"@id":"https:\/\/erbel.eus\/#website"},"primaryImageOfPage":{"@id":"https:\/\/erbel.eus\/eu\/2025\/01\/14\/erbelen-2024ko-hautespen-eta-genetika-jardunaldiko-bideoa-5-6-ubeeo-barroari-aurre-egingo-dioten-erleak-hautatzeko-tresna-berria\/#primaryimage"},"image":{"@id":"https:\/\/erbel.eus\/eu\/2025\/01\/14\/erbelen-2024ko-hautespen-eta-genetika-jardunaldiko-bideoa-5-6-ubeeo-barroari-aurre-egingo-dioten-erleak-hautatzeko-tresna-berria\/#primaryimage"},"thumbnailUrl":"https:\/\/i0.wp.com\/erbel.eus\/wp-content\/uploads\/2024\/12\/Cartel20242-scaled.jpg?fit=2048%2C590&ssl=1","datePublished":"2025-01-14T10:31:18+00:00","dateModified":"2025-01-14T10:33:06+00:00","breadcrumb":{"@id":"https:\/\/erbel.eus\/eu\/2025\/01\/14\/erbelen-2024ko-hautespen-eta-genetika-jardunaldiko-bideoa-5-6-ubeeo-barroari-aurre-egingo-dioten-erleak-hautatzeko-tresna-berria\/#breadcrumb"},"inLanguage":"fr-FR","potentialAction":[{"@type":"ReadAction","target":["https:\/\/erbel.eus\/eu\/2025\/01\/14\/erbelen-2024ko-hautespen-eta-genetika-jardunaldiko-bideoa-5-6-ubeeo-barroari-aurre-egingo-dioten-erleak-hautatzeko-tresna-berria\/"]}]},{"@type":"ImageObject","inLanguage":"fr-FR","@id":"https:\/\/erbel.eus\/eu\/2025\/01\/14\/erbelen-2024ko-hautespen-eta-genetika-jardunaldiko-bideoa-5-6-ubeeo-barroari-aurre-egingo-dioten-erleak-hautatzeko-tresna-berria\/#primaryimage","url":"https:\/\/i0.wp.com\/erbel.eus\/wp-content\/uploads\/2024\/12\/Cartel20242-scaled.jpg?fit=2048%2C590&ssl=1","contentUrl":"https:\/\/i0.wp.com\/erbel.eus\/wp-content\/uploads\/2024\/12\/Cartel20242-scaled.jpg?fit=2048%2C590&ssl=1","width":2048,"height":590},{"@type":"BreadcrumbList","@id":"https:\/\/erbel.eus\/eu\/2025\/01\/14\/erbelen-2024ko-hautespen-eta-genetika-jardunaldiko-bideoa-5-6-ubeeo-barroari-aurre-egingo-dioten-erleak-hautatzeko-tresna-berria\/#breadcrumb","itemListElement":[{"@type":"ListItem","position":1,"name":"Home","item":"https:\/\/erbel.eus\/"},{"@type":"ListItem","position":2,"name":"ERBELen 2024ko Hautespen eta Genetika Jardunaldiko bideoa (5\/6): \u201cUbeeO: Barroari aurre egingo dioten erleak hautatzeko tresna berria\u201d"}]},{"@type":"WebSite","@id":"https:\/\/erbel.eus\/#website","url":"https:\/\/erbel.eus\/","name":"ERBEL","description":" Erle Beltz Hazleen Elkartea - Asociacion de criadores de abeja Erle Beltza - Association d&#039;eleveurs d&#039;abeilles Erle Beltza","publisher":{"@id":"https:\/\/erbel.eus\/#organization"},"potentialAction":[{"@type":"SearchAction","target":{"@type":"EntryPoint","urlTemplate":"https:\/\/erbel.eus\/?s={search_term_string}"},"query-input":{"@type":"PropertyValueSpecification","valueRequired":true,"valueName":"search_term_string"}}],"inLanguage":"fr-FR"},{"@type":"Organization","@id":"https:\/\/erbel.eus\/#organization","name":"ERBEL Erle Beltza Hazleen Elkartea","url":"https:\/\/erbel.eus\/","logo":{"@type":"ImageObject","inLanguage":"fr-FR","@id":"https:\/\/erbel.eus\/#\/schema\/logo\/image\/","url":"https:\/\/i0.wp.com\/erbel.eus\/wp-content\/uploads\/2019\/05\/erbel_erleak_denak-beltz.png?fit=300%2C316&ssl=1","contentUrl":"https:\/\/i0.wp.com\/erbel.eus\/wp-content\/uploads\/2019\/05\/erbel_erleak_denak-beltz.png?fit=300%2C316&ssl=1","width":300,"height":316,"caption":"ERBEL Erle Beltza Hazleen Elkartea"},"image":{"@id":"https:\/\/erbel.eus\/#\/schema\/logo\/image\/"},"sameAs":["https:\/\/www.youtube.com\/channel\/UCNkgIS3GnpMESbnykKUIqgw"]},{"@type":"Person","@id":"https:\/\/erbel.eus\/#\/schema\/person\/ff2d1eacc8825f0e87a0d04848349a7c","name":"Egoitz Galartza","image":{"@type":"ImageObject","inLanguage":"fr-FR","@id":"https:\/\/erbel.eus\/#\/schema\/person\/image\/","url":"\/\/www.gravatar.com\/avatar\/2b6f40c945cfbd3dfdb8ec528a7534d9?s=96&#038;r=g&#038;d=mm","contentUrl":"\/\/www.gravatar.com\/avatar\/2b6f40c945cfbd3dfdb8ec528a7534d9?s=96&#038;r=g&#038;d=mm","caption":"Egoitz Galartza"}}]}},"jetpack_featured_media_url":"https:\/\/i0.wp.com\/erbel.eus\/wp-content\/uploads\/2024\/12\/Cartel20242-scaled.jpg?fit=2048%2C590&ssl=1","jetpack_sharing_enabled":true,"_links":{"self":[{"href":"https:\/\/erbel.eus\/fr\/wp-json\/wp\/v2\/posts\/3140","targetHints":{"allow":["GET"]}}],"collection":[{"href":"https:\/\/erbel.eus\/fr\/wp-json\/wp\/v2\/posts"}],"about":[{"href":"https:\/\/erbel.eus\/fr\/wp-json\/wp\/v2\/types\/post"}],"author":[{"embeddable":true,"href":"https:\/\/erbel.eus\/fr\/wp-json\/wp\/v2\/users\/2"}],"replies":[{"embeddable":true,"href":"https:\/\/erbel.eus\/fr\/wp-json\/wp\/v2\/comments?post=3140"}],"version-history":[{"count":2,"href":"https:\/\/erbel.eus\/fr\/wp-json\/wp\/v2\/posts\/3140\/revisions"}],"predecessor-version":[{"id":3143,"href":"https:\/\/erbel.eus\/fr\/wp-json\/wp\/v2\/posts\/3140\/revisions\/3143"}],"wp:featuredmedia":[{"embeddable":true,"href":"https:\/\/erbel.eus\/fr\/wp-json\/wp\/v2\/media\/3072"}],"wp:attachment":[{"href":"https:\/\/erbel.eus\/fr\/wp-json\/wp\/v2\/media?parent=3140"}],"wp:term":[{"taxonomy":"category","embeddable":true,"href":"https:\/\/erbel.eus\/fr\/wp-json\/wp\/v2\/categories?post=3140"},{"taxonomy":"post_tag","embeddable":true,"href":"https:\/\/erbel.eus\/fr\/wp-json\/wp\/v2\/tags?post=3140"}],"curies":[{"name":"wp","href":"https:\/\/api.w.org\/{rel}","templated":true}]}}