{"id":2888,"date":"2024-07-23T16:59:00","date_gmt":"2024-07-23T15:59:00","guid":{"rendered":"https:\/\/www.erbel.eus\/2024\/07\/23\/formation-sur-lelevage-des-reines-avec-osvaldo-atela\/"},"modified":"2024-07-23T16:59:01","modified_gmt":"2024-07-23T15:59:01","slug":"formation-sur-lelevage-des-reines-avec-osvaldo-atela","status":"publish","type":"post","link":"https:\/\/erbel.eus\/fr\/2024\/07\/23\/formation-sur-lelevage-des-reines-avec-osvaldo-atela\/","title":{"rendered":"Formation sur l&rsquo;\u00e9levage des reines avec Osvaldo Atela"},"content":{"rendered":"\n<p><strong>Egoitz Galartza Garaialde<\/strong><\/p>\n\n<p>Du 15 au 19 juillet, l&rsquo;ing\u00e9nieur agronome Osvaldo Atela (Argentine) a donn\u00e9 un cours exhaustif sur l&rsquo;\u00e9levage des reines aux membres d&rsquo;Erbel. Pendant 35 ans, Atela a assum\u00e9 la conduite du cheptel apicole Pedro J. Bover dans la province de Buenos Aires, en Argentine. <\/p>\n\n<p>Le cheptel Pedro J. Bover a une capacit\u00e9 de production de 3\u00a0800 reines f\u00e9cond\u00e9es et de 9\u00a0000 cellules royales. Ces derni\u00e8res ann\u00e9es en outre, un programme de s\u00e9lection et de multiplication du mat\u00e9riel s\u00e9lectionn\u00e9 a \u00e9t\u00e9 introduit. Gr\u00e2ce \u00e0 son plan de formation, le site a vu passer un grand nombre de techniciens et de professionnels de toute l&rsquo;Argentine et de l&rsquo;\u00e9tranger.<\/p>\n\n<p>Au cours de 5 journ\u00e9es intenses, Atela a r\u00e9sum\u00e9 l&rsquo;exp\u00e9rience accumul\u00e9e pendant son long parcours professionnel et, gr\u00e2ce \u00e0 lui, nous avons pu approfondir les diff\u00e9rentes m\u00e9thodes d&rsquo;\u00e9levage des reines\u00a0: pr\u00e9paration des bo\u00eetiers starters et finisseurs, transfert des larves, formation des noyaux de f\u00e9condation, contr\u00f4le des accouplements, syst\u00e8mes de s\u00e9lection, sant\u00e9 des abeilles, etc.<\/p>\n\n<p>Merci pour ton enseignement, Osvaldo!<\/p>\n","protected":false},"excerpt":{"rendered":"<p>Du 15 au 19 juillet, l&rsquo;ing\u00e9nieur agronome Osvaldo Atela (Argentine) a donn\u00e9 un cours exhaustif sur l&rsquo;\u00e9levage des reines aux membres d&rsquo;Erbel. Pendant 35 ans, Atela a assum\u00e9 la conduite du cheptel apicole Pedro J. Bover dans la province de Buenos Aires, en Argentine. <\/p>\n","protected":false},"author":2,"featured_media":2880,"comment_status":"closed","ping_status":"open","sticky":false,"template":"","format":"standard","meta":{"_bbp_topic_count":0,"_bbp_reply_count":0,"_bbp_total_topic_count":0,"_bbp_total_reply_count":0,"_bbp_voice_count":0,"_bbp_anonymous_reply_count":0,"_bbp_topic_count_hidden":0,"_bbp_reply_count_hidden":0,"_bbp_forum_subforum_count":0,"_jetpack_memberships_contains_paid_content":false,"footnotes":""},"categories":[39],"tags":[],"class_list":["post-2888","post","type-post","status-publish","format-standard","has-post-thumbnail","hentry","category-nouvelles","masonry-post","generate-columns","tablet-grid-50","mobile-grid-100","grid-parent","grid-50"],"yoast_head":"<!-- This site is optimized with the Yoast SEO plugin v26.8 - https:\/\/yoast.com\/product\/yoast-seo-wordpress\/ -->\n<title>Formation sur l&#039;\u00e9levage des reines avec Osvaldo Atela &#8226; ERBEL<\/title>\n<meta name=\"robots\" content=\"index, follow, max-snippet:-1, max-image-preview:large, max-video-preview:-1\" \/>\n<link rel=\"canonical\" href=\"https:\/\/erbel.eus\/2024\/07\/23\/formacion-de-cria-de-reinas-con-osvaldo-atela\/\" \/>\n<meta property=\"og:locale\" content=\"fr_FR\" \/>\n<meta property=\"og:type\" content=\"article\" \/>\n<meta property=\"og:title\" content=\"Formation sur l&#039;\u00e9levage des reines avec Osvaldo Atela &#8226; ERBEL\" \/>\n<meta property=\"og:description\" content=\"Du 15 au 19 juillet, l&#039;ing\u00e9nieur agronome Osvaldo Atela (Argentine) a donn\u00e9 un cours exhaustif sur l&#039;\u00e9levage des reines aux membres d&#039;Erbel. Pendant 35 ans, Atela a assum\u00e9 la conduite du cheptel apicole Pedro J. Bover dans la province de Buenos Aires, en Argentine.\" \/>\n<meta property=\"og:url\" content=\"https:\/\/erbel.eus\/2024\/07\/23\/formacion-de-cria-de-reinas-con-osvaldo-atela\/\" \/>\n<meta property=\"og:site_name\" content=\"ERBEL\" \/>\n<meta property=\"article:published_time\" content=\"2024-07-23T15:59:00+00:00\" \/>\n<meta property=\"article:modified_time\" content=\"2024-07-23T15:59:01+00:00\" \/>\n<meta property=\"og:image\" content=\"https:\/\/i0.wp.com\/erbel.eus\/wp-content\/uploads\/2024\/07\/WhatsApp-Image-2024-07-19-at-08.51.25.jpeg?fit=1280%2C853&ssl=1\" \/>\n\t<meta property=\"og:image:width\" content=\"1280\" \/>\n\t<meta property=\"og:image:height\" content=\"853\" \/>\n\t<meta property=\"og:image:type\" content=\"image\/jpeg\" \/>\n<meta name=\"author\" content=\"Egoitz Galartza\" \/>\n<meta name=\"twitter:card\" content=\"summary_large_image\" \/>\n<meta name=\"twitter:label1\" content=\"\u00c9crit par\" \/>\n\t<meta name=\"twitter:data1\" content=\"Egoitz Galartza\" \/>\n\t<meta name=\"twitter:label2\" content=\"Dur\u00e9e de lecture estim\u00e9e\" \/>\n\t<meta name=\"twitter:data2\" content=\"1 minute\" \/>\n<script type=\"application\/ld+json\" class=\"yoast-schema-graph\">{\"@context\":\"https:\/\/schema.org\",\"@graph\":[{\"@type\":\"Article\",\"@id\":\"https:\/\/erbel.eus\/2024\/07\/23\/formacion-de-cria-de-reinas-con-osvaldo-atela\/#article\",\"isPartOf\":{\"@id\":\"https:\/\/erbel.eus\/2024\/07\/23\/formacion-de-cria-de-reinas-con-osvaldo-atela\/\"},\"author\":{\"name\":\"Egoitz Galartza\",\"@id\":\"https:\/\/erbel.eus\/#\/schema\/person\/ff2d1eacc8825f0e87a0d04848349a7c\"},\"headline\":\"Formation sur l&rsquo;\u00e9levage des reines avec Osvaldo Atela\",\"datePublished\":\"2024-07-23T15:59:00+00:00\",\"dateModified\":\"2024-07-23T15:59:01+00:00\",\"mainEntityOfPage\":{\"@id\":\"https:\/\/erbel.eus\/2024\/07\/23\/formacion-de-cria-de-reinas-con-osvaldo-atela\/\"},\"wordCount\":198,\"publisher\":{\"@id\":\"https:\/\/erbel.eus\/#organization\"},\"image\":{\"@id\":\"https:\/\/erbel.eus\/2024\/07\/23\/formacion-de-cria-de-reinas-con-osvaldo-atela\/#primaryimage\"},\"thumbnailUrl\":\"https:\/\/i0.wp.com\/erbel.eus\/wp-content\/uploads\/2024\/07\/WhatsApp-Image-2024-07-19-at-08.51.25.jpeg?fit=1280%2C853&ssl=1\",\"articleSection\":[\"nouvelles\"],\"inLanguage\":\"fr-FR\"},{\"@type\":\"WebPage\",\"@id\":\"https:\/\/erbel.eus\/2024\/07\/23\/formacion-de-cria-de-reinas-con-osvaldo-atela\/\",\"url\":\"https:\/\/erbel.eus\/2024\/07\/23\/formacion-de-cria-de-reinas-con-osvaldo-atela\/\",\"name\":\"Formation sur l'\u00e9levage des reines avec Osvaldo Atela &#8226; ERBEL\",\"isPartOf\":{\"@id\":\"https:\/\/erbel.eus\/#website\"},\"primaryImageOfPage\":{\"@id\":\"https:\/\/erbel.eus\/2024\/07\/23\/formacion-de-cria-de-reinas-con-osvaldo-atela\/#primaryimage\"},\"image\":{\"@id\":\"https:\/\/erbel.eus\/2024\/07\/23\/formacion-de-cria-de-reinas-con-osvaldo-atela\/#primaryimage\"},\"thumbnailUrl\":\"https:\/\/i0.wp.com\/erbel.eus\/wp-content\/uploads\/2024\/07\/WhatsApp-Image-2024-07-19-at-08.51.25.jpeg?fit=1280%2C853&ssl=1\",\"datePublished\":\"2024-07-23T15:59:00+00:00\",\"dateModified\":\"2024-07-23T15:59:01+00:00\",\"breadcrumb\":{\"@id\":\"https:\/\/erbel.eus\/2024\/07\/23\/formacion-de-cria-de-reinas-con-osvaldo-atela\/#breadcrumb\"},\"inLanguage\":\"fr-FR\",\"potentialAction\":[{\"@type\":\"ReadAction\",\"target\":[\"https:\/\/erbel.eus\/2024\/07\/23\/formacion-de-cria-de-reinas-con-osvaldo-atela\/\"]}]},{\"@type\":\"ImageObject\",\"inLanguage\":\"fr-FR\",\"@id\":\"https:\/\/erbel.eus\/2024\/07\/23\/formacion-de-cria-de-reinas-con-osvaldo-atela\/#primaryimage\",\"url\":\"https:\/\/i0.wp.com\/erbel.eus\/wp-content\/uploads\/2024\/07\/WhatsApp-Image-2024-07-19-at-08.51.25.jpeg?fit=1280%2C853&ssl=1\",\"contentUrl\":\"https:\/\/i0.wp.com\/erbel.eus\/wp-content\/uploads\/2024\/07\/WhatsApp-Image-2024-07-19-at-08.51.25.jpeg?fit=1280%2C853&ssl=1\",\"width\":1280,\"height\":853},{\"@type\":\"BreadcrumbList\",\"@id\":\"https:\/\/erbel.eus\/2024\/07\/23\/formacion-de-cria-de-reinas-con-osvaldo-atela\/#breadcrumb\",\"itemListElement\":[{\"@type\":\"ListItem\",\"position\":1,\"name\":\"Home\",\"item\":\"https:\/\/erbel.eus\/\"},{\"@type\":\"ListItem\",\"position\":2,\"name\":\"Formation sur l&#8217;\u00e9levage des reines avec Osvaldo Atela\"}]},{\"@type\":\"WebSite\",\"@id\":\"https:\/\/erbel.eus\/#website\",\"url\":\"https:\/\/erbel.eus\/\",\"name\":\"ERBEL\",\"description\":\" Erle Beltz Hazleen Elkartea - Asociacion de criadores de abeja Erle Beltza - Association d&#039;eleveurs d&#039;abeilles Erle Beltza\",\"publisher\":{\"@id\":\"https:\/\/erbel.eus\/#organization\"},\"potentialAction\":[{\"@type\":\"SearchAction\",\"target\":{\"@type\":\"EntryPoint\",\"urlTemplate\":\"https:\/\/erbel.eus\/?s={search_term_string}\"},\"query-input\":{\"@type\":\"PropertyValueSpecification\",\"valueRequired\":true,\"valueName\":\"search_term_string\"}}],\"inLanguage\":\"fr-FR\"},{\"@type\":\"Organization\",\"@id\":\"https:\/\/erbel.eus\/#organization\",\"name\":\"ERBEL Erle Beltza Hazleen Elkartea\",\"url\":\"https:\/\/erbel.eus\/\",\"logo\":{\"@type\":\"ImageObject\",\"inLanguage\":\"fr-FR\",\"@id\":\"https:\/\/erbel.eus\/#\/schema\/logo\/image\/\",\"url\":\"https:\/\/i0.wp.com\/erbel.eus\/wp-content\/uploads\/2019\/05\/erbel_erleak_denak-beltz.png?fit=300%2C316&ssl=1\",\"contentUrl\":\"https:\/\/i0.wp.com\/erbel.eus\/wp-content\/uploads\/2019\/05\/erbel_erleak_denak-beltz.png?fit=300%2C316&ssl=1\",\"width\":300,\"height\":316,\"caption\":\"ERBEL Erle Beltza Hazleen Elkartea\"},\"image\":{\"@id\":\"https:\/\/erbel.eus\/#\/schema\/logo\/image\/\"},\"sameAs\":[\"https:\/\/www.youtube.com\/channel\/UCNkgIS3GnpMESbnykKUIqgw\"]},{\"@type\":\"Person\",\"@id\":\"https:\/\/erbel.eus\/#\/schema\/person\/ff2d1eacc8825f0e87a0d04848349a7c\",\"name\":\"Egoitz Galartza\",\"image\":{\"@type\":\"ImageObject\",\"inLanguage\":\"fr-FR\",\"@id\":\"https:\/\/erbel.eus\/#\/schema\/person\/image\/\",\"url\":\"\/\/www.gravatar.com\/avatar\/2b6f40c945cfbd3dfdb8ec528a7534d9?s=96&#038;r=g&#038;d=mm\",\"contentUrl\":\"\/\/www.gravatar.com\/avatar\/2b6f40c945cfbd3dfdb8ec528a7534d9?s=96&#038;r=g&#038;d=mm\",\"caption\":\"Egoitz Galartza\"}}]}<\/script>\n<!-- \/ Yoast SEO plugin. -->","yoast_head_json":{"title":"Formation sur l'\u00e9levage des reines avec Osvaldo Atela &#8226; ERBEL","robots":{"index":"index","follow":"follow","max-snippet":"max-snippet:-1","max-image-preview":"max-image-preview:large","max-video-preview":"max-video-preview:-1"},"canonical":"https:\/\/erbel.eus\/2024\/07\/23\/formacion-de-cria-de-reinas-con-osvaldo-atela\/","og_locale":"fr_FR","og_type":"article","og_title":"Formation sur l'\u00e9levage des reines avec Osvaldo Atela &#8226; ERBEL","og_description":"Du 15 au 19 juillet, l'ing\u00e9nieur agronome Osvaldo Atela (Argentine) a donn\u00e9 un cours exhaustif sur l'\u00e9levage des reines aux membres d'Erbel. Pendant 35 ans, Atela a assum\u00e9 la conduite du cheptel apicole Pedro J. Bover dans la province de Buenos Aires, en Argentine.","og_url":"https:\/\/erbel.eus\/2024\/07\/23\/formacion-de-cria-de-reinas-con-osvaldo-atela\/","og_site_name":"ERBEL","article_published_time":"2024-07-23T15:59:00+00:00","article_modified_time":"2024-07-23T15:59:01+00:00","og_image":[{"width":1280,"height":853,"url":"https:\/\/i0.wp.com\/erbel.eus\/wp-content\/uploads\/2024\/07\/WhatsApp-Image-2024-07-19-at-08.51.25.jpeg?fit=1280%2C853&ssl=1","type":"image\/jpeg"}],"author":"Egoitz Galartza","twitter_card":"summary_large_image","twitter_misc":{"\u00c9crit par":"Egoitz Galartza","Dur\u00e9e de lecture estim\u00e9e":"1 minute"},"schema":{"@context":"https:\/\/schema.org","@graph":[{"@type":"Article","@id":"https:\/\/erbel.eus\/2024\/07\/23\/formacion-de-cria-de-reinas-con-osvaldo-atela\/#article","isPartOf":{"@id":"https:\/\/erbel.eus\/2024\/07\/23\/formacion-de-cria-de-reinas-con-osvaldo-atela\/"},"author":{"name":"Egoitz Galartza","@id":"https:\/\/erbel.eus\/#\/schema\/person\/ff2d1eacc8825f0e87a0d04848349a7c"},"headline":"Formation sur l&rsquo;\u00e9levage des reines avec Osvaldo Atela","datePublished":"2024-07-23T15:59:00+00:00","dateModified":"2024-07-23T15:59:01+00:00","mainEntityOfPage":{"@id":"https:\/\/erbel.eus\/2024\/07\/23\/formacion-de-cria-de-reinas-con-osvaldo-atela\/"},"wordCount":198,"publisher":{"@id":"https:\/\/erbel.eus\/#organization"},"image":{"@id":"https:\/\/erbel.eus\/2024\/07\/23\/formacion-de-cria-de-reinas-con-osvaldo-atela\/#primaryimage"},"thumbnailUrl":"https:\/\/i0.wp.com\/erbel.eus\/wp-content\/uploads\/2024\/07\/WhatsApp-Image-2024-07-19-at-08.51.25.jpeg?fit=1280%2C853&ssl=1","articleSection":["nouvelles"],"inLanguage":"fr-FR"},{"@type":"WebPage","@id":"https:\/\/erbel.eus\/2024\/07\/23\/formacion-de-cria-de-reinas-con-osvaldo-atela\/","url":"https:\/\/erbel.eus\/2024\/07\/23\/formacion-de-cria-de-reinas-con-osvaldo-atela\/","name":"Formation sur l'\u00e9levage des reines avec Osvaldo Atela &#8226; ERBEL","isPartOf":{"@id":"https:\/\/erbel.eus\/#website"},"primaryImageOfPage":{"@id":"https:\/\/erbel.eus\/2024\/07\/23\/formacion-de-cria-de-reinas-con-osvaldo-atela\/#primaryimage"},"image":{"@id":"https:\/\/erbel.eus\/2024\/07\/23\/formacion-de-cria-de-reinas-con-osvaldo-atela\/#primaryimage"},"thumbnailUrl":"https:\/\/i0.wp.com\/erbel.eus\/wp-content\/uploads\/2024\/07\/WhatsApp-Image-2024-07-19-at-08.51.25.jpeg?fit=1280%2C853&ssl=1","datePublished":"2024-07-23T15:59:00+00:00","dateModified":"2024-07-23T15:59:01+00:00","breadcrumb":{"@id":"https:\/\/erbel.eus\/2024\/07\/23\/formacion-de-cria-de-reinas-con-osvaldo-atela\/#breadcrumb"},"inLanguage":"fr-FR","potentialAction":[{"@type":"ReadAction","target":["https:\/\/erbel.eus\/2024\/07\/23\/formacion-de-cria-de-reinas-con-osvaldo-atela\/"]}]},{"@type":"ImageObject","inLanguage":"fr-FR","@id":"https:\/\/erbel.eus\/2024\/07\/23\/formacion-de-cria-de-reinas-con-osvaldo-atela\/#primaryimage","url":"https:\/\/i0.wp.com\/erbel.eus\/wp-content\/uploads\/2024\/07\/WhatsApp-Image-2024-07-19-at-08.51.25.jpeg?fit=1280%2C853&ssl=1","contentUrl":"https:\/\/i0.wp.com\/erbel.eus\/wp-content\/uploads\/2024\/07\/WhatsApp-Image-2024-07-19-at-08.51.25.jpeg?fit=1280%2C853&ssl=1","width":1280,"height":853},{"@type":"BreadcrumbList","@id":"https:\/\/erbel.eus\/2024\/07\/23\/formacion-de-cria-de-reinas-con-osvaldo-atela\/#breadcrumb","itemListElement":[{"@type":"ListItem","position":1,"name":"Home","item":"https:\/\/erbel.eus\/"},{"@type":"ListItem","position":2,"name":"Formation sur l&#8217;\u00e9levage des reines avec Osvaldo Atela"}]},{"@type":"WebSite","@id":"https:\/\/erbel.eus\/#website","url":"https:\/\/erbel.eus\/","name":"ERBEL","description":" Erle Beltz Hazleen Elkartea - Asociacion de criadores de abeja Erle Beltza - Association d&#039;eleveurs d&#039;abeilles Erle Beltza","publisher":{"@id":"https:\/\/erbel.eus\/#organization"},"potentialAction":[{"@type":"SearchAction","target":{"@type":"EntryPoint","urlTemplate":"https:\/\/erbel.eus\/?s={search_term_string}"},"query-input":{"@type":"PropertyValueSpecification","valueRequired":true,"valueName":"search_term_string"}}],"inLanguage":"fr-FR"},{"@type":"Organization","@id":"https:\/\/erbel.eus\/#organization","name":"ERBEL Erle Beltza Hazleen Elkartea","url":"https:\/\/erbel.eus\/","logo":{"@type":"ImageObject","inLanguage":"fr-FR","@id":"https:\/\/erbel.eus\/#\/schema\/logo\/image\/","url":"https:\/\/i0.wp.com\/erbel.eus\/wp-content\/uploads\/2019\/05\/erbel_erleak_denak-beltz.png?fit=300%2C316&ssl=1","contentUrl":"https:\/\/i0.wp.com\/erbel.eus\/wp-content\/uploads\/2019\/05\/erbel_erleak_denak-beltz.png?fit=300%2C316&ssl=1","width":300,"height":316,"caption":"ERBEL Erle Beltza Hazleen Elkartea"},"image":{"@id":"https:\/\/erbel.eus\/#\/schema\/logo\/image\/"},"sameAs":["https:\/\/www.youtube.com\/channel\/UCNkgIS3GnpMESbnykKUIqgw"]},{"@type":"Person","@id":"https:\/\/erbel.eus\/#\/schema\/person\/ff2d1eacc8825f0e87a0d04848349a7c","name":"Egoitz Galartza","image":{"@type":"ImageObject","inLanguage":"fr-FR","@id":"https:\/\/erbel.eus\/#\/schema\/person\/image\/","url":"\/\/www.gravatar.com\/avatar\/2b6f40c945cfbd3dfdb8ec528a7534d9?s=96&#038;r=g&#038;d=mm","contentUrl":"\/\/www.gravatar.com\/avatar\/2b6f40c945cfbd3dfdb8ec528a7534d9?s=96&#038;r=g&#038;d=mm","caption":"Egoitz Galartza"}}]}},"jetpack_featured_media_url":"https:\/\/i0.wp.com\/erbel.eus\/wp-content\/uploads\/2024\/07\/WhatsApp-Image-2024-07-19-at-08.51.25.jpeg?fit=1280%2C853&ssl=1","jetpack_sharing_enabled":true,"_links":{"self":[{"href":"https:\/\/erbel.eus\/fr\/wp-json\/wp\/v2\/posts\/2888","targetHints":{"allow":["GET"]}}],"collection":[{"href":"https:\/\/erbel.eus\/fr\/wp-json\/wp\/v2\/posts"}],"about":[{"href":"https:\/\/erbel.eus\/fr\/wp-json\/wp\/v2\/types\/post"}],"author":[{"embeddable":true,"href":"https:\/\/erbel.eus\/fr\/wp-json\/wp\/v2\/users\/2"}],"replies":[{"embeddable":true,"href":"https:\/\/erbel.eus\/fr\/wp-json\/wp\/v2\/comments?post=2888"}],"version-history":[{"count":1,"href":"https:\/\/erbel.eus\/fr\/wp-json\/wp\/v2\/posts\/2888\/revisions"}],"predecessor-version":[{"id":2889,"href":"https:\/\/erbel.eus\/fr\/wp-json\/wp\/v2\/posts\/2888\/revisions\/2889"}],"wp:featuredmedia":[{"embeddable":true,"href":"https:\/\/erbel.eus\/fr\/wp-json\/wp\/v2\/media\/2880"}],"wp:attachment":[{"href":"https:\/\/erbel.eus\/fr\/wp-json\/wp\/v2\/media?parent=2888"}],"wp:term":[{"taxonomy":"category","embeddable":true,"href":"https:\/\/erbel.eus\/fr\/wp-json\/wp\/v2\/categories?post=2888"},{"taxonomy":"post_tag","embeddable":true,"href":"https:\/\/erbel.eus\/fr\/wp-json\/wp\/v2\/tags?post=2888"}],"curies":[{"name":"wp","href":"https:\/\/api.w.org\/{rel}","templated":true}]}}