{"id":2869,"date":"2024-05-06T17:26:21","date_gmt":"2024-05-06T16:26:21","guid":{"rendered":"https:\/\/www.erbel.eus\/2024\/05\/06\/constitution-de-la-federation-iberiensis\/"},"modified":"2024-05-06T17:26:23","modified_gmt":"2024-05-06T16:26:23","slug":"constitution-de-la-federation-iberiensis","status":"publish","type":"post","link":"https:\/\/erbel.eus\/fr\/2024\/05\/06\/constitution-de-la-federation-iberiensis\/","title":{"rendered":"Constitution de la F\u00e9d\u00e9ration IBERIENSIS"},"content":{"rendered":"\n<p><em>Communiqu\u00e9 de presse<\/em><\/p>\n\n<p>IBERIENSIS, la f\u00e9d\u00e9ration des associations d&rsquo;\u00e9leveurs de l&rsquo;abeille noire ib\u00e9rique, a \u00e9t\u00e9 fond\u00e9e, avec la signature des statuts qui a eu lieu le 27 avril, au Goizane de Zaldibia, Gipuzkoa (ES), si\u00e8ge social d&rsquo;IBERIENSIS.<\/p>\n\n<p>Les principaux objectifs d&rsquo;IBERIENSIS sont les suivants\u00a0:<\/p>\n\n<ul class=\"wp-block-list\"><li>Promouvoir l&rsquo;\u00e9levage et l&rsquo;am\u00e9lioration de la race de l&rsquo;abeille noire ib\u00e9rique (<em>Apis mellifera iberiensis<\/em>), par la mise en place d&rsquo;un programme d&rsquo;\u00e9levage visant \u00e0 s\u00e9lectionner les meilleures caract\u00e9ristiques de la race.<\/li><li>Promouvoir et d\u00e9velopper des actions visant \u00e0 la diffusion de l&rsquo;am\u00e9lioration et de la conservation de l&rsquo;abeille noire ib\u00e9rique, en collaboration avec les administrations comp\u00e9tentes.<\/li><li>Regrouper les associations espagnoles d&rsquo;\u00e9leveurs d&rsquo;abeilles noires ib\u00e9riques, d\u00e9fendre leurs int\u00e9r\u00eats, collaborer \u00e0 la formation technique des \u00e9leveurs et se poser en interlocuteur aupr\u00e8s des administrations publiques et autres organismes comp\u00e9tents.<\/li><li>Assurer la d\u00e9fense globale de l&rsquo;abeille noire ib\u00e9rique, en garantissant sa puret\u00e9 g\u00e9n\u00e9tique et en pr\u00e9servant ce patrimoine g\u00e9n\u00e9tique important en mati\u00e8re de biodiversit\u00e9.<\/li><\/ul>\n\n<p>\u00c0 court terme, la f\u00e9d\u00e9ration a pour principal objectif l&rsquo;inscription de l&rsquo;abeille noire ib\u00e9rique au catalogue officiel des races d&rsquo;\u00e9levage du Minist\u00e8re de l&rsquo;Agriculture, de la P\u00eache et de l&rsquo;Alimentation (espagnol) afin de pouvoir mettre en place un programme d&rsquo;\u00e9levage dans le but d&rsquo;am\u00e9liorer cette race sp\u00e9cifique. \u00c0 cette fin, elle dispose de diff\u00e9rents outils tels qu&rsquo;un protocole de test de rendement, une m\u00e9thodologie d&rsquo;\u00e9valuation g\u00e9n\u00e9tique, des syst\u00e8mes de contr\u00f4le des accouplements et des m\u00e9canismes de diagnostic concernant cette race d&rsquo;abeilles.<\/p>\n\n<p>IBERIENSIS regroupe les associations d&rsquo;\u00e9leveurs d&rsquo;abeilles noires ib\u00e9riques de chaque r\u00e9gion ou communaut\u00e9 autonome d&rsquo;Espagne\u00a0:<\/p>\n\n<ul class=\"wp-block-list\"><li>ACAMI, Association des \u00e9leveurs <em>Apis mellifera iberiensis<\/em> CLM (Castilla La Mancha)<\/li><li>ACRIANICYL, Association des \u00e9leveurs d&rsquo;abeilles noires ib\u00e9riques de Castilla y Le\u00f3n (Castilla y Le\u00f3n)<\/li><li>AECRIA-Madrid (Communaut\u00e9 de Madrid)<\/li><li>AMIGA, Association des \u00e9leveurs d&rsquo;<em>Apis mellifera Apis mellifera iberiensis<\/em> de Galice (Galicia)<\/li><li>ASAN, Association du Haut Aragon pour le s\u00e9lection de l&rsquo;abeille noire (Aragon)<\/li><li>Association asturienne des \u00e9leveurs de l&rsquo;abeille noire ib\u00e9rique (Asturias)<\/li><li>Association des \u00e9leveurs de l&rsquo;abeille noire ib\u00e9rique de Cantabrie (Cantabria)<\/li><li>Dotze Reines. Association Bal\u00e9are pour la protection de l&rsquo;abeille autochtone (Islas Baleares)<\/li><li>ERBEL, Erle Beltz Hazleen Elkartea (Euskadi)<\/li><li>IBERCR\u00cdA, Association valencienne des \u00e9leveurs de l&rsquo;abeille <em>Apis mellifera iberiensis<\/em> (Communaut\u00e9 valencienne)<\/li><\/ul>\n\n<p>La F\u00e9d\u00e9ration IBERIENSIS est ouverte aux associations d&rsquo;\u00e9leveurs de l&rsquo;abeille noire ib\u00e9rique repr\u00e9sentant les communaut\u00e9s autonomes non encore adh\u00e9rentes. Le secteur apicole sera \u00e9galement tenu inform\u00e9 des travaux entrepris et des r\u00e9sultats obtenus par IBERIENSIS.<\/p>\n\n<p>Adresse \u00e9lectronique de contact\u00a0: amiberiensis@gmail.com&#13;\n&#13;\n\u00a0<\/p>\n\n<div class=\"wp-block-image\"><figure class=\"aligncenter size-large\"><img data-recalc-dims=\"1\" fetchpriority=\"high\" decoding=\"async\" width=\"1024\" height=\"768\" src=\"https:\/\/i0.wp.com\/erbel.eus\/wp-content\/uploads\/2024\/05\/WhatsApp-Image-2024-04-27-at-12.03.01.jpeg?resize=1024%2C768&#038;ssl=1\" alt=\"\" class=\"wp-image-2851\" srcset=\"https:\/\/i0.wp.com\/erbel.eus\/wp-content\/uploads\/2024\/05\/WhatsApp-Image-2024-04-27-at-12.03.01.jpeg?resize=1024%2C768&amp;ssl=1 1024w, https:\/\/i0.wp.com\/erbel.eus\/wp-content\/uploads\/2024\/05\/WhatsApp-Image-2024-04-27-at-12.03.01.jpeg?resize=300%2C225&amp;ssl=1 300w, https:\/\/i0.wp.com\/erbel.eus\/wp-content\/uploads\/2024\/05\/WhatsApp-Image-2024-04-27-at-12.03.01.jpeg?resize=768%2C576&amp;ssl=1 768w, https:\/\/i0.wp.com\/erbel.eus\/wp-content\/uploads\/2024\/05\/WhatsApp-Image-2024-04-27-at-12.03.01.jpeg?resize=1536%2C1152&amp;ssl=1 1536w, https:\/\/i0.wp.com\/erbel.eus\/wp-content\/uploads\/2024\/05\/WhatsApp-Image-2024-04-27-at-12.03.01.jpeg?w=2048&amp;ssl=1 2048w\" sizes=\"(max-width: 1024px) 100vw, 1024px\" \/><\/figure><\/div>\n","protected":false},"excerpt":{"rendered":"<p>IBERIENSIS, la f\u00e9d\u00e9ration des associations d&rsquo;\u00e9leveurs de l&rsquo;abeille noire ib\u00e9rique, a \u00e9t\u00e9 fond\u00e9e, avec la signature des statuts qui a eu lieu le 27 avril, au Goizane de Zaldibia, Gipuzkoa (ES), si\u00e8ge social d&rsquo;IBERIENSIS.<\/p>\n","protected":false},"author":2,"featured_media":2842,"comment_status":"closed","ping_status":"open","sticky":false,"template":"","format":"standard","meta":{"_bbp_topic_count":0,"_bbp_reply_count":0,"_bbp_total_topic_count":0,"_bbp_total_reply_count":0,"_bbp_voice_count":0,"_bbp_anonymous_reply_count":0,"_bbp_topic_count_hidden":0,"_bbp_reply_count_hidden":0,"_bbp_forum_subforum_count":0,"_jetpack_memberships_contains_paid_content":false,"footnotes":""},"categories":[26,39],"tags":[],"class_list":["post-2869","post","type-post","status-publish","format-standard","has-post-thumbnail","hentry","category-non-classifiee","category-nouvelles","masonry-post","generate-columns","tablet-grid-50","mobile-grid-100","grid-parent","grid-50"],"yoast_head":"<!-- This site is optimized with the Yoast SEO plugin v26.8 - https:\/\/yoast.com\/product\/yoast-seo-wordpress\/ -->\n<title>Constitution de la F\u00e9d\u00e9ration IBERIENSIS &#8226; ERBEL<\/title>\n<meta name=\"robots\" content=\"index, follow, max-snippet:-1, max-image-preview:large, max-video-preview:-1\" \/>\n<link rel=\"canonical\" href=\"https:\/\/erbel.eus\/2024\/05\/06\/constitucion-de-la-federacion-iberiensis\/\" \/>\n<meta property=\"og:locale\" content=\"fr_FR\" \/>\n<meta property=\"og:type\" content=\"article\" \/>\n<meta property=\"og:title\" content=\"Constitution de la F\u00e9d\u00e9ration IBERIENSIS &#8226; ERBEL\" \/>\n<meta property=\"og:description\" content=\"IBERIENSIS, la f\u00e9d\u00e9ration des associations d&#039;\u00e9leveurs de l&#039;abeille noire ib\u00e9rique, a \u00e9t\u00e9 fond\u00e9e, avec la signature des statuts qui a eu lieu le 27 avril, au Goizane de Zaldibia, Gipuzkoa (ES), si\u00e8ge social d&#039;IBERIENSIS.\" \/>\n<meta property=\"og:url\" content=\"https:\/\/erbel.eus\/2024\/05\/06\/constitucion-de-la-federacion-iberiensis\/\" \/>\n<meta property=\"og:site_name\" content=\"ERBEL\" \/>\n<meta property=\"article:published_time\" content=\"2024-05-06T16:26:21+00:00\" \/>\n<meta property=\"article:modified_time\" content=\"2024-05-06T16:26:23+00:00\" \/>\n<meta property=\"og:image\" content=\"https:\/\/i0.wp.com\/erbel.eus\/wp-content\/uploads\/2024\/05\/WhatsApp-Image-2024-04-28-at-22.17.521.jpeg?fit=1600%2C1200&ssl=1\" \/>\n\t<meta property=\"og:image:width\" content=\"1600\" \/>\n\t<meta property=\"og:image:height\" content=\"1200\" \/>\n\t<meta property=\"og:image:type\" content=\"image\/jpeg\" \/>\n<meta name=\"author\" content=\"Egoitz Galartza\" \/>\n<meta name=\"twitter:card\" content=\"summary_large_image\" \/>\n<meta name=\"twitter:label1\" content=\"\u00c9crit par\" \/>\n\t<meta name=\"twitter:data1\" content=\"Egoitz Galartza\" \/>\n\t<meta name=\"twitter:label2\" content=\"Dur\u00e9e de lecture estim\u00e9e\" \/>\n\t<meta name=\"twitter:data2\" content=\"2 minutes\" \/>\n<script type=\"application\/ld+json\" class=\"yoast-schema-graph\">{\"@context\":\"https:\/\/schema.org\",\"@graph\":[{\"@type\":\"Article\",\"@id\":\"https:\/\/erbel.eus\/2024\/05\/06\/constitucion-de-la-federacion-iberiensis\/#article\",\"isPartOf\":{\"@id\":\"https:\/\/erbel.eus\/2024\/05\/06\/constitucion-de-la-federacion-iberiensis\/\"},\"author\":{\"name\":\"Egoitz Galartza\",\"@id\":\"https:\/\/erbel.eus\/#\/schema\/person\/ff2d1eacc8825f0e87a0d04848349a7c\"},\"headline\":\"Constitution de la F\u00e9d\u00e9ration IBERIENSIS\",\"datePublished\":\"2024-05-06T16:26:21+00:00\",\"dateModified\":\"2024-05-06T16:26:23+00:00\",\"mainEntityOfPage\":{\"@id\":\"https:\/\/erbel.eus\/2024\/05\/06\/constitucion-de-la-federacion-iberiensis\/\"},\"wordCount\":490,\"publisher\":{\"@id\":\"https:\/\/erbel.eus\/#organization\"},\"image\":{\"@id\":\"https:\/\/erbel.eus\/2024\/05\/06\/constitucion-de-la-federacion-iberiensis\/#primaryimage\"},\"thumbnailUrl\":\"https:\/\/i0.wp.com\/erbel.eus\/wp-content\/uploads\/2024\/05\/WhatsApp-Image-2024-04-28-at-22.17.521.jpeg?fit=1600%2C1200&ssl=1\",\"articleSection\":[\"Non classifi\u00e9(e)\",\"nouvelles\"],\"inLanguage\":\"fr-FR\"},{\"@type\":\"WebPage\",\"@id\":\"https:\/\/erbel.eus\/2024\/05\/06\/constitucion-de-la-federacion-iberiensis\/\",\"url\":\"https:\/\/erbel.eus\/2024\/05\/06\/constitucion-de-la-federacion-iberiensis\/\",\"name\":\"Constitution de la F\u00e9d\u00e9ration IBERIENSIS &#8226; ERBEL\",\"isPartOf\":{\"@id\":\"https:\/\/erbel.eus\/#website\"},\"primaryImageOfPage\":{\"@id\":\"https:\/\/erbel.eus\/2024\/05\/06\/constitucion-de-la-federacion-iberiensis\/#primaryimage\"},\"image\":{\"@id\":\"https:\/\/erbel.eus\/2024\/05\/06\/constitucion-de-la-federacion-iberiensis\/#primaryimage\"},\"thumbnailUrl\":\"https:\/\/i0.wp.com\/erbel.eus\/wp-content\/uploads\/2024\/05\/WhatsApp-Image-2024-04-28-at-22.17.521.jpeg?fit=1600%2C1200&ssl=1\",\"datePublished\":\"2024-05-06T16:26:21+00:00\",\"dateModified\":\"2024-05-06T16:26:23+00:00\",\"breadcrumb\":{\"@id\":\"https:\/\/erbel.eus\/2024\/05\/06\/constitucion-de-la-federacion-iberiensis\/#breadcrumb\"},\"inLanguage\":\"fr-FR\",\"potentialAction\":[{\"@type\":\"ReadAction\",\"target\":[\"https:\/\/erbel.eus\/2024\/05\/06\/constitucion-de-la-federacion-iberiensis\/\"]}]},{\"@type\":\"ImageObject\",\"inLanguage\":\"fr-FR\",\"@id\":\"https:\/\/erbel.eus\/2024\/05\/06\/constitucion-de-la-federacion-iberiensis\/#primaryimage\",\"url\":\"https:\/\/i0.wp.com\/erbel.eus\/wp-content\/uploads\/2024\/05\/WhatsApp-Image-2024-04-28-at-22.17.521.jpeg?fit=1600%2C1200&ssl=1\",\"contentUrl\":\"https:\/\/i0.wp.com\/erbel.eus\/wp-content\/uploads\/2024\/05\/WhatsApp-Image-2024-04-28-at-22.17.521.jpeg?fit=1600%2C1200&ssl=1\",\"width\":1600,\"height\":1200},{\"@type\":\"BreadcrumbList\",\"@id\":\"https:\/\/erbel.eus\/2024\/05\/06\/constitucion-de-la-federacion-iberiensis\/#breadcrumb\",\"itemListElement\":[{\"@type\":\"ListItem\",\"position\":1,\"name\":\"Home\",\"item\":\"https:\/\/erbel.eus\/\"},{\"@type\":\"ListItem\",\"position\":2,\"name\":\"Constitution de la F\u00e9d\u00e9ration IBERIENSIS\"}]},{\"@type\":\"WebSite\",\"@id\":\"https:\/\/erbel.eus\/#website\",\"url\":\"https:\/\/erbel.eus\/\",\"name\":\"ERBEL\",\"description\":\" Erle Beltz Hazleen Elkartea - Asociacion de criadores de abeja Erle Beltza - Association d&#039;eleveurs d&#039;abeilles Erle Beltza\",\"publisher\":{\"@id\":\"https:\/\/erbel.eus\/#organization\"},\"potentialAction\":[{\"@type\":\"SearchAction\",\"target\":{\"@type\":\"EntryPoint\",\"urlTemplate\":\"https:\/\/erbel.eus\/?s={search_term_string}\"},\"query-input\":{\"@type\":\"PropertyValueSpecification\",\"valueRequired\":true,\"valueName\":\"search_term_string\"}}],\"inLanguage\":\"fr-FR\"},{\"@type\":\"Organization\",\"@id\":\"https:\/\/erbel.eus\/#organization\",\"name\":\"ERBEL Erle Beltza Hazleen Elkartea\",\"url\":\"https:\/\/erbel.eus\/\",\"logo\":{\"@type\":\"ImageObject\",\"inLanguage\":\"fr-FR\",\"@id\":\"https:\/\/erbel.eus\/#\/schema\/logo\/image\/\",\"url\":\"https:\/\/i0.wp.com\/erbel.eus\/wp-content\/uploads\/2019\/05\/erbel_erleak_denak-beltz.png?fit=300%2C316&ssl=1\",\"contentUrl\":\"https:\/\/i0.wp.com\/erbel.eus\/wp-content\/uploads\/2019\/05\/erbel_erleak_denak-beltz.png?fit=300%2C316&ssl=1\",\"width\":300,\"height\":316,\"caption\":\"ERBEL Erle Beltza Hazleen Elkartea\"},\"image\":{\"@id\":\"https:\/\/erbel.eus\/#\/schema\/logo\/image\/\"},\"sameAs\":[\"https:\/\/www.youtube.com\/channel\/UCNkgIS3GnpMESbnykKUIqgw\"]},{\"@type\":\"Person\",\"@id\":\"https:\/\/erbel.eus\/#\/schema\/person\/ff2d1eacc8825f0e87a0d04848349a7c\",\"name\":\"Egoitz Galartza\",\"image\":{\"@type\":\"ImageObject\",\"inLanguage\":\"fr-FR\",\"@id\":\"https:\/\/erbel.eus\/#\/schema\/person\/image\/\",\"url\":\"\/\/www.gravatar.com\/avatar\/2b6f40c945cfbd3dfdb8ec528a7534d9?s=96&#038;r=g&#038;d=mm\",\"contentUrl\":\"\/\/www.gravatar.com\/avatar\/2b6f40c945cfbd3dfdb8ec528a7534d9?s=96&#038;r=g&#038;d=mm\",\"caption\":\"Egoitz Galartza\"}}]}<\/script>\n<!-- \/ Yoast SEO plugin. -->","yoast_head_json":{"title":"Constitution de la F\u00e9d\u00e9ration IBERIENSIS &#8226; ERBEL","robots":{"index":"index","follow":"follow","max-snippet":"max-snippet:-1","max-image-preview":"max-image-preview:large","max-video-preview":"max-video-preview:-1"},"canonical":"https:\/\/erbel.eus\/2024\/05\/06\/constitucion-de-la-federacion-iberiensis\/","og_locale":"fr_FR","og_type":"article","og_title":"Constitution de la F\u00e9d\u00e9ration IBERIENSIS &#8226; ERBEL","og_description":"IBERIENSIS, la f\u00e9d\u00e9ration des associations d'\u00e9leveurs de l'abeille noire ib\u00e9rique, a \u00e9t\u00e9 fond\u00e9e, avec la signature des statuts qui a eu lieu le 27 avril, au Goizane de Zaldibia, Gipuzkoa (ES), si\u00e8ge social d'IBERIENSIS.","og_url":"https:\/\/erbel.eus\/2024\/05\/06\/constitucion-de-la-federacion-iberiensis\/","og_site_name":"ERBEL","article_published_time":"2024-05-06T16:26:21+00:00","article_modified_time":"2024-05-06T16:26:23+00:00","og_image":[{"width":1600,"height":1200,"url":"https:\/\/i0.wp.com\/erbel.eus\/wp-content\/uploads\/2024\/05\/WhatsApp-Image-2024-04-28-at-22.17.521.jpeg?fit=1600%2C1200&ssl=1","type":"image\/jpeg"}],"author":"Egoitz Galartza","twitter_card":"summary_large_image","twitter_misc":{"\u00c9crit par":"Egoitz Galartza","Dur\u00e9e de lecture estim\u00e9e":"2 minutes"},"schema":{"@context":"https:\/\/schema.org","@graph":[{"@type":"Article","@id":"https:\/\/erbel.eus\/2024\/05\/06\/constitucion-de-la-federacion-iberiensis\/#article","isPartOf":{"@id":"https:\/\/erbel.eus\/2024\/05\/06\/constitucion-de-la-federacion-iberiensis\/"},"author":{"name":"Egoitz Galartza","@id":"https:\/\/erbel.eus\/#\/schema\/person\/ff2d1eacc8825f0e87a0d04848349a7c"},"headline":"Constitution de la F\u00e9d\u00e9ration IBERIENSIS","datePublished":"2024-05-06T16:26:21+00:00","dateModified":"2024-05-06T16:26:23+00:00","mainEntityOfPage":{"@id":"https:\/\/erbel.eus\/2024\/05\/06\/constitucion-de-la-federacion-iberiensis\/"},"wordCount":490,"publisher":{"@id":"https:\/\/erbel.eus\/#organization"},"image":{"@id":"https:\/\/erbel.eus\/2024\/05\/06\/constitucion-de-la-federacion-iberiensis\/#primaryimage"},"thumbnailUrl":"https:\/\/i0.wp.com\/erbel.eus\/wp-content\/uploads\/2024\/05\/WhatsApp-Image-2024-04-28-at-22.17.521.jpeg?fit=1600%2C1200&ssl=1","articleSection":["Non classifi\u00e9(e)","nouvelles"],"inLanguage":"fr-FR"},{"@type":"WebPage","@id":"https:\/\/erbel.eus\/2024\/05\/06\/constitucion-de-la-federacion-iberiensis\/","url":"https:\/\/erbel.eus\/2024\/05\/06\/constitucion-de-la-federacion-iberiensis\/","name":"Constitution de la F\u00e9d\u00e9ration IBERIENSIS &#8226; ERBEL","isPartOf":{"@id":"https:\/\/erbel.eus\/#website"},"primaryImageOfPage":{"@id":"https:\/\/erbel.eus\/2024\/05\/06\/constitucion-de-la-federacion-iberiensis\/#primaryimage"},"image":{"@id":"https:\/\/erbel.eus\/2024\/05\/06\/constitucion-de-la-federacion-iberiensis\/#primaryimage"},"thumbnailUrl":"https:\/\/i0.wp.com\/erbel.eus\/wp-content\/uploads\/2024\/05\/WhatsApp-Image-2024-04-28-at-22.17.521.jpeg?fit=1600%2C1200&ssl=1","datePublished":"2024-05-06T16:26:21+00:00","dateModified":"2024-05-06T16:26:23+00:00","breadcrumb":{"@id":"https:\/\/erbel.eus\/2024\/05\/06\/constitucion-de-la-federacion-iberiensis\/#breadcrumb"},"inLanguage":"fr-FR","potentialAction":[{"@type":"ReadAction","target":["https:\/\/erbel.eus\/2024\/05\/06\/constitucion-de-la-federacion-iberiensis\/"]}]},{"@type":"ImageObject","inLanguage":"fr-FR","@id":"https:\/\/erbel.eus\/2024\/05\/06\/constitucion-de-la-federacion-iberiensis\/#primaryimage","url":"https:\/\/i0.wp.com\/erbel.eus\/wp-content\/uploads\/2024\/05\/WhatsApp-Image-2024-04-28-at-22.17.521.jpeg?fit=1600%2C1200&ssl=1","contentUrl":"https:\/\/i0.wp.com\/erbel.eus\/wp-content\/uploads\/2024\/05\/WhatsApp-Image-2024-04-28-at-22.17.521.jpeg?fit=1600%2C1200&ssl=1","width":1600,"height":1200},{"@type":"BreadcrumbList","@id":"https:\/\/erbel.eus\/2024\/05\/06\/constitucion-de-la-federacion-iberiensis\/#breadcrumb","itemListElement":[{"@type":"ListItem","position":1,"name":"Home","item":"https:\/\/erbel.eus\/"},{"@type":"ListItem","position":2,"name":"Constitution de la F\u00e9d\u00e9ration IBERIENSIS"}]},{"@type":"WebSite","@id":"https:\/\/erbel.eus\/#website","url":"https:\/\/erbel.eus\/","name":"ERBEL","description":" Erle Beltz Hazleen Elkartea - Asociacion de criadores de abeja Erle Beltza - Association d&#039;eleveurs d&#039;abeilles Erle Beltza","publisher":{"@id":"https:\/\/erbel.eus\/#organization"},"potentialAction":[{"@type":"SearchAction","target":{"@type":"EntryPoint","urlTemplate":"https:\/\/erbel.eus\/?s={search_term_string}"},"query-input":{"@type":"PropertyValueSpecification","valueRequired":true,"valueName":"search_term_string"}}],"inLanguage":"fr-FR"},{"@type":"Organization","@id":"https:\/\/erbel.eus\/#organization","name":"ERBEL Erle Beltza Hazleen Elkartea","url":"https:\/\/erbel.eus\/","logo":{"@type":"ImageObject","inLanguage":"fr-FR","@id":"https:\/\/erbel.eus\/#\/schema\/logo\/image\/","url":"https:\/\/i0.wp.com\/erbel.eus\/wp-content\/uploads\/2019\/05\/erbel_erleak_denak-beltz.png?fit=300%2C316&ssl=1","contentUrl":"https:\/\/i0.wp.com\/erbel.eus\/wp-content\/uploads\/2019\/05\/erbel_erleak_denak-beltz.png?fit=300%2C316&ssl=1","width":300,"height":316,"caption":"ERBEL Erle Beltza Hazleen Elkartea"},"image":{"@id":"https:\/\/erbel.eus\/#\/schema\/logo\/image\/"},"sameAs":["https:\/\/www.youtube.com\/channel\/UCNkgIS3GnpMESbnykKUIqgw"]},{"@type":"Person","@id":"https:\/\/erbel.eus\/#\/schema\/person\/ff2d1eacc8825f0e87a0d04848349a7c","name":"Egoitz Galartza","image":{"@type":"ImageObject","inLanguage":"fr-FR","@id":"https:\/\/erbel.eus\/#\/schema\/person\/image\/","url":"\/\/www.gravatar.com\/avatar\/2b6f40c945cfbd3dfdb8ec528a7534d9?s=96&#038;r=g&#038;d=mm","contentUrl":"\/\/www.gravatar.com\/avatar\/2b6f40c945cfbd3dfdb8ec528a7534d9?s=96&#038;r=g&#038;d=mm","caption":"Egoitz Galartza"}}]}},"jetpack_featured_media_url":"https:\/\/i0.wp.com\/erbel.eus\/wp-content\/uploads\/2024\/05\/WhatsApp-Image-2024-04-28-at-22.17.521.jpeg?fit=1600%2C1200&ssl=1","jetpack_sharing_enabled":true,"_links":{"self":[{"href":"https:\/\/erbel.eus\/fr\/wp-json\/wp\/v2\/posts\/2869","targetHints":{"allow":["GET"]}}],"collection":[{"href":"https:\/\/erbel.eus\/fr\/wp-json\/wp\/v2\/posts"}],"about":[{"href":"https:\/\/erbel.eus\/fr\/wp-json\/wp\/v2\/types\/post"}],"author":[{"embeddable":true,"href":"https:\/\/erbel.eus\/fr\/wp-json\/wp\/v2\/users\/2"}],"replies":[{"embeddable":true,"href":"https:\/\/erbel.eus\/fr\/wp-json\/wp\/v2\/comments?post=2869"}],"version-history":[{"count":1,"href":"https:\/\/erbel.eus\/fr\/wp-json\/wp\/v2\/posts\/2869\/revisions"}],"predecessor-version":[{"id":2870,"href":"https:\/\/erbel.eus\/fr\/wp-json\/wp\/v2\/posts\/2869\/revisions\/2870"}],"wp:featuredmedia":[{"embeddable":true,"href":"https:\/\/erbel.eus\/fr\/wp-json\/wp\/v2\/media\/2842"}],"wp:attachment":[{"href":"https:\/\/erbel.eus\/fr\/wp-json\/wp\/v2\/media?parent=2869"}],"wp:term":[{"taxonomy":"category","embeddable":true,"href":"https:\/\/erbel.eus\/fr\/wp-json\/wp\/v2\/categories?post=2869"},{"taxonomy":"post_tag","embeddable":true,"href":"https:\/\/erbel.eus\/fr\/wp-json\/wp\/v2\/tags?post=2869"}],"curies":[{"name":"wp","href":"https:\/\/api.w.org\/{rel}","templated":true}]}}