{"id":2819,"date":"2024-05-01T12:43:17","date_gmt":"2024-05-01T11:43:17","guid":{"rendered":"https:\/\/www.erbel.eus\/?p=2819"},"modified":"2024-05-01T12:48:31","modified_gmt":"2024-05-01T11:48:31","slug":"amelioration-genetiqueet-controle-des-accouplements-chez-les-abeilles","status":"publish","type":"post","link":"https:\/\/erbel.eus\/fr\/2024\/05\/01\/amelioration-genetiqueet-controle-des-accouplements-chez-les-abeilles\/","title":{"rendered":"Am\u00e9lioration g\u00e9n\u00e9tique et contr\u00f4le des accouplements chez les abeilles"},"content":{"rendered":"\n<p><strong>Egoitz Galartza Garaialde<\/strong><\/p>\n\n<p>Am\u00e9liorant le rendement et la survie des colonies, l&rsquo;am\u00e9lioration g\u00e9n\u00e9tique des populations locales d&rsquo;abeilles mellif\u00e8res s\u2019est impos\u00e9e comme \u00e9tant le meilleur moyen de rendre l&rsquo;apiculture plus efficace et plus durable. En effet, l&rsquo;adaptation des races locales \u00e0 leur environnement permet de mieux utiliser les ressources du milieu naturel tout en r\u00e9duisant le recours excessif \u00e0 l&rsquo;alimentation artificielle. Par ailleurs, l&rsquo;am\u00e9lioration des caract\u00e9ristiques de l&rsquo;abeille locale int\u00e9ressantes pour l&rsquo;apiculture rend la sous-esp\u00e8ce locale plus attrayante qu&rsquo;une sous-esp\u00e8ce \u00e9trang\u00e8re am\u00e9lior\u00e9e. De la sorte, la conservation de la sous-esp\u00e8ce et, en prime, de l&rsquo;ensemble de son patrimoine g\u00e9n\u00e9tique est plus efficace. Ainsi, la maxime \u00ab<em>\u00a0conservation par l&rsquo;utilisation<\/em>\u00a0\u00bb oriente la d\u00e9marche de nombreux programmes d&rsquo;\u00e9levage dans toute l&rsquo;Europe, lesquels visent \u00e0 doter les diff\u00e9rentes sous-esp\u00e8ces indig\u00e8nes d&rsquo;abeilles europ\u00e9ennes des caract\u00e9ristiques recherch\u00e9es par les apiculteurs. De la sorte, l\u2019apiculteur obtenant une abeille am\u00e9lior\u00e9e, il devient possible de pr\u00e9server une abeille locale adapt\u00e9e, au cas par cas, \u00e0 chacun de ses environnements.<\/p>\n\n<p>C&rsquo;est pourquoi, dans la plupart des pays europ\u00e9ens, des associations d&rsquo;apiculteurs sp\u00e9cialis\u00e9es dans l&rsquo;\u00e9levage d&rsquo;abeilles indig\u00e8nes collaborent avec les administrations locales pour appliquer des programmes de s\u00e9lection et d&rsquo;am\u00e9lioration g\u00e9n\u00e9tique. C&rsquo;est dans ce contexte que s&rsquo;inscrit le programme de s\u00e9lection de l&rsquo;abeille noire ib\u00e9rique men\u00e9 par l&rsquo;association ERBEL (www.erbel.eus).<\/p>\n\n<div class=\"wp-block-image\"><figure class=\"aligncenter size-large\"><img data-recalc-dims=\"1\" fetchpriority=\"high\" decoding=\"async\" width=\"1024\" height=\"683\" src=\"https:\/\/i0.wp.com\/erbel.eus\/wp-content\/uploads\/2024\/05\/DSC_0554-min-1.jpg?resize=1024%2C683&#038;ssl=1\" alt=\"\" class=\"wp-image-2807\" srcset=\"https:\/\/i0.wp.com\/erbel.eus\/wp-content\/uploads\/2024\/05\/DSC_0554-min-1-scaled.jpg?resize=1024%2C683&amp;ssl=1 1024w, https:\/\/i0.wp.com\/erbel.eus\/wp-content\/uploads\/2024\/05\/DSC_0554-min-1-scaled.jpg?resize=300%2C200&amp;ssl=1 300w, https:\/\/i0.wp.com\/erbel.eus\/wp-content\/uploads\/2024\/05\/DSC_0554-min-1-scaled.jpg?resize=768%2C512&amp;ssl=1 768w, https:\/\/i0.wp.com\/erbel.eus\/wp-content\/uploads\/2024\/05\/DSC_0554-min-1-scaled.jpg?resize=1536%2C1024&amp;ssl=1 1536w, https:\/\/i0.wp.com\/erbel.eus\/wp-content\/uploads\/2024\/05\/DSC_0554-min-1-scaled.jpg?w=2048&amp;ssl=1 2048w\" sizes=\"(max-width: 1024px) 100vw, 1024px\" \/><\/figure><\/div>\n\n<p><strong>Augmenter la valeur reproductive des reines<\/strong><\/p>\n\n<p>Un facteur d\u00e9terminant pour un progr\u00e8s g\u00e9n\u00e9tique efficace dans le cadre de tout programme d&rsquo;\u00e9levage est le contr\u00f4le des accouplements entre les m\u00e2les et les femelles s\u00e9lectionn\u00e9s, en particulier depuis que l&rsquo;\u00e9valuation g\u00e9n\u00e9tique des donn\u00e9es de production \u00e0 l&rsquo;aide du mod\u00e8le animal BLUP est utilis\u00e9e. Or le syst\u00e8me BLUP d&rsquo;\u00e9valuation g\u00e9n\u00e9tique est \u00e9galement applicable aux abeilles (\u00abGenetic evaluation in the honey bee considering queen and worker effects &#8211; A BLUP-Animal Model approach\u00a0\u00bb, Kaspar Bienefeld), le contr\u00f4le des accouplements restant essentiel bien que difficile \u00e0 exercer. D&rsquo;une part, le contr\u00f4le des accouplements permet de conna\u00eetre le pedigree de la reine ce qui rend plus fiables les valeurs g\u00e9n\u00e9tiques des reines impliqu\u00e9es dans le programme d&rsquo;\u00e9levage. De l&rsquo;autre, le progr\u00e8s g\u00e9n\u00e9tique se produit chez les deux parents, reines et faux bourdons, et pas seulement chez les reines comme ce serait le cas en l&rsquo;absence d&rsquo;un contr\u00f4le des accouplements.  Ainsi, le contr\u00f4le des accouplements des programmes de s\u00e9lection des abeilles permet d&rsquo;acc\u00e9l\u00e9rer le progr\u00e8s g\u00e9n\u00e9tique dans les lign\u00e9es s\u00e9lectionn\u00e9es et d&rsquo;augmenter la valeur reproductive des reines.<\/p>\n\n<p><strong>Contr\u00f4le des accouplements<\/strong><\/p>\n\n<p>En apiculture, le contr\u00f4le des accouplements pr\u00e9sente des difficult\u00e9s sp\u00e9cifiques que l&rsquo;on ne retrouve pas dans les autres \u00e9levages et qui sont li\u00e9es au vol nuptial des reines et des faux bourdons. La reine vierge, une fois sortie de sa cellule, doit aller s&rsquo;accoupler hors de la colonie, en effectuant ce que l&rsquo;on appelle le vol nuptial ou d&rsquo;accouplement. En outre, les reines d&rsquo;<em>Apis mellifera<\/em> sont polyandres, c&rsquo;est-\u00e0-dire qu&rsquo;elles s&rsquo;accouplent avec plusieurs faux bourdons diff\u00e9rents, alors que ces derniers sont monogames et meurent apr\u00e8s la copulation. Lors de ces vols, les reines se rendent dans les zones de congr\u00e9gation des faux bourdons. Ces zones sont form\u00e9es par des milliers de faux bourdons, entre 10 000 et 15 000, qui attendent l&rsquo;arriv\u00e9e des reines vierges pour s&rsquo;accoupler avec elles. La reine peut s&rsquo;accoupler plusieurs fois au cours d&rsquo;un seul vol nuptial et effectue g\u00e9n\u00e9ralement plusieurs vols le m\u00eame jour ou les jours suivants, si les conditions environnementales le permettent.<\/p>\n\n<p>Bien que les accouplements dirig\u00e9s soient difficiles et complexes \u00e0 r\u00e9aliser chez <em>Apis mellifera<\/em>, il existe plusieurs m\u00e9thodes permettant de contr\u00f4ler la f\u00e9condation de l&rsquo;esp\u00e8ce. Mise au point il y a 100 ans, l&rsquo;<strong>ins\u00e9mination instrumentale<\/strong> a \u00e9t\u00e9 perfectionn\u00e9e par la suite. Elle permet un contr\u00f4le absolu des accouplements. Cette m\u00e9thode, outre le fait qu&rsquo;elle n\u00e9cessite un mat\u00e9riel sp\u00e9cifique et une grande technicit\u00e9 de la part de l&rsquo;op\u00e9rateur, ne permet de f\u00e9conder qu&rsquo;un faible nombre de reines par saison et par op\u00e9rateur, ce qui en fait un syst\u00e8me tr\u00e8s co\u00fbteux \u00e0 appliquer \u00e0 une population importante. Un autre moyen de contr\u00f4ler la f\u00e9condation est l&rsquo;<strong>accouplement temporaire<\/strong>, \u00e9galement connu sous le nom d&rsquo;accouplement \u00e0 temps de vol diff\u00e9r\u00e9 (Delayed Flight Time Mating), qui consiste \u00e0 limiter les vols des reines et des faux bourdons que l&rsquo;on veut croiser aux p\u00e9riodes o\u00f9 les faux bourdons de la population voisine ont termin\u00e9 leur vol et sont rentr\u00e9s dans leurs colonies. Gagnant en popularit\u00e9 depuis quelques ann\u00e9es, cette m\u00e9thode est adapt\u00e9e au contr\u00f4le des accouplements d&rsquo;un petit nombre de reines par saison. Cependant, le syst\u00e8me le plus appropri\u00e9 pour contr\u00f4ler l&rsquo;accouplement des reines \u00e0 moyenne et grande \u00e9chelle est l&rsquo;<strong>isolement g\u00e9ographique<\/strong>, combin\u00e9 \u00e0 la production massive de faux bourdons par le biais de colonies productrices de m\u00e2les (CPM).<\/p>\n\n<div class=\"wp-block-image\"><figure class=\"aligncenter size-large\"><img data-recalc-dims=\"1\" decoding=\"async\" src=\"https:\/\/i0.wp.com\/erbel.eus\/wp-content\/uploads\/2024\/05\/WhatsApp-Image-2024-04-26-at-19.02.391.jpeg?w=1200&#038;ssl=1\" alt=\"\" class=\"wp-image-2810\"\/><\/figure><\/div>\n\n<p><strong>Qu&rsquo;est-ce qu&rsquo;une station d&rsquo;accouplement?<\/strong><\/p>\n\n<p>Une station d&rsquo;accouplement est form\u00e9e des colonies constitu\u00e9es par les essaims des reines vierges et des colonies productrices de faux bourdons dans l&rsquo;objectif de provoquer et de favoriser les accouplements entre les reines et les faux bourdons \u00e9lev\u00e9s \u00e0 cet effet. Les colonies de reines vierges et les CPM sont install\u00e9es \u00e0 distance les unes des autres, avec des CMP \u00e0 plusieurs endroits, g\u00e9n\u00e9ralement loin des reines et \u00e0 diff\u00e9rentes distances de celles-ci.<\/p>\n\n<p>L&rsquo;isolement g\u00e9ographique est la m\u00e9thode utilis\u00e9e par ERBEL dans ses stations d&rsquo;accouplement, combin\u00e9e \u00e0 une production massive de faux bourdons par les CPM. Pour obtenir des accouplements contr\u00f4l\u00e9s, il s&rsquo;agit de saturer la zone de congr\u00e9gation choisie avec des faux bourdons s\u00e9lectionn\u00e9s, de sorte que tous les m\u00e2les pr\u00e9sents sur la zone soient d&rsquo;origine connue. En outre, cette m\u00e9thode n\u00e9cessite un isolement g\u00e9ographique afin d&#8217;emp\u00eacher l&rsquo;entr\u00e9e de tout faux bourdon ext\u00e9rieur au programme d&rsquo;\u00e9levage, ce qui, dans la pratique, est souvent difficile \u00e0 r\u00e9aliser. Ainsi, la station d&rsquo;accouplement d&rsquo;ERBEL est situ\u00e9e dans une vall\u00e9e de plus de 10 km de long, flanqu\u00e9e de part et d&rsquo;autre de montagnes formant barri\u00e8re \u00e0 800 m d&rsquo;altitude.<\/p>\n\n<p>Cependant, les deux autres m\u00e9thodes de contr\u00f4le des accouplements mentionn\u00e9es ci-dessus seront \u00e9galement utilis\u00e9es et test\u00e9es dans le cadre du programme ERBEL\u00a0: D&rsquo;une part, l&rsquo;ins\u00e9mination instrumentale sera utilis\u00e9e afin de r\u00e9aliser des croisements souhaitables entre diff\u00e9rentes lign\u00e9es et cette ann\u00e9e d&rsquo;autre part, nous effectuerons un essai sur le terrain pour tester la m\u00e9thode de l&rsquo;isolement temporaire.<\/p>\n","protected":false},"excerpt":{"rendered":"<p>Am\u00e9liorant le rendement et la survie des colonies, l&rsquo;am\u00e9lioration g\u00e9n\u00e9tique des populations locales d&rsquo;abeilles mellif\u00e8res s\u2019est impos\u00e9e comme \u00e9tant le meilleur moyen de rendre l&rsquo;apiculture plus efficace et plus durable. En effet, l&rsquo;adaptation des races locales \u00e0 leur environnement permet de mieux utiliser les ressources du milieu naturel tout en r\u00e9duisant le recours excessif \u00e0 l&rsquo;alimentation artificielle. Par ailleurs, l&rsquo;am\u00e9lioration des caract\u00e9ristiques de l&rsquo;abeille locale int\u00e9ressantes pour l&rsquo;apiculture rend la sous-esp\u00e8ce locale plus attrayante qu&rsquo;une sous-esp\u00e8ce \u00e9trang\u00e8re am\u00e9lior\u00e9e. De la sorte, la conservation de la sous-esp\u00e8ce et, en prime, de l&rsquo;ensemble de son patrimoine g\u00e9n\u00e9tique est plus efficace. Ainsi, la maxime \u00ab\u00a0conservation par l&rsquo;utilisation\u00a0\u00bb oriente la d\u00e9marche de nombreux programmes d&rsquo;\u00e9levage dans toute l&rsquo;Europe, lesquels visent \u00e0 doter les diff\u00e9rentes sous-esp\u00e8ces indig\u00e8nes d&rsquo;abeilles europ\u00e9ennes des caract\u00e9ristiques recherch\u00e9es par les apiculteurs. De la sorte, l\u2019apiculteur obtenant une abeille am\u00e9lior\u00e9e, il devient possible de pr\u00e9server une abeille locale adapt\u00e9e, au cas par cas, \u00e0 chacun de ses environnements.<\/p>\n","protected":false},"author":2,"featured_media":2794,"comment_status":"closed","ping_status":"open","sticky":false,"template":"","format":"standard","meta":{"_bbp_topic_count":0,"_bbp_reply_count":0,"_bbp_total_topic_count":0,"_bbp_total_reply_count":0,"_bbp_voice_count":0,"_bbp_anonymous_reply_count":0,"_bbp_topic_count_hidden":0,"_bbp_reply_count_hidden":0,"_bbp_forum_subforum_count":0,"_jetpack_memberships_contains_paid_content":false,"footnotes":""},"categories":[39],"tags":[],"class_list":["post-2819","post","type-post","status-publish","format-standard","has-post-thumbnail","hentry","category-nouvelles","masonry-post","generate-columns","tablet-grid-50","mobile-grid-100","grid-parent","grid-50"],"yoast_head":"<!-- This site is optimized with the Yoast SEO plugin v26.8 - https:\/\/yoast.com\/product\/yoast-seo-wordpress\/ -->\n<title>Am\u00e9lioration g\u00e9n\u00e9tique et contr\u00f4le des accouplements chez les abeilles &#8226; ERBEL<\/title>\n<meta name=\"robots\" content=\"index, follow, max-snippet:-1, max-image-preview:large, max-video-preview:-1\" \/>\n<link rel=\"canonical\" href=\"https:\/\/erbel.eus\/2024\/05\/01\/mejora-genetica-y-control-de-los-apareamientos-en-abejas\/\" \/>\n<meta property=\"og:locale\" content=\"fr_FR\" \/>\n<meta property=\"og:type\" content=\"article\" \/>\n<meta property=\"og:title\" content=\"Am\u00e9lioration g\u00e9n\u00e9tique et contr\u00f4le des accouplements chez les abeilles &#8226; ERBEL\" \/>\n<meta property=\"og:description\" content=\"Am\u00e9liorant le rendement et la survie des colonies, l&#039;am\u00e9lioration g\u00e9n\u00e9tique des populations locales d&#039;abeilles mellif\u00e8res s\u2019est impos\u00e9e comme \u00e9tant le meilleur moyen de rendre l&#039;apiculture plus efficace et plus durable. En effet, l&#039;adaptation des races locales \u00e0 leur environnement permet de mieux utiliser les ressources du milieu naturel tout en r\u00e9duisant le recours excessif \u00e0 l&#039;alimentation artificielle. Par ailleurs, l&#039;am\u00e9lioration des caract\u00e9ristiques de l&#039;abeille locale int\u00e9ressantes pour l&#039;apiculture rend la sous-esp\u00e8ce locale plus attrayante qu&#039;une sous-esp\u00e8ce \u00e9trang\u00e8re am\u00e9lior\u00e9e. De la sorte, la conservation de la sous-esp\u00e8ce et, en prime, de l&#039;ensemble de son patrimoine g\u00e9n\u00e9tique est plus efficace. Ainsi, la maxime \u00ab\u00a0conservation par l&#039;utilisation\u00a0\u00bb oriente la d\u00e9marche de nombreux programmes d&#039;\u00e9levage dans toute l&#039;Europe, lesquels visent \u00e0 doter les diff\u00e9rentes sous-esp\u00e8ces indig\u00e8nes d&#039;abeilles europ\u00e9ennes des caract\u00e9ristiques recherch\u00e9es par les apiculteurs. De la sorte, l\u2019apiculteur obtenant une abeille am\u00e9lior\u00e9e, il devient possible de pr\u00e9server une abeille locale adapt\u00e9e, au cas par cas, \u00e0 chacun de ses environnements.\" \/>\n<meta property=\"og:url\" content=\"https:\/\/erbel.eus\/2024\/05\/01\/mejora-genetica-y-control-de-los-apareamientos-en-abejas\/\" \/>\n<meta property=\"og:site_name\" content=\"ERBEL\" \/>\n<meta property=\"article:published_time\" content=\"2024-05-01T11:43:17+00:00\" \/>\n<meta property=\"article:modified_time\" content=\"2024-05-01T11:48:31+00:00\" \/>\n<meta property=\"og:image\" content=\"https:\/\/i0.wp.com\/erbel.eus\/wp-content\/uploads\/2024\/05\/DSC_0003-min.jpg?fit=2048%2C1365&ssl=1\" \/>\n\t<meta property=\"og:image:width\" content=\"2048\" \/>\n\t<meta property=\"og:image:height\" content=\"1365\" \/>\n\t<meta property=\"og:image:type\" content=\"image\/jpeg\" \/>\n<meta name=\"author\" content=\"Egoitz Galartza\" \/>\n<meta name=\"twitter:card\" content=\"summary_large_image\" \/>\n<meta name=\"twitter:label1\" content=\"\u00c9crit par\" \/>\n\t<meta name=\"twitter:data1\" content=\"Egoitz Galartza\" \/>\n\t<meta name=\"twitter:label2\" content=\"Dur\u00e9e de lecture estim\u00e9e\" \/>\n\t<meta name=\"twitter:data2\" content=\"6 minutes\" \/>\n<script type=\"application\/ld+json\" class=\"yoast-schema-graph\">{\"@context\":\"https:\/\/schema.org\",\"@graph\":[{\"@type\":\"Article\",\"@id\":\"https:\/\/erbel.eus\/2024\/05\/01\/mejora-genetica-y-control-de-los-apareamientos-en-abejas\/#article\",\"isPartOf\":{\"@id\":\"https:\/\/erbel.eus\/2024\/05\/01\/mejora-genetica-y-control-de-los-apareamientos-en-abejas\/\"},\"author\":{\"name\":\"Egoitz Galartza\",\"@id\":\"https:\/\/erbel.eus\/#\/schema\/person\/ff2d1eacc8825f0e87a0d04848349a7c\"},\"headline\":\"Am\u00e9lioration g\u00e9n\u00e9tique et contr\u00f4le des accouplements chez les abeilles\",\"datePublished\":\"2024-05-01T11:43:17+00:00\",\"dateModified\":\"2024-05-01T11:48:31+00:00\",\"mainEntityOfPage\":{\"@id\":\"https:\/\/erbel.eus\/2024\/05\/01\/mejora-genetica-y-control-de-los-apareamientos-en-abejas\/\"},\"wordCount\":1238,\"publisher\":{\"@id\":\"https:\/\/erbel.eus\/#organization\"},\"image\":{\"@id\":\"https:\/\/erbel.eus\/2024\/05\/01\/mejora-genetica-y-control-de-los-apareamientos-en-abejas\/#primaryimage\"},\"thumbnailUrl\":\"https:\/\/i0.wp.com\/erbel.eus\/wp-content\/uploads\/2024\/05\/DSC_0003-min.jpg?fit=2048%2C1365&ssl=1\",\"articleSection\":[\"nouvelles\"],\"inLanguage\":\"fr-FR\"},{\"@type\":\"WebPage\",\"@id\":\"https:\/\/erbel.eus\/2024\/05\/01\/mejora-genetica-y-control-de-los-apareamientos-en-abejas\/\",\"url\":\"https:\/\/erbel.eus\/2024\/05\/01\/mejora-genetica-y-control-de-los-apareamientos-en-abejas\/\",\"name\":\"Am\u00e9lioration g\u00e9n\u00e9tique et contr\u00f4le des accouplements chez les abeilles &#8226; ERBEL\",\"isPartOf\":{\"@id\":\"https:\/\/erbel.eus\/#website\"},\"primaryImageOfPage\":{\"@id\":\"https:\/\/erbel.eus\/2024\/05\/01\/mejora-genetica-y-control-de-los-apareamientos-en-abejas\/#primaryimage\"},\"image\":{\"@id\":\"https:\/\/erbel.eus\/2024\/05\/01\/mejora-genetica-y-control-de-los-apareamientos-en-abejas\/#primaryimage\"},\"thumbnailUrl\":\"https:\/\/i0.wp.com\/erbel.eus\/wp-content\/uploads\/2024\/05\/DSC_0003-min.jpg?fit=2048%2C1365&ssl=1\",\"datePublished\":\"2024-05-01T11:43:17+00:00\",\"dateModified\":\"2024-05-01T11:48:31+00:00\",\"breadcrumb\":{\"@id\":\"https:\/\/erbel.eus\/2024\/05\/01\/mejora-genetica-y-control-de-los-apareamientos-en-abejas\/#breadcrumb\"},\"inLanguage\":\"fr-FR\",\"potentialAction\":[{\"@type\":\"ReadAction\",\"target\":[\"https:\/\/erbel.eus\/2024\/05\/01\/mejora-genetica-y-control-de-los-apareamientos-en-abejas\/\"]}]},{\"@type\":\"ImageObject\",\"inLanguage\":\"fr-FR\",\"@id\":\"https:\/\/erbel.eus\/2024\/05\/01\/mejora-genetica-y-control-de-los-apareamientos-en-abejas\/#primaryimage\",\"url\":\"https:\/\/i0.wp.com\/erbel.eus\/wp-content\/uploads\/2024\/05\/DSC_0003-min.jpg?fit=2048%2C1365&ssl=1\",\"contentUrl\":\"https:\/\/i0.wp.com\/erbel.eus\/wp-content\/uploads\/2024\/05\/DSC_0003-min.jpg?fit=2048%2C1365&ssl=1\",\"width\":2048,\"height\":1365},{\"@type\":\"BreadcrumbList\",\"@id\":\"https:\/\/erbel.eus\/2024\/05\/01\/mejora-genetica-y-control-de-los-apareamientos-en-abejas\/#breadcrumb\",\"itemListElement\":[{\"@type\":\"ListItem\",\"position\":1,\"name\":\"Home\",\"item\":\"https:\/\/erbel.eus\/\"},{\"@type\":\"ListItem\",\"position\":2,\"name\":\"Am\u00e9lioration g\u00e9n\u00e9tique et contr\u00f4le des accouplements chez les abeilles\"}]},{\"@type\":\"WebSite\",\"@id\":\"https:\/\/erbel.eus\/#website\",\"url\":\"https:\/\/erbel.eus\/\",\"name\":\"ERBEL\",\"description\":\" Erle Beltz Hazleen Elkartea - Asociacion de criadores de abeja Erle Beltza - Association d&#039;eleveurs d&#039;abeilles Erle Beltza\",\"publisher\":{\"@id\":\"https:\/\/erbel.eus\/#organization\"},\"potentialAction\":[{\"@type\":\"SearchAction\",\"target\":{\"@type\":\"EntryPoint\",\"urlTemplate\":\"https:\/\/erbel.eus\/?s={search_term_string}\"},\"query-input\":{\"@type\":\"PropertyValueSpecification\",\"valueRequired\":true,\"valueName\":\"search_term_string\"}}],\"inLanguage\":\"fr-FR\"},{\"@type\":\"Organization\",\"@id\":\"https:\/\/erbel.eus\/#organization\",\"name\":\"ERBEL Erle Beltza Hazleen Elkartea\",\"url\":\"https:\/\/erbel.eus\/\",\"logo\":{\"@type\":\"ImageObject\",\"inLanguage\":\"fr-FR\",\"@id\":\"https:\/\/erbel.eus\/#\/schema\/logo\/image\/\",\"url\":\"https:\/\/i0.wp.com\/erbel.eus\/wp-content\/uploads\/2019\/05\/erbel_erleak_denak-beltz.png?fit=300%2C316&ssl=1\",\"contentUrl\":\"https:\/\/i0.wp.com\/erbel.eus\/wp-content\/uploads\/2019\/05\/erbel_erleak_denak-beltz.png?fit=300%2C316&ssl=1\",\"width\":300,\"height\":316,\"caption\":\"ERBEL Erle Beltza Hazleen Elkartea\"},\"image\":{\"@id\":\"https:\/\/erbel.eus\/#\/schema\/logo\/image\/\"},\"sameAs\":[\"https:\/\/www.youtube.com\/channel\/UCNkgIS3GnpMESbnykKUIqgw\"]},{\"@type\":\"Person\",\"@id\":\"https:\/\/erbel.eus\/#\/schema\/person\/ff2d1eacc8825f0e87a0d04848349a7c\",\"name\":\"Egoitz Galartza\",\"image\":{\"@type\":\"ImageObject\",\"inLanguage\":\"fr-FR\",\"@id\":\"https:\/\/erbel.eus\/#\/schema\/person\/image\/\",\"url\":\"\/\/www.gravatar.com\/avatar\/2b6f40c945cfbd3dfdb8ec528a7534d9?s=96&#038;r=g&#038;d=mm\",\"contentUrl\":\"\/\/www.gravatar.com\/avatar\/2b6f40c945cfbd3dfdb8ec528a7534d9?s=96&#038;r=g&#038;d=mm\",\"caption\":\"Egoitz Galartza\"}}]}<\/script>\n<!-- \/ Yoast SEO plugin. -->","yoast_head_json":{"title":"Am\u00e9lioration g\u00e9n\u00e9tique et contr\u00f4le des accouplements chez les abeilles &#8226; ERBEL","robots":{"index":"index","follow":"follow","max-snippet":"max-snippet:-1","max-image-preview":"max-image-preview:large","max-video-preview":"max-video-preview:-1"},"canonical":"https:\/\/erbel.eus\/2024\/05\/01\/mejora-genetica-y-control-de-los-apareamientos-en-abejas\/","og_locale":"fr_FR","og_type":"article","og_title":"Am\u00e9lioration g\u00e9n\u00e9tique et contr\u00f4le des accouplements chez les abeilles &#8226; ERBEL","og_description":"Am\u00e9liorant le rendement et la survie des colonies, l'am\u00e9lioration g\u00e9n\u00e9tique des populations locales d'abeilles mellif\u00e8res s\u2019est impos\u00e9e comme \u00e9tant le meilleur moyen de rendre l'apiculture plus efficace et plus durable. En effet, l'adaptation des races locales \u00e0 leur environnement permet de mieux utiliser les ressources du milieu naturel tout en r\u00e9duisant le recours excessif \u00e0 l'alimentation artificielle. Par ailleurs, l'am\u00e9lioration des caract\u00e9ristiques de l'abeille locale int\u00e9ressantes pour l'apiculture rend la sous-esp\u00e8ce locale plus attrayante qu'une sous-esp\u00e8ce \u00e9trang\u00e8re am\u00e9lior\u00e9e. De la sorte, la conservation de la sous-esp\u00e8ce et, en prime, de l'ensemble de son patrimoine g\u00e9n\u00e9tique est plus efficace. Ainsi, la maxime \u00ab\u00a0conservation par l'utilisation\u00a0\u00bb oriente la d\u00e9marche de nombreux programmes d'\u00e9levage dans toute l'Europe, lesquels visent \u00e0 doter les diff\u00e9rentes sous-esp\u00e8ces indig\u00e8nes d'abeilles europ\u00e9ennes des caract\u00e9ristiques recherch\u00e9es par les apiculteurs. De la sorte, l\u2019apiculteur obtenant une abeille am\u00e9lior\u00e9e, il devient possible de pr\u00e9server une abeille locale adapt\u00e9e, au cas par cas, \u00e0 chacun de ses environnements.","og_url":"https:\/\/erbel.eus\/2024\/05\/01\/mejora-genetica-y-control-de-los-apareamientos-en-abejas\/","og_site_name":"ERBEL","article_published_time":"2024-05-01T11:43:17+00:00","article_modified_time":"2024-05-01T11:48:31+00:00","og_image":[{"width":2048,"height":1365,"url":"https:\/\/i0.wp.com\/erbel.eus\/wp-content\/uploads\/2024\/05\/DSC_0003-min.jpg?fit=2048%2C1365&ssl=1","type":"image\/jpeg"}],"author":"Egoitz Galartza","twitter_card":"summary_large_image","twitter_misc":{"\u00c9crit par":"Egoitz Galartza","Dur\u00e9e de lecture estim\u00e9e":"6 minutes"},"schema":{"@context":"https:\/\/schema.org","@graph":[{"@type":"Article","@id":"https:\/\/erbel.eus\/2024\/05\/01\/mejora-genetica-y-control-de-los-apareamientos-en-abejas\/#article","isPartOf":{"@id":"https:\/\/erbel.eus\/2024\/05\/01\/mejora-genetica-y-control-de-los-apareamientos-en-abejas\/"},"author":{"name":"Egoitz Galartza","@id":"https:\/\/erbel.eus\/#\/schema\/person\/ff2d1eacc8825f0e87a0d04848349a7c"},"headline":"Am\u00e9lioration g\u00e9n\u00e9tique et contr\u00f4le des accouplements chez les abeilles","datePublished":"2024-05-01T11:43:17+00:00","dateModified":"2024-05-01T11:48:31+00:00","mainEntityOfPage":{"@id":"https:\/\/erbel.eus\/2024\/05\/01\/mejora-genetica-y-control-de-los-apareamientos-en-abejas\/"},"wordCount":1238,"publisher":{"@id":"https:\/\/erbel.eus\/#organization"},"image":{"@id":"https:\/\/erbel.eus\/2024\/05\/01\/mejora-genetica-y-control-de-los-apareamientos-en-abejas\/#primaryimage"},"thumbnailUrl":"https:\/\/i0.wp.com\/erbel.eus\/wp-content\/uploads\/2024\/05\/DSC_0003-min.jpg?fit=2048%2C1365&ssl=1","articleSection":["nouvelles"],"inLanguage":"fr-FR"},{"@type":"WebPage","@id":"https:\/\/erbel.eus\/2024\/05\/01\/mejora-genetica-y-control-de-los-apareamientos-en-abejas\/","url":"https:\/\/erbel.eus\/2024\/05\/01\/mejora-genetica-y-control-de-los-apareamientos-en-abejas\/","name":"Am\u00e9lioration g\u00e9n\u00e9tique et contr\u00f4le des accouplements chez les abeilles &#8226; ERBEL","isPartOf":{"@id":"https:\/\/erbel.eus\/#website"},"primaryImageOfPage":{"@id":"https:\/\/erbel.eus\/2024\/05\/01\/mejora-genetica-y-control-de-los-apareamientos-en-abejas\/#primaryimage"},"image":{"@id":"https:\/\/erbel.eus\/2024\/05\/01\/mejora-genetica-y-control-de-los-apareamientos-en-abejas\/#primaryimage"},"thumbnailUrl":"https:\/\/i0.wp.com\/erbel.eus\/wp-content\/uploads\/2024\/05\/DSC_0003-min.jpg?fit=2048%2C1365&ssl=1","datePublished":"2024-05-01T11:43:17+00:00","dateModified":"2024-05-01T11:48:31+00:00","breadcrumb":{"@id":"https:\/\/erbel.eus\/2024\/05\/01\/mejora-genetica-y-control-de-los-apareamientos-en-abejas\/#breadcrumb"},"inLanguage":"fr-FR","potentialAction":[{"@type":"ReadAction","target":["https:\/\/erbel.eus\/2024\/05\/01\/mejora-genetica-y-control-de-los-apareamientos-en-abejas\/"]}]},{"@type":"ImageObject","inLanguage":"fr-FR","@id":"https:\/\/erbel.eus\/2024\/05\/01\/mejora-genetica-y-control-de-los-apareamientos-en-abejas\/#primaryimage","url":"https:\/\/i0.wp.com\/erbel.eus\/wp-content\/uploads\/2024\/05\/DSC_0003-min.jpg?fit=2048%2C1365&ssl=1","contentUrl":"https:\/\/i0.wp.com\/erbel.eus\/wp-content\/uploads\/2024\/05\/DSC_0003-min.jpg?fit=2048%2C1365&ssl=1","width":2048,"height":1365},{"@type":"BreadcrumbList","@id":"https:\/\/erbel.eus\/2024\/05\/01\/mejora-genetica-y-control-de-los-apareamientos-en-abejas\/#breadcrumb","itemListElement":[{"@type":"ListItem","position":1,"name":"Home","item":"https:\/\/erbel.eus\/"},{"@type":"ListItem","position":2,"name":"Am\u00e9lioration g\u00e9n\u00e9tique et contr\u00f4le des accouplements chez les abeilles"}]},{"@type":"WebSite","@id":"https:\/\/erbel.eus\/#website","url":"https:\/\/erbel.eus\/","name":"ERBEL","description":" Erle Beltz Hazleen Elkartea - Asociacion de criadores de abeja Erle Beltza - Association d&#039;eleveurs d&#039;abeilles Erle Beltza","publisher":{"@id":"https:\/\/erbel.eus\/#organization"},"potentialAction":[{"@type":"SearchAction","target":{"@type":"EntryPoint","urlTemplate":"https:\/\/erbel.eus\/?s={search_term_string}"},"query-input":{"@type":"PropertyValueSpecification","valueRequired":true,"valueName":"search_term_string"}}],"inLanguage":"fr-FR"},{"@type":"Organization","@id":"https:\/\/erbel.eus\/#organization","name":"ERBEL Erle Beltza Hazleen Elkartea","url":"https:\/\/erbel.eus\/","logo":{"@type":"ImageObject","inLanguage":"fr-FR","@id":"https:\/\/erbel.eus\/#\/schema\/logo\/image\/","url":"https:\/\/i0.wp.com\/erbel.eus\/wp-content\/uploads\/2019\/05\/erbel_erleak_denak-beltz.png?fit=300%2C316&ssl=1","contentUrl":"https:\/\/i0.wp.com\/erbel.eus\/wp-content\/uploads\/2019\/05\/erbel_erleak_denak-beltz.png?fit=300%2C316&ssl=1","width":300,"height":316,"caption":"ERBEL Erle Beltza Hazleen Elkartea"},"image":{"@id":"https:\/\/erbel.eus\/#\/schema\/logo\/image\/"},"sameAs":["https:\/\/www.youtube.com\/channel\/UCNkgIS3GnpMESbnykKUIqgw"]},{"@type":"Person","@id":"https:\/\/erbel.eus\/#\/schema\/person\/ff2d1eacc8825f0e87a0d04848349a7c","name":"Egoitz Galartza","image":{"@type":"ImageObject","inLanguage":"fr-FR","@id":"https:\/\/erbel.eus\/#\/schema\/person\/image\/","url":"\/\/www.gravatar.com\/avatar\/2b6f40c945cfbd3dfdb8ec528a7534d9?s=96&#038;r=g&#038;d=mm","contentUrl":"\/\/www.gravatar.com\/avatar\/2b6f40c945cfbd3dfdb8ec528a7534d9?s=96&#038;r=g&#038;d=mm","caption":"Egoitz Galartza"}}]}},"jetpack_featured_media_url":"https:\/\/i0.wp.com\/erbel.eus\/wp-content\/uploads\/2024\/05\/DSC_0003-min.jpg?fit=2048%2C1365&ssl=1","jetpack_sharing_enabled":true,"_links":{"self":[{"href":"https:\/\/erbel.eus\/fr\/wp-json\/wp\/v2\/posts\/2819","targetHints":{"allow":["GET"]}}],"collection":[{"href":"https:\/\/erbel.eus\/fr\/wp-json\/wp\/v2\/posts"}],"about":[{"href":"https:\/\/erbel.eus\/fr\/wp-json\/wp\/v2\/types\/post"}],"author":[{"embeddable":true,"href":"https:\/\/erbel.eus\/fr\/wp-json\/wp\/v2\/users\/2"}],"replies":[{"embeddable":true,"href":"https:\/\/erbel.eus\/fr\/wp-json\/wp\/v2\/comments?post=2819"}],"version-history":[{"count":10,"href":"https:\/\/erbel.eus\/fr\/wp-json\/wp\/v2\/posts\/2819\/revisions"}],"predecessor-version":[{"id":2839,"href":"https:\/\/erbel.eus\/fr\/wp-json\/wp\/v2\/posts\/2819\/revisions\/2839"}],"wp:featuredmedia":[{"embeddable":true,"href":"https:\/\/erbel.eus\/fr\/wp-json\/wp\/v2\/media\/2794"}],"wp:attachment":[{"href":"https:\/\/erbel.eus\/fr\/wp-json\/wp\/v2\/media?parent=2819"}],"wp:term":[{"taxonomy":"category","embeddable":true,"href":"https:\/\/erbel.eus\/fr\/wp-json\/wp\/v2\/categories?post=2819"},{"taxonomy":"post_tag","embeddable":true,"href":"https:\/\/erbel.eus\/fr\/wp-json\/wp\/v2\/tags?post=2819"}],"curies":[{"name":"wp","href":"https:\/\/api.w.org\/{rel}","templated":true}]}}