{"id":2759,"date":"2023-12-01T18:03:43","date_gmt":"2023-12-01T17:03:43","guid":{"rendered":"https:\/\/www.erbel.eus\/?p=2759"},"modified":"2023-12-01T18:03:49","modified_gmt":"2023-12-01T17:03:49","slug":"video-de-la-rencontre-genetique-et-selection-2023-5-6","status":"publish","type":"post","link":"https:\/\/erbel.eus\/fr\/2023\/12\/01\/video-de-la-rencontre-genetique-et-selection-2023-5-6\/","title":{"rendered":"Vid\u00e9o de la rencontre G\u00e9n\u00e9tique et s\u00e9lection 2023 (5\/6)"},"content":{"rendered":"\n<p><strong> Egoitz Galartza Garaialde<\/strong><\/p>\n\n\n\n<p>La cinqui\u00e8me vid\u00e9o correspond \u00e0 la pr\u00e9sentation de Grace McCormack. Titulaire d&rsquo;une licence et d&rsquo;un doctorat en zoologie de l&rsquo;universit\u00e9 de Galway (Irlande), elle est chercheuse et charg\u00e9e de cours dans cette m\u00eame universit\u00e9. <\/p>\n\n\n\n<p>Dans sa biographie de l&rsquo;universit\u00e9 de Galway, elle d\u00e9clare:<\/p>\n\n\n\n<p>\u00abMon groupe s&rsquo;int\u00e9resse \u00e0 l&rsquo;\u00e9volution. Nous explorons les relations \u00e9volutives \u00e0 diff\u00e9rents niveaux taxonomiques et dans diff\u00e9rents organismes. Les principaux projets actuels du laboratoire portent sur l&rsquo;\u00e9volution des \u00e9ponges marines et des abeilles mellif\u00e8res. En ce qui concerne les abeilles, nous appliquons de multiples approches mol\u00e9culaires pour comprendre la g\u00e9n\u00e9tique des populations d&rsquo;abeilles en Irlande, et nous avons pu d\u00e9montrer qu&rsquo;<em>Apis mellifera mellifera<\/em> pure race est encore largement r\u00e9pandue en Irlande. Nous avons localis\u00e9 plusieurs centaines de colonies d&rsquo;abeilles mellif\u00e8res revenues \u00e0 l&rsquo;\u00e9tat sauvage depuis plusieurs ann\u00e9es et nous les \u00e9tudions de pr\u00e8s pour d\u00e9terminer comment elles peuvent survivre sans traitement chimique \u00e0 la pr\u00e9sence du varroa et de ses virus.\u00bb<\/p>\n\n\n\n<p><span style=\"color: #222222;\"><span lang=\"fr-FR\">Sa pr\u00e9sentation est intitul\u00e9e: <\/span><\/span><span style=\"color: #222222;\"><span lang=\"fr-FR\"><i><b>Protection juridique de la sous-esp\u00e8ce locale A. m. mellifera en Irlande<\/b><\/i><\/span><\/span><\/p>\n\n\n\n<figure class=\"wp-block-embed-youtube wp-block-embed is-type-video is-provider-youtube wp-embed-aspect-16-9 wp-has-aspect-ratio\"><div class=\"wp-block-embed__wrapper\">\n<iframe title=\"&quot;Protecci\u00f3n legal de la subespecie local A. m. mellifera en Irlanda&quot; - Grace McCormack (Galway Univ)\" width=\"1200\" height=\"675\" src=\"https:\/\/www.youtube.com\/embed\/la1TudRsqmA?feature=oembed\" frameborder=\"0\" allow=\"accelerometer; autoplay; clipboard-write; encrypted-media; gyroscope; picture-in-picture; web-share\" allowfullscreen><\/iframe>\n<\/div><\/figure>\n","protected":false},"excerpt":{"rendered":"<p>La cinqui\u00e8me vid\u00e9o correspond \u00e0 la pr\u00e9sentation de Grace McCormack. Titulaire d&rsquo;une licence et d&rsquo;un doctorat en zoologie de l&rsquo;universit\u00e9 de Galway (Irlande), elle est chercheuse et charg\u00e9e de cours dans cette m\u00eame universit\u00e9. <\/p>\n","protected":false},"author":2,"featured_media":2703,"comment_status":"closed","ping_status":"open","sticky":false,"template":"","format":"standard","meta":{"_bbp_topic_count":0,"_bbp_reply_count":0,"_bbp_total_topic_count":0,"_bbp_total_reply_count":0,"_bbp_voice_count":0,"_bbp_anonymous_reply_count":0,"_bbp_topic_count_hidden":0,"_bbp_reply_count_hidden":0,"_bbp_forum_subforum_count":0,"_jetpack_memberships_contains_paid_content":false,"footnotes":""},"categories":[26,39],"tags":[],"class_list":["post-2759","post","type-post","status-publish","format-standard","has-post-thumbnail","hentry","category-non-classifiee","category-nouvelles","masonry-post","generate-columns","tablet-grid-50","mobile-grid-100","grid-parent","grid-50"],"yoast_head":"<!-- This site is optimized with the Yoast SEO plugin v26.8 - https:\/\/yoast.com\/product\/yoast-seo-wordpress\/ -->\n<title>Vid\u00e9o de la rencontre G\u00e9n\u00e9tique et s\u00e9lection 2023 (5\/6) &#8226; ERBEL<\/title>\n<meta name=\"robots\" content=\"index, follow, max-snippet:-1, max-image-preview:large, max-video-preview:-1\" \/>\n<link rel=\"canonical\" href=\"https:\/\/erbel.eus\/2023\/12\/01\/video-de-la-jornada-de-genetica-y-seleccion-2023-5-6\/\" \/>\n<meta property=\"og:locale\" content=\"fr_FR\" \/>\n<meta property=\"og:type\" content=\"article\" \/>\n<meta property=\"og:title\" content=\"Vid\u00e9o de la rencontre G\u00e9n\u00e9tique et s\u00e9lection 2023 (5\/6) &#8226; ERBEL\" \/>\n<meta property=\"og:description\" content=\"La cinqui\u00e8me vid\u00e9o correspond \u00e0 la pr\u00e9sentation de Grace McCormack. Titulaire d&#039;une licence et d&#039;un doctorat en zoologie de l&#039;universit\u00e9 de Galway (Irlande), elle est chercheuse et charg\u00e9e de cours dans cette m\u00eame universit\u00e9.\" \/>\n<meta property=\"og:url\" content=\"https:\/\/erbel.eus\/2023\/12\/01\/video-de-la-jornada-de-genetica-y-seleccion-2023-5-6\/\" \/>\n<meta property=\"og:site_name\" content=\"ERBEL\" \/>\n<meta property=\"article:published_time\" content=\"2023-12-01T17:03:43+00:00\" \/>\n<meta property=\"article:modified_time\" content=\"2023-12-01T17:03:49+00:00\" \/>\n<meta property=\"og:image\" content=\"https:\/\/i0.wp.com\/erbel.eus\/wp-content\/uploads\/2023\/11\/Jardunaldiko-kartela-1-2023.jpg?fit=2048%2C449&ssl=1\" \/>\n\t<meta property=\"og:image:width\" content=\"2048\" \/>\n\t<meta property=\"og:image:height\" content=\"449\" \/>\n\t<meta property=\"og:image:type\" content=\"image\/jpeg\" \/>\n<meta name=\"author\" content=\"Egoitz Galartza\" \/>\n<meta name=\"twitter:card\" content=\"summary_large_image\" \/>\n<meta name=\"twitter:label1\" content=\"\u00c9crit par\" \/>\n\t<meta name=\"twitter:data1\" content=\"Egoitz Galartza\" \/>\n\t<meta name=\"twitter:label2\" content=\"Dur\u00e9e de lecture estim\u00e9e\" \/>\n\t<meta name=\"twitter:data2\" content=\"1 minute\" \/>\n<script type=\"application\/ld+json\" class=\"yoast-schema-graph\">{\"@context\":\"https:\/\/schema.org\",\"@graph\":[{\"@type\":\"Article\",\"@id\":\"https:\/\/erbel.eus\/2023\/12\/01\/video-de-la-jornada-de-genetica-y-seleccion-2023-5-6\/#article\",\"isPartOf\":{\"@id\":\"https:\/\/erbel.eus\/2023\/12\/01\/video-de-la-jornada-de-genetica-y-seleccion-2023-5-6\/\"},\"author\":{\"name\":\"Egoitz Galartza\",\"@id\":\"https:\/\/erbel.eus\/#\/schema\/person\/ff2d1eacc8825f0e87a0d04848349a7c\"},\"headline\":\"Vid\u00e9o de la rencontre G\u00e9n\u00e9tique et s\u00e9lection 2023 (5\/6)\",\"datePublished\":\"2023-12-01T17:03:43+00:00\",\"dateModified\":\"2023-12-01T17:03:49+00:00\",\"mainEntityOfPage\":{\"@id\":\"https:\/\/erbel.eus\/2023\/12\/01\/video-de-la-jornada-de-genetica-y-seleccion-2023-5-6\/\"},\"wordCount\":217,\"publisher\":{\"@id\":\"https:\/\/erbel.eus\/#organization\"},\"image\":{\"@id\":\"https:\/\/erbel.eus\/2023\/12\/01\/video-de-la-jornada-de-genetica-y-seleccion-2023-5-6\/#primaryimage\"},\"thumbnailUrl\":\"https:\/\/i0.wp.com\/erbel.eus\/wp-content\/uploads\/2023\/11\/Jardunaldiko-kartela-1-2023.jpg?fit=2048%2C449&ssl=1\",\"articleSection\":[\"Non classifi\u00e9(e)\",\"nouvelles\"],\"inLanguage\":\"fr-FR\"},{\"@type\":\"WebPage\",\"@id\":\"https:\/\/erbel.eus\/2023\/12\/01\/video-de-la-jornada-de-genetica-y-seleccion-2023-5-6\/\",\"url\":\"https:\/\/erbel.eus\/2023\/12\/01\/video-de-la-jornada-de-genetica-y-seleccion-2023-5-6\/\",\"name\":\"Vid\u00e9o de la rencontre G\u00e9n\u00e9tique et s\u00e9lection 2023 (5\/6) &#8226; ERBEL\",\"isPartOf\":{\"@id\":\"https:\/\/erbel.eus\/#website\"},\"primaryImageOfPage\":{\"@id\":\"https:\/\/erbel.eus\/2023\/12\/01\/video-de-la-jornada-de-genetica-y-seleccion-2023-5-6\/#primaryimage\"},\"image\":{\"@id\":\"https:\/\/erbel.eus\/2023\/12\/01\/video-de-la-jornada-de-genetica-y-seleccion-2023-5-6\/#primaryimage\"},\"thumbnailUrl\":\"https:\/\/i0.wp.com\/erbel.eus\/wp-content\/uploads\/2023\/11\/Jardunaldiko-kartela-1-2023.jpg?fit=2048%2C449&ssl=1\",\"datePublished\":\"2023-12-01T17:03:43+00:00\",\"dateModified\":\"2023-12-01T17:03:49+00:00\",\"breadcrumb\":{\"@id\":\"https:\/\/erbel.eus\/2023\/12\/01\/video-de-la-jornada-de-genetica-y-seleccion-2023-5-6\/#breadcrumb\"},\"inLanguage\":\"fr-FR\",\"potentialAction\":[{\"@type\":\"ReadAction\",\"target\":[\"https:\/\/erbel.eus\/2023\/12\/01\/video-de-la-jornada-de-genetica-y-seleccion-2023-5-6\/\"]}]},{\"@type\":\"ImageObject\",\"inLanguage\":\"fr-FR\",\"@id\":\"https:\/\/erbel.eus\/2023\/12\/01\/video-de-la-jornada-de-genetica-y-seleccion-2023-5-6\/#primaryimage\",\"url\":\"https:\/\/i0.wp.com\/erbel.eus\/wp-content\/uploads\/2023\/11\/Jardunaldiko-kartela-1-2023.jpg?fit=2048%2C449&ssl=1\",\"contentUrl\":\"https:\/\/i0.wp.com\/erbel.eus\/wp-content\/uploads\/2023\/11\/Jardunaldiko-kartela-1-2023.jpg?fit=2048%2C449&ssl=1\",\"width\":2048,\"height\":449},{\"@type\":\"BreadcrumbList\",\"@id\":\"https:\/\/erbel.eus\/2023\/12\/01\/video-de-la-jornada-de-genetica-y-seleccion-2023-5-6\/#breadcrumb\",\"itemListElement\":[{\"@type\":\"ListItem\",\"position\":1,\"name\":\"Home\",\"item\":\"https:\/\/erbel.eus\/\"},{\"@type\":\"ListItem\",\"position\":2,\"name\":\"Vid\u00e9o de la rencontre G\u00e9n\u00e9tique et s\u00e9lection 2023 (5\/6)\"}]},{\"@type\":\"WebSite\",\"@id\":\"https:\/\/erbel.eus\/#website\",\"url\":\"https:\/\/erbel.eus\/\",\"name\":\"ERBEL\",\"description\":\" Erle Beltz Hazleen Elkartea - Asociacion de criadores de abeja Erle Beltza - Association d&#039;eleveurs d&#039;abeilles Erle Beltza\",\"publisher\":{\"@id\":\"https:\/\/erbel.eus\/#organization\"},\"potentialAction\":[{\"@type\":\"SearchAction\",\"target\":{\"@type\":\"EntryPoint\",\"urlTemplate\":\"https:\/\/erbel.eus\/?s={search_term_string}\"},\"query-input\":{\"@type\":\"PropertyValueSpecification\",\"valueRequired\":true,\"valueName\":\"search_term_string\"}}],\"inLanguage\":\"fr-FR\"},{\"@type\":\"Organization\",\"@id\":\"https:\/\/erbel.eus\/#organization\",\"name\":\"ERBEL Erle Beltza Hazleen Elkartea\",\"url\":\"https:\/\/erbel.eus\/\",\"logo\":{\"@type\":\"ImageObject\",\"inLanguage\":\"fr-FR\",\"@id\":\"https:\/\/erbel.eus\/#\/schema\/logo\/image\/\",\"url\":\"https:\/\/i0.wp.com\/erbel.eus\/wp-content\/uploads\/2019\/05\/erbel_erleak_denak-beltz.png?fit=300%2C316&ssl=1\",\"contentUrl\":\"https:\/\/i0.wp.com\/erbel.eus\/wp-content\/uploads\/2019\/05\/erbel_erleak_denak-beltz.png?fit=300%2C316&ssl=1\",\"width\":300,\"height\":316,\"caption\":\"ERBEL Erle Beltza Hazleen Elkartea\"},\"image\":{\"@id\":\"https:\/\/erbel.eus\/#\/schema\/logo\/image\/\"},\"sameAs\":[\"https:\/\/www.youtube.com\/channel\/UCNkgIS3GnpMESbnykKUIqgw\"]},{\"@type\":\"Person\",\"@id\":\"https:\/\/erbel.eus\/#\/schema\/person\/ff2d1eacc8825f0e87a0d04848349a7c\",\"name\":\"Egoitz Galartza\",\"image\":{\"@type\":\"ImageObject\",\"inLanguage\":\"fr-FR\",\"@id\":\"https:\/\/erbel.eus\/#\/schema\/person\/image\/\",\"url\":\"\/\/www.gravatar.com\/avatar\/2b6f40c945cfbd3dfdb8ec528a7534d9?s=96&#038;r=g&#038;d=mm\",\"contentUrl\":\"\/\/www.gravatar.com\/avatar\/2b6f40c945cfbd3dfdb8ec528a7534d9?s=96&#038;r=g&#038;d=mm\",\"caption\":\"Egoitz Galartza\"}}]}<\/script>\n<!-- \/ Yoast SEO plugin. -->","yoast_head_json":{"title":"Vid\u00e9o de la rencontre G\u00e9n\u00e9tique et s\u00e9lection 2023 (5\/6) &#8226; ERBEL","robots":{"index":"index","follow":"follow","max-snippet":"max-snippet:-1","max-image-preview":"max-image-preview:large","max-video-preview":"max-video-preview:-1"},"canonical":"https:\/\/erbel.eus\/2023\/12\/01\/video-de-la-jornada-de-genetica-y-seleccion-2023-5-6\/","og_locale":"fr_FR","og_type":"article","og_title":"Vid\u00e9o de la rencontre G\u00e9n\u00e9tique et s\u00e9lection 2023 (5\/6) &#8226; ERBEL","og_description":"La cinqui\u00e8me vid\u00e9o correspond \u00e0 la pr\u00e9sentation de Grace McCormack. Titulaire d'une licence et d'un doctorat en zoologie de l'universit\u00e9 de Galway (Irlande), elle est chercheuse et charg\u00e9e de cours dans cette m\u00eame universit\u00e9.","og_url":"https:\/\/erbel.eus\/2023\/12\/01\/video-de-la-jornada-de-genetica-y-seleccion-2023-5-6\/","og_site_name":"ERBEL","article_published_time":"2023-12-01T17:03:43+00:00","article_modified_time":"2023-12-01T17:03:49+00:00","og_image":[{"width":2048,"height":449,"url":"https:\/\/i0.wp.com\/erbel.eus\/wp-content\/uploads\/2023\/11\/Jardunaldiko-kartela-1-2023.jpg?fit=2048%2C449&ssl=1","type":"image\/jpeg"}],"author":"Egoitz Galartza","twitter_card":"summary_large_image","twitter_misc":{"\u00c9crit par":"Egoitz Galartza","Dur\u00e9e de lecture estim\u00e9e":"1 minute"},"schema":{"@context":"https:\/\/schema.org","@graph":[{"@type":"Article","@id":"https:\/\/erbel.eus\/2023\/12\/01\/video-de-la-jornada-de-genetica-y-seleccion-2023-5-6\/#article","isPartOf":{"@id":"https:\/\/erbel.eus\/2023\/12\/01\/video-de-la-jornada-de-genetica-y-seleccion-2023-5-6\/"},"author":{"name":"Egoitz Galartza","@id":"https:\/\/erbel.eus\/#\/schema\/person\/ff2d1eacc8825f0e87a0d04848349a7c"},"headline":"Vid\u00e9o de la rencontre G\u00e9n\u00e9tique et s\u00e9lection 2023 (5\/6)","datePublished":"2023-12-01T17:03:43+00:00","dateModified":"2023-12-01T17:03:49+00:00","mainEntityOfPage":{"@id":"https:\/\/erbel.eus\/2023\/12\/01\/video-de-la-jornada-de-genetica-y-seleccion-2023-5-6\/"},"wordCount":217,"publisher":{"@id":"https:\/\/erbel.eus\/#organization"},"image":{"@id":"https:\/\/erbel.eus\/2023\/12\/01\/video-de-la-jornada-de-genetica-y-seleccion-2023-5-6\/#primaryimage"},"thumbnailUrl":"https:\/\/i0.wp.com\/erbel.eus\/wp-content\/uploads\/2023\/11\/Jardunaldiko-kartela-1-2023.jpg?fit=2048%2C449&ssl=1","articleSection":["Non classifi\u00e9(e)","nouvelles"],"inLanguage":"fr-FR"},{"@type":"WebPage","@id":"https:\/\/erbel.eus\/2023\/12\/01\/video-de-la-jornada-de-genetica-y-seleccion-2023-5-6\/","url":"https:\/\/erbel.eus\/2023\/12\/01\/video-de-la-jornada-de-genetica-y-seleccion-2023-5-6\/","name":"Vid\u00e9o de la rencontre G\u00e9n\u00e9tique et s\u00e9lection 2023 (5\/6) &#8226; ERBEL","isPartOf":{"@id":"https:\/\/erbel.eus\/#website"},"primaryImageOfPage":{"@id":"https:\/\/erbel.eus\/2023\/12\/01\/video-de-la-jornada-de-genetica-y-seleccion-2023-5-6\/#primaryimage"},"image":{"@id":"https:\/\/erbel.eus\/2023\/12\/01\/video-de-la-jornada-de-genetica-y-seleccion-2023-5-6\/#primaryimage"},"thumbnailUrl":"https:\/\/i0.wp.com\/erbel.eus\/wp-content\/uploads\/2023\/11\/Jardunaldiko-kartela-1-2023.jpg?fit=2048%2C449&ssl=1","datePublished":"2023-12-01T17:03:43+00:00","dateModified":"2023-12-01T17:03:49+00:00","breadcrumb":{"@id":"https:\/\/erbel.eus\/2023\/12\/01\/video-de-la-jornada-de-genetica-y-seleccion-2023-5-6\/#breadcrumb"},"inLanguage":"fr-FR","potentialAction":[{"@type":"ReadAction","target":["https:\/\/erbel.eus\/2023\/12\/01\/video-de-la-jornada-de-genetica-y-seleccion-2023-5-6\/"]}]},{"@type":"ImageObject","inLanguage":"fr-FR","@id":"https:\/\/erbel.eus\/2023\/12\/01\/video-de-la-jornada-de-genetica-y-seleccion-2023-5-6\/#primaryimage","url":"https:\/\/i0.wp.com\/erbel.eus\/wp-content\/uploads\/2023\/11\/Jardunaldiko-kartela-1-2023.jpg?fit=2048%2C449&ssl=1","contentUrl":"https:\/\/i0.wp.com\/erbel.eus\/wp-content\/uploads\/2023\/11\/Jardunaldiko-kartela-1-2023.jpg?fit=2048%2C449&ssl=1","width":2048,"height":449},{"@type":"BreadcrumbList","@id":"https:\/\/erbel.eus\/2023\/12\/01\/video-de-la-jornada-de-genetica-y-seleccion-2023-5-6\/#breadcrumb","itemListElement":[{"@type":"ListItem","position":1,"name":"Home","item":"https:\/\/erbel.eus\/"},{"@type":"ListItem","position":2,"name":"Vid\u00e9o de la rencontre G\u00e9n\u00e9tique et s\u00e9lection 2023 (5\/6)"}]},{"@type":"WebSite","@id":"https:\/\/erbel.eus\/#website","url":"https:\/\/erbel.eus\/","name":"ERBEL","description":" Erle Beltz Hazleen Elkartea - Asociacion de criadores de abeja Erle Beltza - Association d&#039;eleveurs d&#039;abeilles Erle Beltza","publisher":{"@id":"https:\/\/erbel.eus\/#organization"},"potentialAction":[{"@type":"SearchAction","target":{"@type":"EntryPoint","urlTemplate":"https:\/\/erbel.eus\/?s={search_term_string}"},"query-input":{"@type":"PropertyValueSpecification","valueRequired":true,"valueName":"search_term_string"}}],"inLanguage":"fr-FR"},{"@type":"Organization","@id":"https:\/\/erbel.eus\/#organization","name":"ERBEL Erle Beltza Hazleen Elkartea","url":"https:\/\/erbel.eus\/","logo":{"@type":"ImageObject","inLanguage":"fr-FR","@id":"https:\/\/erbel.eus\/#\/schema\/logo\/image\/","url":"https:\/\/i0.wp.com\/erbel.eus\/wp-content\/uploads\/2019\/05\/erbel_erleak_denak-beltz.png?fit=300%2C316&ssl=1","contentUrl":"https:\/\/i0.wp.com\/erbel.eus\/wp-content\/uploads\/2019\/05\/erbel_erleak_denak-beltz.png?fit=300%2C316&ssl=1","width":300,"height":316,"caption":"ERBEL Erle Beltza Hazleen Elkartea"},"image":{"@id":"https:\/\/erbel.eus\/#\/schema\/logo\/image\/"},"sameAs":["https:\/\/www.youtube.com\/channel\/UCNkgIS3GnpMESbnykKUIqgw"]},{"@type":"Person","@id":"https:\/\/erbel.eus\/#\/schema\/person\/ff2d1eacc8825f0e87a0d04848349a7c","name":"Egoitz Galartza","image":{"@type":"ImageObject","inLanguage":"fr-FR","@id":"https:\/\/erbel.eus\/#\/schema\/person\/image\/","url":"\/\/www.gravatar.com\/avatar\/2b6f40c945cfbd3dfdb8ec528a7534d9?s=96&#038;r=g&#038;d=mm","contentUrl":"\/\/www.gravatar.com\/avatar\/2b6f40c945cfbd3dfdb8ec528a7534d9?s=96&#038;r=g&#038;d=mm","caption":"Egoitz Galartza"}}]}},"jetpack_featured_media_url":"https:\/\/i0.wp.com\/erbel.eus\/wp-content\/uploads\/2023\/11\/Jardunaldiko-kartela-1-2023.jpg?fit=2048%2C449&ssl=1","jetpack_sharing_enabled":true,"_links":{"self":[{"href":"https:\/\/erbel.eus\/fr\/wp-json\/wp\/v2\/posts\/2759","targetHints":{"allow":["GET"]}}],"collection":[{"href":"https:\/\/erbel.eus\/fr\/wp-json\/wp\/v2\/posts"}],"about":[{"href":"https:\/\/erbel.eus\/fr\/wp-json\/wp\/v2\/types\/post"}],"author":[{"embeddable":true,"href":"https:\/\/erbel.eus\/fr\/wp-json\/wp\/v2\/users\/2"}],"replies":[{"embeddable":true,"href":"https:\/\/erbel.eus\/fr\/wp-json\/wp\/v2\/comments?post=2759"}],"version-history":[{"count":2,"href":"https:\/\/erbel.eus\/fr\/wp-json\/wp\/v2\/posts\/2759\/revisions"}],"predecessor-version":[{"id":2763,"href":"https:\/\/erbel.eus\/fr\/wp-json\/wp\/v2\/posts\/2759\/revisions\/2763"}],"wp:featuredmedia":[{"embeddable":true,"href":"https:\/\/erbel.eus\/fr\/wp-json\/wp\/v2\/media\/2703"}],"wp:attachment":[{"href":"https:\/\/erbel.eus\/fr\/wp-json\/wp\/v2\/media?parent=2759"}],"wp:term":[{"taxonomy":"category","embeddable":true,"href":"https:\/\/erbel.eus\/fr\/wp-json\/wp\/v2\/categories?post=2759"},{"taxonomy":"post_tag","embeddable":true,"href":"https:\/\/erbel.eus\/fr\/wp-json\/wp\/v2\/tags?post=2759"}],"curies":[{"name":"wp","href":"https:\/\/api.w.org\/{rel}","templated":true}]}}