{"id":2748,"date":"2023-11-29T17:05:59","date_gmt":"2023-11-29T16:05:59","guid":{"rendered":"https:\/\/www.erbel.eus\/2023\/11\/29\/video-de-la-rencontre-genetique-et-selection-2023-4-6\/"},"modified":"2023-11-29T17:06:07","modified_gmt":"2023-11-29T16:06:07","slug":"video-de-la-rencontre-genetique-et-selection-2023-4-6","status":"publish","type":"post","link":"https:\/\/erbel.eus\/fr\/2023\/11\/29\/video-de-la-rencontre-genetique-et-selection-2023-4-6\/","title":{"rendered":"Vid\u00e9o de la rencontre G\u00e9n\u00e9tique et s\u00e9lection 2023 (4\/6)"},"content":{"rendered":"\n<p><strong> Egoitz Galartza Garaialde<\/strong><\/p>\n\n<p>Le quatri\u00e8me expos\u00e9 a \u00e9t\u00e9 pr\u00e9sent\u00e9 par Itsasne Granado, docteure en biologie. Cette chercheuse travaille dans la section Production animale de l&rsquo;Institut NEIKER sur l&rsquo;optimisation de la m\u00e9thodologie pour l&rsquo;\u00e9valuation g\u00e9n\u00e9tique des animaux reproducteurs dans le cadre des programmes d&rsquo;\u00e9levage. Elle est \u00e9galement responsable g\u00e9n\u00e9tique des programmes de conservation des races indig\u00e8nes en Euskadi et experte en \u00e9valuation g\u00e9nomique de la brebis Latxa.<\/p>\n\n<p>Sa pr\u00e9sentation est intitul\u00e9e\u00a0: <em><strong>Programmes de s\u00e9lection et d&rsquo;am\u00e9lioration g\u00e9n\u00e9tique des abeilles<\/strong><\/em><\/p>\n\n<figure class=\"wp-block-embed-youtube aligncenter wp-block-embed is-type-video is-provider-youtube wp-embed-aspect-16-9 wp-has-aspect-ratio\"><div class=\"wp-block-embed__wrapper\">\n<iframe title=\"&quot;Programas de selecci\u00f3n y mejora gen\u00e9tica en abejas&quot; - Itsasne Granado (NEIKER)\" width=\"1200\" height=\"675\" src=\"https:\/\/www.youtube.com\/embed\/DBemk0goJmo?feature=oembed\" frameborder=\"0\" allow=\"accelerometer; autoplay; clipboard-write; encrypted-media; gyroscope; picture-in-picture; web-share\" referrerpolicy=\"strict-origin-when-cross-origin\" allowfullscreen><\/iframe>\n<\/div><\/figure>\n","protected":false},"excerpt":{"rendered":"<p>Le quatri\u00e8me expos\u00e9 a \u00e9t\u00e9 pr\u00e9sent\u00e9 par Itsasne Granado, docteure en biologie. Cette chercheuse travaille dans la section Production animale de l&rsquo;Institut NEIKER sur l&rsquo;optimisation de la m\u00e9thodologie pour l&rsquo;\u00e9valuation g\u00e9n\u00e9tique des animaux reproducteurs dans le cadre des programmes d&rsquo;\u00e9levage. Elle est \u00e9galement responsable g\u00e9n\u00e9tique des programmes de conservation des races indig\u00e8nes en Euskadi et experte en \u00e9valuation g\u00e9nomique de la brebis Latxa.<\/p>\n","protected":false},"author":2,"featured_media":2703,"comment_status":"closed","ping_status":"open","sticky":false,"template":"","format":"standard","meta":{"_bbp_topic_count":0,"_bbp_reply_count":0,"_bbp_total_topic_count":0,"_bbp_total_reply_count":0,"_bbp_voice_count":0,"_bbp_anonymous_reply_count":0,"_bbp_topic_count_hidden":0,"_bbp_reply_count_hidden":0,"_bbp_forum_subforum_count":0,"_jetpack_memberships_contains_paid_content":false,"footnotes":""},"categories":[39],"tags":[],"class_list":["post-2748","post","type-post","status-publish","format-standard","has-post-thumbnail","hentry","category-nouvelles","masonry-post","generate-columns","tablet-grid-50","mobile-grid-100","grid-parent","grid-50"],"yoast_head":"<!-- This site is optimized with the Yoast SEO plugin v26.8 - https:\/\/yoast.com\/product\/yoast-seo-wordpress\/ -->\n<title>Vid\u00e9o de la rencontre G\u00e9n\u00e9tique et s\u00e9lection 2023 (4\/6) &#8226; ERBEL<\/title>\n<meta name=\"robots\" content=\"index, follow, max-snippet:-1, max-image-preview:large, max-video-preview:-1\" \/>\n<link rel=\"canonical\" href=\"https:\/\/erbel.eus\/2023\/11\/29\/video-de-la-jornada-de-genetica-y-seleccion-2023-4-6\/\" \/>\n<meta property=\"og:locale\" content=\"fr_FR\" \/>\n<meta property=\"og:type\" content=\"article\" \/>\n<meta property=\"og:title\" content=\"Vid\u00e9o de la rencontre G\u00e9n\u00e9tique et s\u00e9lection 2023 (4\/6) &#8226; ERBEL\" \/>\n<meta property=\"og:description\" content=\"Le quatri\u00e8me expos\u00e9 a \u00e9t\u00e9 pr\u00e9sent\u00e9 par Itsasne Granado, docteure en biologie. Cette chercheuse travaille dans la section Production animale de l&#039;Institut NEIKER sur l&#039;optimisation de la m\u00e9thodologie pour l&#039;\u00e9valuation g\u00e9n\u00e9tique des animaux reproducteurs dans le cadre des programmes d&#039;\u00e9levage. Elle est \u00e9galement responsable g\u00e9n\u00e9tique des programmes de conservation des races indig\u00e8nes en Euskadi et experte en \u00e9valuation g\u00e9nomique de la brebis Latxa.\" \/>\n<meta property=\"og:url\" content=\"https:\/\/erbel.eus\/2023\/11\/29\/video-de-la-jornada-de-genetica-y-seleccion-2023-4-6\/\" \/>\n<meta property=\"og:site_name\" content=\"ERBEL\" \/>\n<meta property=\"article:published_time\" content=\"2023-11-29T16:05:59+00:00\" \/>\n<meta property=\"article:modified_time\" content=\"2023-11-29T16:06:07+00:00\" \/>\n<meta property=\"og:image\" content=\"https:\/\/i0.wp.com\/erbel.eus\/wp-content\/uploads\/2023\/11\/Jardunaldiko-kartela-1-2023.jpg?fit=2048%2C449&ssl=1\" \/>\n\t<meta property=\"og:image:width\" content=\"2048\" \/>\n\t<meta property=\"og:image:height\" content=\"449\" \/>\n\t<meta property=\"og:image:type\" content=\"image\/jpeg\" \/>\n<meta name=\"author\" content=\"Egoitz Galartza\" \/>\n<meta name=\"twitter:card\" content=\"summary_large_image\" \/>\n<meta name=\"twitter:label1\" content=\"\u00c9crit par\" \/>\n\t<meta name=\"twitter:data1\" content=\"Egoitz Galartza\" \/>\n\t<meta name=\"twitter:label2\" content=\"Dur\u00e9e de lecture estim\u00e9e\" \/>\n\t<meta name=\"twitter:data2\" content=\"1 minute\" \/>\n<script type=\"application\/ld+json\" class=\"yoast-schema-graph\">{\"@context\":\"https:\/\/schema.org\",\"@graph\":[{\"@type\":\"Article\",\"@id\":\"https:\/\/erbel.eus\/2023\/11\/29\/video-de-la-jornada-de-genetica-y-seleccion-2023-4-6\/#article\",\"isPartOf\":{\"@id\":\"https:\/\/erbel.eus\/2023\/11\/29\/video-de-la-jornada-de-genetica-y-seleccion-2023-4-6\/\"},\"author\":{\"name\":\"Egoitz Galartza\",\"@id\":\"https:\/\/erbel.eus\/#\/schema\/person\/ff2d1eacc8825f0e87a0d04848349a7c\"},\"headline\":\"Vid\u00e9o de la rencontre G\u00e9n\u00e9tique et s\u00e9lection 2023 (4\/6)\",\"datePublished\":\"2023-11-29T16:05:59+00:00\",\"dateModified\":\"2023-11-29T16:06:07+00:00\",\"mainEntityOfPage\":{\"@id\":\"https:\/\/erbel.eus\/2023\/11\/29\/video-de-la-jornada-de-genetica-y-seleccion-2023-4-6\/\"},\"wordCount\":114,\"publisher\":{\"@id\":\"https:\/\/erbel.eus\/#organization\"},\"image\":{\"@id\":\"https:\/\/erbel.eus\/2023\/11\/29\/video-de-la-jornada-de-genetica-y-seleccion-2023-4-6\/#primaryimage\"},\"thumbnailUrl\":\"https:\/\/i0.wp.com\/erbel.eus\/wp-content\/uploads\/2023\/11\/Jardunaldiko-kartela-1-2023.jpg?fit=2048%2C449&ssl=1\",\"articleSection\":[\"nouvelles\"],\"inLanguage\":\"fr-FR\"},{\"@type\":\"WebPage\",\"@id\":\"https:\/\/erbel.eus\/2023\/11\/29\/video-de-la-jornada-de-genetica-y-seleccion-2023-4-6\/\",\"url\":\"https:\/\/erbel.eus\/2023\/11\/29\/video-de-la-jornada-de-genetica-y-seleccion-2023-4-6\/\",\"name\":\"Vid\u00e9o de la rencontre G\u00e9n\u00e9tique et s\u00e9lection 2023 (4\/6) &#8226; ERBEL\",\"isPartOf\":{\"@id\":\"https:\/\/erbel.eus\/#website\"},\"primaryImageOfPage\":{\"@id\":\"https:\/\/erbel.eus\/2023\/11\/29\/video-de-la-jornada-de-genetica-y-seleccion-2023-4-6\/#primaryimage\"},\"image\":{\"@id\":\"https:\/\/erbel.eus\/2023\/11\/29\/video-de-la-jornada-de-genetica-y-seleccion-2023-4-6\/#primaryimage\"},\"thumbnailUrl\":\"https:\/\/i0.wp.com\/erbel.eus\/wp-content\/uploads\/2023\/11\/Jardunaldiko-kartela-1-2023.jpg?fit=2048%2C449&ssl=1\",\"datePublished\":\"2023-11-29T16:05:59+00:00\",\"dateModified\":\"2023-11-29T16:06:07+00:00\",\"breadcrumb\":{\"@id\":\"https:\/\/erbel.eus\/2023\/11\/29\/video-de-la-jornada-de-genetica-y-seleccion-2023-4-6\/#breadcrumb\"},\"inLanguage\":\"fr-FR\",\"potentialAction\":[{\"@type\":\"ReadAction\",\"target\":[\"https:\/\/erbel.eus\/2023\/11\/29\/video-de-la-jornada-de-genetica-y-seleccion-2023-4-6\/\"]}]},{\"@type\":\"ImageObject\",\"inLanguage\":\"fr-FR\",\"@id\":\"https:\/\/erbel.eus\/2023\/11\/29\/video-de-la-jornada-de-genetica-y-seleccion-2023-4-6\/#primaryimage\",\"url\":\"https:\/\/i0.wp.com\/erbel.eus\/wp-content\/uploads\/2023\/11\/Jardunaldiko-kartela-1-2023.jpg?fit=2048%2C449&ssl=1\",\"contentUrl\":\"https:\/\/i0.wp.com\/erbel.eus\/wp-content\/uploads\/2023\/11\/Jardunaldiko-kartela-1-2023.jpg?fit=2048%2C449&ssl=1\",\"width\":2048,\"height\":449},{\"@type\":\"BreadcrumbList\",\"@id\":\"https:\/\/erbel.eus\/2023\/11\/29\/video-de-la-jornada-de-genetica-y-seleccion-2023-4-6\/#breadcrumb\",\"itemListElement\":[{\"@type\":\"ListItem\",\"position\":1,\"name\":\"Home\",\"item\":\"https:\/\/erbel.eus\/\"},{\"@type\":\"ListItem\",\"position\":2,\"name\":\"Vid\u00e9o de la rencontre G\u00e9n\u00e9tique et s\u00e9lection 2023 (4\/6)\"}]},{\"@type\":\"WebSite\",\"@id\":\"https:\/\/erbel.eus\/#website\",\"url\":\"https:\/\/erbel.eus\/\",\"name\":\"ERBEL\",\"description\":\" Erle Beltz Hazleen Elkartea - Asociacion de criadores de abeja Erle Beltza - Association d&#039;eleveurs d&#039;abeilles Erle Beltza\",\"publisher\":{\"@id\":\"https:\/\/erbel.eus\/#organization\"},\"potentialAction\":[{\"@type\":\"SearchAction\",\"target\":{\"@type\":\"EntryPoint\",\"urlTemplate\":\"https:\/\/erbel.eus\/?s={search_term_string}\"},\"query-input\":{\"@type\":\"PropertyValueSpecification\",\"valueRequired\":true,\"valueName\":\"search_term_string\"}}],\"inLanguage\":\"fr-FR\"},{\"@type\":\"Organization\",\"@id\":\"https:\/\/erbel.eus\/#organization\",\"name\":\"ERBEL Erle Beltza Hazleen Elkartea\",\"url\":\"https:\/\/erbel.eus\/\",\"logo\":{\"@type\":\"ImageObject\",\"inLanguage\":\"fr-FR\",\"@id\":\"https:\/\/erbel.eus\/#\/schema\/logo\/image\/\",\"url\":\"https:\/\/i0.wp.com\/erbel.eus\/wp-content\/uploads\/2019\/05\/erbel_erleak_denak-beltz.png?fit=300%2C316&ssl=1\",\"contentUrl\":\"https:\/\/i0.wp.com\/erbel.eus\/wp-content\/uploads\/2019\/05\/erbel_erleak_denak-beltz.png?fit=300%2C316&ssl=1\",\"width\":300,\"height\":316,\"caption\":\"ERBEL Erle Beltza Hazleen Elkartea\"},\"image\":{\"@id\":\"https:\/\/erbel.eus\/#\/schema\/logo\/image\/\"},\"sameAs\":[\"https:\/\/www.youtube.com\/channel\/UCNkgIS3GnpMESbnykKUIqgw\"]},{\"@type\":\"Person\",\"@id\":\"https:\/\/erbel.eus\/#\/schema\/person\/ff2d1eacc8825f0e87a0d04848349a7c\",\"name\":\"Egoitz Galartza\",\"image\":{\"@type\":\"ImageObject\",\"inLanguage\":\"fr-FR\",\"@id\":\"https:\/\/erbel.eus\/#\/schema\/person\/image\/\",\"url\":\"\/\/www.gravatar.com\/avatar\/2b6f40c945cfbd3dfdb8ec528a7534d9?s=96&#038;r=g&#038;d=mm\",\"contentUrl\":\"\/\/www.gravatar.com\/avatar\/2b6f40c945cfbd3dfdb8ec528a7534d9?s=96&#038;r=g&#038;d=mm\",\"caption\":\"Egoitz Galartza\"}}]}<\/script>\n<!-- \/ Yoast SEO plugin. -->","yoast_head_json":{"title":"Vid\u00e9o de la rencontre G\u00e9n\u00e9tique et s\u00e9lection 2023 (4\/6) &#8226; ERBEL","robots":{"index":"index","follow":"follow","max-snippet":"max-snippet:-1","max-image-preview":"max-image-preview:large","max-video-preview":"max-video-preview:-1"},"canonical":"https:\/\/erbel.eus\/2023\/11\/29\/video-de-la-jornada-de-genetica-y-seleccion-2023-4-6\/","og_locale":"fr_FR","og_type":"article","og_title":"Vid\u00e9o de la rencontre G\u00e9n\u00e9tique et s\u00e9lection 2023 (4\/6) &#8226; ERBEL","og_description":"Le quatri\u00e8me expos\u00e9 a \u00e9t\u00e9 pr\u00e9sent\u00e9 par Itsasne Granado, docteure en biologie. Cette chercheuse travaille dans la section Production animale de l'Institut NEIKER sur l'optimisation de la m\u00e9thodologie pour l'\u00e9valuation g\u00e9n\u00e9tique des animaux reproducteurs dans le cadre des programmes d'\u00e9levage. Elle est \u00e9galement responsable g\u00e9n\u00e9tique des programmes de conservation des races indig\u00e8nes en Euskadi et experte en \u00e9valuation g\u00e9nomique de la brebis Latxa.","og_url":"https:\/\/erbel.eus\/2023\/11\/29\/video-de-la-jornada-de-genetica-y-seleccion-2023-4-6\/","og_site_name":"ERBEL","article_published_time":"2023-11-29T16:05:59+00:00","article_modified_time":"2023-11-29T16:06:07+00:00","og_image":[{"width":2048,"height":449,"url":"https:\/\/i0.wp.com\/erbel.eus\/wp-content\/uploads\/2023\/11\/Jardunaldiko-kartela-1-2023.jpg?fit=2048%2C449&ssl=1","type":"image\/jpeg"}],"author":"Egoitz Galartza","twitter_card":"summary_large_image","twitter_misc":{"\u00c9crit par":"Egoitz Galartza","Dur\u00e9e de lecture estim\u00e9e":"1 minute"},"schema":{"@context":"https:\/\/schema.org","@graph":[{"@type":"Article","@id":"https:\/\/erbel.eus\/2023\/11\/29\/video-de-la-jornada-de-genetica-y-seleccion-2023-4-6\/#article","isPartOf":{"@id":"https:\/\/erbel.eus\/2023\/11\/29\/video-de-la-jornada-de-genetica-y-seleccion-2023-4-6\/"},"author":{"name":"Egoitz Galartza","@id":"https:\/\/erbel.eus\/#\/schema\/person\/ff2d1eacc8825f0e87a0d04848349a7c"},"headline":"Vid\u00e9o de la rencontre G\u00e9n\u00e9tique et s\u00e9lection 2023 (4\/6)","datePublished":"2023-11-29T16:05:59+00:00","dateModified":"2023-11-29T16:06:07+00:00","mainEntityOfPage":{"@id":"https:\/\/erbel.eus\/2023\/11\/29\/video-de-la-jornada-de-genetica-y-seleccion-2023-4-6\/"},"wordCount":114,"publisher":{"@id":"https:\/\/erbel.eus\/#organization"},"image":{"@id":"https:\/\/erbel.eus\/2023\/11\/29\/video-de-la-jornada-de-genetica-y-seleccion-2023-4-6\/#primaryimage"},"thumbnailUrl":"https:\/\/i0.wp.com\/erbel.eus\/wp-content\/uploads\/2023\/11\/Jardunaldiko-kartela-1-2023.jpg?fit=2048%2C449&ssl=1","articleSection":["nouvelles"],"inLanguage":"fr-FR"},{"@type":"WebPage","@id":"https:\/\/erbel.eus\/2023\/11\/29\/video-de-la-jornada-de-genetica-y-seleccion-2023-4-6\/","url":"https:\/\/erbel.eus\/2023\/11\/29\/video-de-la-jornada-de-genetica-y-seleccion-2023-4-6\/","name":"Vid\u00e9o de la rencontre G\u00e9n\u00e9tique et s\u00e9lection 2023 (4\/6) &#8226; ERBEL","isPartOf":{"@id":"https:\/\/erbel.eus\/#website"},"primaryImageOfPage":{"@id":"https:\/\/erbel.eus\/2023\/11\/29\/video-de-la-jornada-de-genetica-y-seleccion-2023-4-6\/#primaryimage"},"image":{"@id":"https:\/\/erbel.eus\/2023\/11\/29\/video-de-la-jornada-de-genetica-y-seleccion-2023-4-6\/#primaryimage"},"thumbnailUrl":"https:\/\/i0.wp.com\/erbel.eus\/wp-content\/uploads\/2023\/11\/Jardunaldiko-kartela-1-2023.jpg?fit=2048%2C449&ssl=1","datePublished":"2023-11-29T16:05:59+00:00","dateModified":"2023-11-29T16:06:07+00:00","breadcrumb":{"@id":"https:\/\/erbel.eus\/2023\/11\/29\/video-de-la-jornada-de-genetica-y-seleccion-2023-4-6\/#breadcrumb"},"inLanguage":"fr-FR","potentialAction":[{"@type":"ReadAction","target":["https:\/\/erbel.eus\/2023\/11\/29\/video-de-la-jornada-de-genetica-y-seleccion-2023-4-6\/"]}]},{"@type":"ImageObject","inLanguage":"fr-FR","@id":"https:\/\/erbel.eus\/2023\/11\/29\/video-de-la-jornada-de-genetica-y-seleccion-2023-4-6\/#primaryimage","url":"https:\/\/i0.wp.com\/erbel.eus\/wp-content\/uploads\/2023\/11\/Jardunaldiko-kartela-1-2023.jpg?fit=2048%2C449&ssl=1","contentUrl":"https:\/\/i0.wp.com\/erbel.eus\/wp-content\/uploads\/2023\/11\/Jardunaldiko-kartela-1-2023.jpg?fit=2048%2C449&ssl=1","width":2048,"height":449},{"@type":"BreadcrumbList","@id":"https:\/\/erbel.eus\/2023\/11\/29\/video-de-la-jornada-de-genetica-y-seleccion-2023-4-6\/#breadcrumb","itemListElement":[{"@type":"ListItem","position":1,"name":"Home","item":"https:\/\/erbel.eus\/"},{"@type":"ListItem","position":2,"name":"Vid\u00e9o de la rencontre G\u00e9n\u00e9tique et s\u00e9lection 2023 (4\/6)"}]},{"@type":"WebSite","@id":"https:\/\/erbel.eus\/#website","url":"https:\/\/erbel.eus\/","name":"ERBEL","description":" Erle Beltz Hazleen Elkartea - Asociacion de criadores de abeja Erle Beltza - Association d&#039;eleveurs d&#039;abeilles Erle Beltza","publisher":{"@id":"https:\/\/erbel.eus\/#organization"},"potentialAction":[{"@type":"SearchAction","target":{"@type":"EntryPoint","urlTemplate":"https:\/\/erbel.eus\/?s={search_term_string}"},"query-input":{"@type":"PropertyValueSpecification","valueRequired":true,"valueName":"search_term_string"}}],"inLanguage":"fr-FR"},{"@type":"Organization","@id":"https:\/\/erbel.eus\/#organization","name":"ERBEL Erle Beltza Hazleen Elkartea","url":"https:\/\/erbel.eus\/","logo":{"@type":"ImageObject","inLanguage":"fr-FR","@id":"https:\/\/erbel.eus\/#\/schema\/logo\/image\/","url":"https:\/\/i0.wp.com\/erbel.eus\/wp-content\/uploads\/2019\/05\/erbel_erleak_denak-beltz.png?fit=300%2C316&ssl=1","contentUrl":"https:\/\/i0.wp.com\/erbel.eus\/wp-content\/uploads\/2019\/05\/erbel_erleak_denak-beltz.png?fit=300%2C316&ssl=1","width":300,"height":316,"caption":"ERBEL Erle Beltza Hazleen Elkartea"},"image":{"@id":"https:\/\/erbel.eus\/#\/schema\/logo\/image\/"},"sameAs":["https:\/\/www.youtube.com\/channel\/UCNkgIS3GnpMESbnykKUIqgw"]},{"@type":"Person","@id":"https:\/\/erbel.eus\/#\/schema\/person\/ff2d1eacc8825f0e87a0d04848349a7c","name":"Egoitz Galartza","image":{"@type":"ImageObject","inLanguage":"fr-FR","@id":"https:\/\/erbel.eus\/#\/schema\/person\/image\/","url":"\/\/www.gravatar.com\/avatar\/2b6f40c945cfbd3dfdb8ec528a7534d9?s=96&#038;r=g&#038;d=mm","contentUrl":"\/\/www.gravatar.com\/avatar\/2b6f40c945cfbd3dfdb8ec528a7534d9?s=96&#038;r=g&#038;d=mm","caption":"Egoitz Galartza"}}]}},"jetpack_featured_media_url":"https:\/\/i0.wp.com\/erbel.eus\/wp-content\/uploads\/2023\/11\/Jardunaldiko-kartela-1-2023.jpg?fit=2048%2C449&ssl=1","jetpack_sharing_enabled":true,"_links":{"self":[{"href":"https:\/\/erbel.eus\/fr\/wp-json\/wp\/v2\/posts\/2748","targetHints":{"allow":["GET"]}}],"collection":[{"href":"https:\/\/erbel.eus\/fr\/wp-json\/wp\/v2\/posts"}],"about":[{"href":"https:\/\/erbel.eus\/fr\/wp-json\/wp\/v2\/types\/post"}],"author":[{"embeddable":true,"href":"https:\/\/erbel.eus\/fr\/wp-json\/wp\/v2\/users\/2"}],"replies":[{"embeddable":true,"href":"https:\/\/erbel.eus\/fr\/wp-json\/wp\/v2\/comments?post=2748"}],"version-history":[{"count":3,"href":"https:\/\/erbel.eus\/fr\/wp-json\/wp\/v2\/posts\/2748\/revisions"}],"predecessor-version":[{"id":2751,"href":"https:\/\/erbel.eus\/fr\/wp-json\/wp\/v2\/posts\/2748\/revisions\/2751"}],"wp:featuredmedia":[{"embeddable":true,"href":"https:\/\/erbel.eus\/fr\/wp-json\/wp\/v2\/media\/2703"}],"wp:attachment":[{"href":"https:\/\/erbel.eus\/fr\/wp-json\/wp\/v2\/media?parent=2748"}],"wp:term":[{"taxonomy":"category","embeddable":true,"href":"https:\/\/erbel.eus\/fr\/wp-json\/wp\/v2\/categories?post=2748"},{"taxonomy":"post_tag","embeddable":true,"href":"https:\/\/erbel.eus\/fr\/wp-json\/wp\/v2\/tags?post=2748"}],"curies":[{"name":"wp","href":"https:\/\/api.w.org\/{rel}","templated":true}]}}