{"id":2739,"date":"2023-11-28T11:58:56","date_gmt":"2023-11-28T10:58:56","guid":{"rendered":"https:\/\/www.erbel.eus\/2023\/11\/28\/video-de-la-rencontre-genetique-et-selection-2023-3-6\/"},"modified":"2023-11-28T11:59:47","modified_gmt":"2023-11-28T10:59:47","slug":"video-de-la-rencontre-genetique-et-selection-2023-3-6","status":"publish","type":"post","link":"https:\/\/erbel.eus\/fr\/2023\/11\/28\/video-de-la-rencontre-genetique-et-selection-2023-3-6\/","title":{"rendered":"Vid\u00e9o de la rencontre G\u00e9n\u00e9tique et s\u00e9lection 2023 (3\/6)"},"content":{"rendered":"\n<p><strong> Egoitz Galartza Garaialde<\/strong><\/p>\n\n\n\n<p>La troisi\u00e8me vid\u00e9o pr\u00e9sente Iratxe Zarraonaindia, Ikerbasque Research Associate, chercheuse principale du groupe de recherche en g\u00e9nomique appliqu\u00e9e et en bioinformatique de l&rsquo;UPV\/EHU depuis 2021. Forte de 9 ans d&rsquo;exp\u00e9rience en m\u00e9tag\u00e9nomique, elle dirige actuellement des \u00e9tudes ax\u00e9es sur la caract\u00e9risation de la diversit\u00e9 taxonomique et fonctionnelle du microbiome associ\u00e9 aux \u00e9cosyst\u00e8mes subissant un impact anthropog\u00e9nique.<\/p>\n\n\n\n<p>Sa pr\u00e9sentation est intitul\u00e9e: <em><strong>Recherches en cours sur l&rsquo;abeille ib\u00e9rique<\/strong><\/em><\/p>\n\n\n\n<figure class=\"wp-block-embed-youtube aligncenter wp-block-embed is-type-video is-provider-youtube wp-embed-aspect-16-9 wp-has-aspect-ratio\"><div class=\"wp-block-embed__wrapper\">\n<iframe title=\"&quot;Investigaciones en curso sobre la abeja ib\u00e9rica&quot; - Iratxe Zarraonaindia (UPV\/EHU)\" width=\"1200\" height=\"675\" src=\"https:\/\/www.youtube.com\/embed\/F6DLPt7u2LI?feature=oembed\" frameborder=\"0\" allow=\"accelerometer; autoplay; clipboard-write; encrypted-media; gyroscope; picture-in-picture; web-share\" allowfullscreen><\/iframe>\n<\/div><\/figure>\n","protected":false},"excerpt":{"rendered":"<p>La troisi\u00e8me vid\u00e9o pr\u00e9sente Iratxe Zarraonaindia, Ikerbasque Research Associate, chercheuse principale du groupe de recherche en g\u00e9nomique appliqu\u00e9e et en bioinformatique de l&rsquo;UPV\/EHU depuis 2021. Forte de 9 ans d&rsquo;exp\u00e9rience en m\u00e9tag\u00e9nomique, elle dirige actuellement des \u00e9tudes ax\u00e9es sur la caract\u00e9risation de la diversit\u00e9 taxonomique et fonctionnelle du microbiome associ\u00e9 aux \u00e9cosyst\u00e8mes subissant un impact anthropog\u00e9nique.<\/p>\n","protected":false},"author":2,"featured_media":2703,"comment_status":"closed","ping_status":"open","sticky":false,"template":"","format":"standard","meta":{"_bbp_topic_count":0,"_bbp_reply_count":0,"_bbp_total_topic_count":0,"_bbp_total_reply_count":0,"_bbp_voice_count":0,"_bbp_anonymous_reply_count":0,"_bbp_topic_count_hidden":0,"_bbp_reply_count_hidden":0,"_bbp_forum_subforum_count":0,"_jetpack_memberships_contains_paid_content":false,"footnotes":""},"categories":[26,39],"tags":[],"class_list":["post-2739","post","type-post","status-publish","format-standard","has-post-thumbnail","hentry","category-non-classifiee","category-nouvelles","masonry-post","generate-columns","tablet-grid-50","mobile-grid-100","grid-parent","grid-50"],"yoast_head":"<!-- This site is optimized with the Yoast SEO plugin v26.8 - https:\/\/yoast.com\/product\/yoast-seo-wordpress\/ -->\n<title>Vid\u00e9o de la rencontre G\u00e9n\u00e9tique et s\u00e9lection 2023 (3\/6) &#8226; ERBEL<\/title>\n<meta name=\"robots\" content=\"index, follow, max-snippet:-1, max-image-preview:large, max-video-preview:-1\" \/>\n<link rel=\"canonical\" href=\"https:\/\/erbel.eus\/2023\/11\/28\/video-de-la-jornada-de-genetica-y-seleccion-2023-3-6\/\" \/>\n<meta property=\"og:locale\" content=\"fr_FR\" \/>\n<meta property=\"og:type\" content=\"article\" \/>\n<meta property=\"og:title\" content=\"Vid\u00e9o de la rencontre G\u00e9n\u00e9tique et s\u00e9lection 2023 (3\/6) &#8226; ERBEL\" \/>\n<meta property=\"og:description\" content=\"La troisi\u00e8me vid\u00e9o pr\u00e9sente Iratxe Zarraonaindia, Ikerbasque Research Associate, chercheuse principale du groupe de recherche en g\u00e9nomique appliqu\u00e9e et en bioinformatique de l&#039;UPV\/EHU depuis 2021. Forte de 9 ans d&#039;exp\u00e9rience en m\u00e9tag\u00e9nomique, elle dirige actuellement des \u00e9tudes ax\u00e9es sur la caract\u00e9risation de la diversit\u00e9 taxonomique et fonctionnelle du microbiome associ\u00e9 aux \u00e9cosyst\u00e8mes subissant un impact anthropog\u00e9nique.\" \/>\n<meta property=\"og:url\" content=\"https:\/\/erbel.eus\/2023\/11\/28\/video-de-la-jornada-de-genetica-y-seleccion-2023-3-6\/\" \/>\n<meta property=\"og:site_name\" content=\"ERBEL\" \/>\n<meta property=\"article:published_time\" content=\"2023-11-28T10:58:56+00:00\" \/>\n<meta property=\"article:modified_time\" content=\"2023-11-28T10:59:47+00:00\" \/>\n<meta property=\"og:image\" content=\"https:\/\/i0.wp.com\/erbel.eus\/wp-content\/uploads\/2023\/11\/Jardunaldiko-kartela-1-2023.jpg?fit=2048%2C449&ssl=1\" \/>\n\t<meta property=\"og:image:width\" content=\"2048\" \/>\n\t<meta property=\"og:image:height\" content=\"449\" \/>\n\t<meta property=\"og:image:type\" content=\"image\/jpeg\" \/>\n<meta name=\"author\" content=\"Egoitz Galartza\" \/>\n<meta name=\"twitter:card\" content=\"summary_large_image\" \/>\n<meta name=\"twitter:label1\" content=\"\u00c9crit par\" \/>\n\t<meta name=\"twitter:data1\" content=\"Egoitz Galartza\" \/>\n<script type=\"application\/ld+json\" class=\"yoast-schema-graph\">{\"@context\":\"https:\/\/schema.org\",\"@graph\":[{\"@type\":\"Article\",\"@id\":\"https:\/\/erbel.eus\/2023\/11\/28\/video-de-la-jornada-de-genetica-y-seleccion-2023-3-6\/#article\",\"isPartOf\":{\"@id\":\"https:\/\/erbel.eus\/2023\/11\/28\/video-de-la-jornada-de-genetica-y-seleccion-2023-3-6\/\"},\"author\":{\"name\":\"Egoitz Galartza\",\"@id\":\"https:\/\/erbel.eus\/#\/schema\/person\/ff2d1eacc8825f0e87a0d04848349a7c\"},\"headline\":\"Vid\u00e9o de la rencontre G\u00e9n\u00e9tique et s\u00e9lection 2023 (3\/6)\",\"datePublished\":\"2023-11-28T10:58:56+00:00\",\"dateModified\":\"2023-11-28T10:59:47+00:00\",\"mainEntityOfPage\":{\"@id\":\"https:\/\/erbel.eus\/2023\/11\/28\/video-de-la-jornada-de-genetica-y-seleccion-2023-3-6\/\"},\"wordCount\":107,\"publisher\":{\"@id\":\"https:\/\/erbel.eus\/#organization\"},\"image\":{\"@id\":\"https:\/\/erbel.eus\/2023\/11\/28\/video-de-la-jornada-de-genetica-y-seleccion-2023-3-6\/#primaryimage\"},\"thumbnailUrl\":\"https:\/\/i0.wp.com\/erbel.eus\/wp-content\/uploads\/2023\/11\/Jardunaldiko-kartela-1-2023.jpg?fit=2048%2C449&ssl=1\",\"articleSection\":[\"Non classifi\u00e9(e)\",\"nouvelles\"],\"inLanguage\":\"fr-FR\"},{\"@type\":\"WebPage\",\"@id\":\"https:\/\/erbel.eus\/2023\/11\/28\/video-de-la-jornada-de-genetica-y-seleccion-2023-3-6\/\",\"url\":\"https:\/\/erbel.eus\/2023\/11\/28\/video-de-la-jornada-de-genetica-y-seleccion-2023-3-6\/\",\"name\":\"Vid\u00e9o de la rencontre G\u00e9n\u00e9tique et s\u00e9lection 2023 (3\/6) &#8226; ERBEL\",\"isPartOf\":{\"@id\":\"https:\/\/erbel.eus\/#website\"},\"primaryImageOfPage\":{\"@id\":\"https:\/\/erbel.eus\/2023\/11\/28\/video-de-la-jornada-de-genetica-y-seleccion-2023-3-6\/#primaryimage\"},\"image\":{\"@id\":\"https:\/\/erbel.eus\/2023\/11\/28\/video-de-la-jornada-de-genetica-y-seleccion-2023-3-6\/#primaryimage\"},\"thumbnailUrl\":\"https:\/\/i0.wp.com\/erbel.eus\/wp-content\/uploads\/2023\/11\/Jardunaldiko-kartela-1-2023.jpg?fit=2048%2C449&ssl=1\",\"datePublished\":\"2023-11-28T10:58:56+00:00\",\"dateModified\":\"2023-11-28T10:59:47+00:00\",\"breadcrumb\":{\"@id\":\"https:\/\/erbel.eus\/2023\/11\/28\/video-de-la-jornada-de-genetica-y-seleccion-2023-3-6\/#breadcrumb\"},\"inLanguage\":\"fr-FR\",\"potentialAction\":[{\"@type\":\"ReadAction\",\"target\":[\"https:\/\/erbel.eus\/2023\/11\/28\/video-de-la-jornada-de-genetica-y-seleccion-2023-3-6\/\"]}]},{\"@type\":\"ImageObject\",\"inLanguage\":\"fr-FR\",\"@id\":\"https:\/\/erbel.eus\/2023\/11\/28\/video-de-la-jornada-de-genetica-y-seleccion-2023-3-6\/#primaryimage\",\"url\":\"https:\/\/i0.wp.com\/erbel.eus\/wp-content\/uploads\/2023\/11\/Jardunaldiko-kartela-1-2023.jpg?fit=2048%2C449&ssl=1\",\"contentUrl\":\"https:\/\/i0.wp.com\/erbel.eus\/wp-content\/uploads\/2023\/11\/Jardunaldiko-kartela-1-2023.jpg?fit=2048%2C449&ssl=1\",\"width\":2048,\"height\":449},{\"@type\":\"BreadcrumbList\",\"@id\":\"https:\/\/erbel.eus\/2023\/11\/28\/video-de-la-jornada-de-genetica-y-seleccion-2023-3-6\/#breadcrumb\",\"itemListElement\":[{\"@type\":\"ListItem\",\"position\":1,\"name\":\"Home\",\"item\":\"https:\/\/erbel.eus\/\"},{\"@type\":\"ListItem\",\"position\":2,\"name\":\"Vid\u00e9o de la rencontre G\u00e9n\u00e9tique et s\u00e9lection 2023 (3\/6)\"}]},{\"@type\":\"WebSite\",\"@id\":\"https:\/\/erbel.eus\/#website\",\"url\":\"https:\/\/erbel.eus\/\",\"name\":\"ERBEL\",\"description\":\" Erle Beltz Hazleen Elkartea - Asociacion de criadores de abeja Erle Beltza - Association d&#039;eleveurs d&#039;abeilles Erle Beltza\",\"publisher\":{\"@id\":\"https:\/\/erbel.eus\/#organization\"},\"potentialAction\":[{\"@type\":\"SearchAction\",\"target\":{\"@type\":\"EntryPoint\",\"urlTemplate\":\"https:\/\/erbel.eus\/?s={search_term_string}\"},\"query-input\":{\"@type\":\"PropertyValueSpecification\",\"valueRequired\":true,\"valueName\":\"search_term_string\"}}],\"inLanguage\":\"fr-FR\"},{\"@type\":\"Organization\",\"@id\":\"https:\/\/erbel.eus\/#organization\",\"name\":\"ERBEL Erle Beltza Hazleen Elkartea\",\"url\":\"https:\/\/erbel.eus\/\",\"logo\":{\"@type\":\"ImageObject\",\"inLanguage\":\"fr-FR\",\"@id\":\"https:\/\/erbel.eus\/#\/schema\/logo\/image\/\",\"url\":\"https:\/\/i0.wp.com\/erbel.eus\/wp-content\/uploads\/2019\/05\/erbel_erleak_denak-beltz.png?fit=300%2C316&ssl=1\",\"contentUrl\":\"https:\/\/i0.wp.com\/erbel.eus\/wp-content\/uploads\/2019\/05\/erbel_erleak_denak-beltz.png?fit=300%2C316&ssl=1\",\"width\":300,\"height\":316,\"caption\":\"ERBEL Erle Beltza Hazleen Elkartea\"},\"image\":{\"@id\":\"https:\/\/erbel.eus\/#\/schema\/logo\/image\/\"},\"sameAs\":[\"https:\/\/www.youtube.com\/channel\/UCNkgIS3GnpMESbnykKUIqgw\"]},{\"@type\":\"Person\",\"@id\":\"https:\/\/erbel.eus\/#\/schema\/person\/ff2d1eacc8825f0e87a0d04848349a7c\",\"name\":\"Egoitz Galartza\",\"image\":{\"@type\":\"ImageObject\",\"inLanguage\":\"fr-FR\",\"@id\":\"https:\/\/erbel.eus\/#\/schema\/person\/image\/\",\"url\":\"\/\/www.gravatar.com\/avatar\/2b6f40c945cfbd3dfdb8ec528a7534d9?s=96&#038;r=g&#038;d=mm\",\"contentUrl\":\"\/\/www.gravatar.com\/avatar\/2b6f40c945cfbd3dfdb8ec528a7534d9?s=96&#038;r=g&#038;d=mm\",\"caption\":\"Egoitz Galartza\"}}]}<\/script>\n<!-- \/ Yoast SEO plugin. -->","yoast_head_json":{"title":"Vid\u00e9o de la rencontre G\u00e9n\u00e9tique et s\u00e9lection 2023 (3\/6) &#8226; ERBEL","robots":{"index":"index","follow":"follow","max-snippet":"max-snippet:-1","max-image-preview":"max-image-preview:large","max-video-preview":"max-video-preview:-1"},"canonical":"https:\/\/erbel.eus\/2023\/11\/28\/video-de-la-jornada-de-genetica-y-seleccion-2023-3-6\/","og_locale":"fr_FR","og_type":"article","og_title":"Vid\u00e9o de la rencontre G\u00e9n\u00e9tique et s\u00e9lection 2023 (3\/6) &#8226; ERBEL","og_description":"La troisi\u00e8me vid\u00e9o pr\u00e9sente Iratxe Zarraonaindia, Ikerbasque Research Associate, chercheuse principale du groupe de recherche en g\u00e9nomique appliqu\u00e9e et en bioinformatique de l'UPV\/EHU depuis 2021. Forte de 9 ans d'exp\u00e9rience en m\u00e9tag\u00e9nomique, elle dirige actuellement des \u00e9tudes ax\u00e9es sur la caract\u00e9risation de la diversit\u00e9 taxonomique et fonctionnelle du microbiome associ\u00e9 aux \u00e9cosyst\u00e8mes subissant un impact anthropog\u00e9nique.","og_url":"https:\/\/erbel.eus\/2023\/11\/28\/video-de-la-jornada-de-genetica-y-seleccion-2023-3-6\/","og_site_name":"ERBEL","article_published_time":"2023-11-28T10:58:56+00:00","article_modified_time":"2023-11-28T10:59:47+00:00","og_image":[{"width":2048,"height":449,"url":"https:\/\/i0.wp.com\/erbel.eus\/wp-content\/uploads\/2023\/11\/Jardunaldiko-kartela-1-2023.jpg?fit=2048%2C449&ssl=1","type":"image\/jpeg"}],"author":"Egoitz Galartza","twitter_card":"summary_large_image","twitter_misc":{"\u00c9crit par":"Egoitz Galartza"},"schema":{"@context":"https:\/\/schema.org","@graph":[{"@type":"Article","@id":"https:\/\/erbel.eus\/2023\/11\/28\/video-de-la-jornada-de-genetica-y-seleccion-2023-3-6\/#article","isPartOf":{"@id":"https:\/\/erbel.eus\/2023\/11\/28\/video-de-la-jornada-de-genetica-y-seleccion-2023-3-6\/"},"author":{"name":"Egoitz Galartza","@id":"https:\/\/erbel.eus\/#\/schema\/person\/ff2d1eacc8825f0e87a0d04848349a7c"},"headline":"Vid\u00e9o de la rencontre G\u00e9n\u00e9tique et s\u00e9lection 2023 (3\/6)","datePublished":"2023-11-28T10:58:56+00:00","dateModified":"2023-11-28T10:59:47+00:00","mainEntityOfPage":{"@id":"https:\/\/erbel.eus\/2023\/11\/28\/video-de-la-jornada-de-genetica-y-seleccion-2023-3-6\/"},"wordCount":107,"publisher":{"@id":"https:\/\/erbel.eus\/#organization"},"image":{"@id":"https:\/\/erbel.eus\/2023\/11\/28\/video-de-la-jornada-de-genetica-y-seleccion-2023-3-6\/#primaryimage"},"thumbnailUrl":"https:\/\/i0.wp.com\/erbel.eus\/wp-content\/uploads\/2023\/11\/Jardunaldiko-kartela-1-2023.jpg?fit=2048%2C449&ssl=1","articleSection":["Non classifi\u00e9(e)","nouvelles"],"inLanguage":"fr-FR"},{"@type":"WebPage","@id":"https:\/\/erbel.eus\/2023\/11\/28\/video-de-la-jornada-de-genetica-y-seleccion-2023-3-6\/","url":"https:\/\/erbel.eus\/2023\/11\/28\/video-de-la-jornada-de-genetica-y-seleccion-2023-3-6\/","name":"Vid\u00e9o de la rencontre G\u00e9n\u00e9tique et s\u00e9lection 2023 (3\/6) &#8226; ERBEL","isPartOf":{"@id":"https:\/\/erbel.eus\/#website"},"primaryImageOfPage":{"@id":"https:\/\/erbel.eus\/2023\/11\/28\/video-de-la-jornada-de-genetica-y-seleccion-2023-3-6\/#primaryimage"},"image":{"@id":"https:\/\/erbel.eus\/2023\/11\/28\/video-de-la-jornada-de-genetica-y-seleccion-2023-3-6\/#primaryimage"},"thumbnailUrl":"https:\/\/i0.wp.com\/erbel.eus\/wp-content\/uploads\/2023\/11\/Jardunaldiko-kartela-1-2023.jpg?fit=2048%2C449&ssl=1","datePublished":"2023-11-28T10:58:56+00:00","dateModified":"2023-11-28T10:59:47+00:00","breadcrumb":{"@id":"https:\/\/erbel.eus\/2023\/11\/28\/video-de-la-jornada-de-genetica-y-seleccion-2023-3-6\/#breadcrumb"},"inLanguage":"fr-FR","potentialAction":[{"@type":"ReadAction","target":["https:\/\/erbel.eus\/2023\/11\/28\/video-de-la-jornada-de-genetica-y-seleccion-2023-3-6\/"]}]},{"@type":"ImageObject","inLanguage":"fr-FR","@id":"https:\/\/erbel.eus\/2023\/11\/28\/video-de-la-jornada-de-genetica-y-seleccion-2023-3-6\/#primaryimage","url":"https:\/\/i0.wp.com\/erbel.eus\/wp-content\/uploads\/2023\/11\/Jardunaldiko-kartela-1-2023.jpg?fit=2048%2C449&ssl=1","contentUrl":"https:\/\/i0.wp.com\/erbel.eus\/wp-content\/uploads\/2023\/11\/Jardunaldiko-kartela-1-2023.jpg?fit=2048%2C449&ssl=1","width":2048,"height":449},{"@type":"BreadcrumbList","@id":"https:\/\/erbel.eus\/2023\/11\/28\/video-de-la-jornada-de-genetica-y-seleccion-2023-3-6\/#breadcrumb","itemListElement":[{"@type":"ListItem","position":1,"name":"Home","item":"https:\/\/erbel.eus\/"},{"@type":"ListItem","position":2,"name":"Vid\u00e9o de la rencontre G\u00e9n\u00e9tique et s\u00e9lection 2023 (3\/6)"}]},{"@type":"WebSite","@id":"https:\/\/erbel.eus\/#website","url":"https:\/\/erbel.eus\/","name":"ERBEL","description":" Erle Beltz Hazleen Elkartea - Asociacion de criadores de abeja Erle Beltza - Association d&#039;eleveurs d&#039;abeilles Erle Beltza","publisher":{"@id":"https:\/\/erbel.eus\/#organization"},"potentialAction":[{"@type":"SearchAction","target":{"@type":"EntryPoint","urlTemplate":"https:\/\/erbel.eus\/?s={search_term_string}"},"query-input":{"@type":"PropertyValueSpecification","valueRequired":true,"valueName":"search_term_string"}}],"inLanguage":"fr-FR"},{"@type":"Organization","@id":"https:\/\/erbel.eus\/#organization","name":"ERBEL Erle Beltza Hazleen Elkartea","url":"https:\/\/erbel.eus\/","logo":{"@type":"ImageObject","inLanguage":"fr-FR","@id":"https:\/\/erbel.eus\/#\/schema\/logo\/image\/","url":"https:\/\/i0.wp.com\/erbel.eus\/wp-content\/uploads\/2019\/05\/erbel_erleak_denak-beltz.png?fit=300%2C316&ssl=1","contentUrl":"https:\/\/i0.wp.com\/erbel.eus\/wp-content\/uploads\/2019\/05\/erbel_erleak_denak-beltz.png?fit=300%2C316&ssl=1","width":300,"height":316,"caption":"ERBEL Erle Beltza Hazleen Elkartea"},"image":{"@id":"https:\/\/erbel.eus\/#\/schema\/logo\/image\/"},"sameAs":["https:\/\/www.youtube.com\/channel\/UCNkgIS3GnpMESbnykKUIqgw"]},{"@type":"Person","@id":"https:\/\/erbel.eus\/#\/schema\/person\/ff2d1eacc8825f0e87a0d04848349a7c","name":"Egoitz Galartza","image":{"@type":"ImageObject","inLanguage":"fr-FR","@id":"https:\/\/erbel.eus\/#\/schema\/person\/image\/","url":"\/\/www.gravatar.com\/avatar\/2b6f40c945cfbd3dfdb8ec528a7534d9?s=96&#038;r=g&#038;d=mm","contentUrl":"\/\/www.gravatar.com\/avatar\/2b6f40c945cfbd3dfdb8ec528a7534d9?s=96&#038;r=g&#038;d=mm","caption":"Egoitz Galartza"}}]}},"jetpack_featured_media_url":"https:\/\/i0.wp.com\/erbel.eus\/wp-content\/uploads\/2023\/11\/Jardunaldiko-kartela-1-2023.jpg?fit=2048%2C449&ssl=1","jetpack_sharing_enabled":true,"_links":{"self":[{"href":"https:\/\/erbel.eus\/fr\/wp-json\/wp\/v2\/posts\/2739","targetHints":{"allow":["GET"]}}],"collection":[{"href":"https:\/\/erbel.eus\/fr\/wp-json\/wp\/v2\/posts"}],"about":[{"href":"https:\/\/erbel.eus\/fr\/wp-json\/wp\/v2\/types\/post"}],"author":[{"embeddable":true,"href":"https:\/\/erbel.eus\/fr\/wp-json\/wp\/v2\/users\/2"}],"replies":[{"embeddable":true,"href":"https:\/\/erbel.eus\/fr\/wp-json\/wp\/v2\/comments?post=2739"}],"version-history":[{"count":2,"href":"https:\/\/erbel.eus\/fr\/wp-json\/wp\/v2\/posts\/2739\/revisions"}],"predecessor-version":[{"id":2741,"href":"https:\/\/erbel.eus\/fr\/wp-json\/wp\/v2\/posts\/2739\/revisions\/2741"}],"wp:featuredmedia":[{"embeddable":true,"href":"https:\/\/erbel.eus\/fr\/wp-json\/wp\/v2\/media\/2703"}],"wp:attachment":[{"href":"https:\/\/erbel.eus\/fr\/wp-json\/wp\/v2\/media?parent=2739"}],"wp:term":[{"taxonomy":"category","embeddable":true,"href":"https:\/\/erbel.eus\/fr\/wp-json\/wp\/v2\/categories?post=2739"},{"taxonomy":"post_tag","embeddable":true,"href":"https:\/\/erbel.eus\/fr\/wp-json\/wp\/v2\/tags?post=2739"}],"curies":[{"name":"wp","href":"https:\/\/api.w.org\/{rel}","templated":true}]}}