{"id":2721,"date":"2023-11-27T18:31:06","date_gmt":"2023-11-27T17:31:06","guid":{"rendered":"https:\/\/www.erbel.eus\/?p=2721"},"modified":"2023-11-27T18:32:47","modified_gmt":"2023-11-27T17:32:47","slug":"video-de-la-rencontre-genetique-et-selection-2023-2-8","status":"publish","type":"post","link":"https:\/\/erbel.eus\/fr\/2023\/11\/27\/video-de-la-rencontre-genetique-et-selection-2023-2-8\/","title":{"rendered":"Vid\u00e9o de la rencontre G\u00e9n\u00e9tique et s\u00e9lection 2023 (2\/6)"},"content":{"rendered":"\n<p><strong> Egoitz Galartza Garaialde<\/strong><\/p>\n\n\n\n<p>La deuxi\u00e8me vid\u00e9o t\u00e9moigne de l&rsquo;intervention de Jes\u00fas Y\u00e1niz, professeur en production animale \u00e0 l&rsquo;Universit\u00e9 de Saragosse, et qui exerce son activit\u00e9 d&rsquo;enseignement et de recherche \u00e0 l&rsquo;\u00c9cole polytechnique sup\u00e9rieure de Huesca. Sa sp\u00e9cialit\u00e9 est la reproduction animale et, au cours de la derni\u00e8re d\u00e9cennie, il s&rsquo;est sp\u00e9cialis\u00e9 dans la spermatologie et l&rsquo;ins\u00e9mination artificielle.<\/p>\n\n\n\n<p>Sa pr\u00e9sentation est intitul\u00e9e&nbsp;: <em><strong>Situation actuelle des sous-esp\u00e8ces d&rsquo;abeilles mellif\u00e8res en Europe et dans la p\u00e9ninsule ib\u00e9rique<\/strong><\/em><\/p>\n\n\n\n<figure class=\"wp-block-embed-youtube wp-block-embed is-type-video is-provider-youtube wp-embed-aspect-16-9 wp-has-aspect-ratio\"><div class=\"wp-block-embed__wrapper\">\n<iframe title=\"&quot;Situaci\u00f3n actual de las subespecies de abeja mel\u00edfera en Europa y pen\u00ednsula ib\u00e9rica&quot;, Jes\u00fas Y\u00e1niz\" width=\"1200\" height=\"675\" src=\"https:\/\/www.youtube.com\/embed\/Hn7kB58WOyg?feature=oembed\" frameborder=\"0\" allow=\"accelerometer; autoplay; clipboard-write; encrypted-media; gyroscope; picture-in-picture; web-share\" allowfullscreen><\/iframe>\n<\/div><\/figure>\n","protected":false},"excerpt":{"rendered":"<p>La deuxi\u00e8me vid\u00e9o t\u00e9moigne de l&rsquo;intervention de Jes\u00fas Yaniz, professeur en production animale \u00e0 l&rsquo;Universit\u00e9 de Saragosse, et qui exerce son activit\u00e9 d&rsquo;enseignement et de recherche \u00e0 l&rsquo;\u00c9cole polytechnique sup\u00e9rieure de Huesca. Sa sp\u00e9cialit\u00e9 est la reproduction animale et, au cours de la derni\u00e8re d\u00e9cennie, il s&rsquo;est sp\u00e9cialis\u00e9 dans la spermatologie et l&rsquo;ins\u00e9mination artificielle.<\/p>\n","protected":false},"author":2,"featured_media":2703,"comment_status":"closed","ping_status":"open","sticky":false,"template":"","format":"standard","meta":{"_bbp_topic_count":0,"_bbp_reply_count":0,"_bbp_total_topic_count":0,"_bbp_total_reply_count":0,"_bbp_voice_count":0,"_bbp_anonymous_reply_count":0,"_bbp_topic_count_hidden":0,"_bbp_reply_count_hidden":0,"_bbp_forum_subforum_count":0,"_jetpack_memberships_contains_paid_content":false,"footnotes":""},"categories":[39],"tags":[],"class_list":["post-2721","post","type-post","status-publish","format-standard","has-post-thumbnail","hentry","category-nouvelles","masonry-post","generate-columns","tablet-grid-50","mobile-grid-100","grid-parent","grid-50"],"yoast_head":"<!-- This site is optimized with the Yoast SEO plugin v26.8 - https:\/\/yoast.com\/product\/yoast-seo-wordpress\/ -->\n<title>Vid\u00e9o de la rencontre G\u00e9n\u00e9tique et s\u00e9lection 2023 (2\/6) &#8226; ERBEL<\/title>\n<meta name=\"robots\" content=\"index, follow, max-snippet:-1, max-image-preview:large, max-video-preview:-1\" \/>\n<link rel=\"canonical\" href=\"https:\/\/erbel.eus\/2023\/11\/27\/video-de-la-jornada-de-genetica-y-seleccion-2023-2-6\/\" \/>\n<meta property=\"og:locale\" content=\"fr_FR\" \/>\n<meta property=\"og:type\" content=\"article\" \/>\n<meta property=\"og:title\" content=\"Vid\u00e9o de la rencontre G\u00e9n\u00e9tique et s\u00e9lection 2023 (2\/6) &#8226; ERBEL\" \/>\n<meta property=\"og:description\" content=\"La deuxi\u00e8me vid\u00e9o t\u00e9moigne de l&#039;intervention de Jes\u00fas Yaniz, professeur en production animale \u00e0 l&#039;Universit\u00e9 de Saragosse, et qui exerce son activit\u00e9 d&#039;enseignement et de recherche \u00e0 l&#039;\u00c9cole polytechnique sup\u00e9rieure de Huesca. Sa sp\u00e9cialit\u00e9 est la reproduction animale et, au cours de la derni\u00e8re d\u00e9cennie, il s&#039;est sp\u00e9cialis\u00e9 dans la spermatologie et l&#039;ins\u00e9mination artificielle.\" \/>\n<meta property=\"og:url\" content=\"https:\/\/erbel.eus\/2023\/11\/27\/video-de-la-jornada-de-genetica-y-seleccion-2023-2-6\/\" \/>\n<meta property=\"og:site_name\" content=\"ERBEL\" \/>\n<meta property=\"article:published_time\" content=\"2023-11-27T17:31:06+00:00\" \/>\n<meta property=\"article:modified_time\" content=\"2023-11-27T17:32:47+00:00\" \/>\n<meta property=\"og:image\" content=\"https:\/\/i0.wp.com\/erbel.eus\/wp-content\/uploads\/2023\/11\/Jardunaldiko-kartela-1-2023.jpg?fit=2048%2C449&ssl=1\" \/>\n\t<meta property=\"og:image:width\" content=\"2048\" \/>\n\t<meta property=\"og:image:height\" content=\"449\" \/>\n\t<meta property=\"og:image:type\" content=\"image\/jpeg\" \/>\n<meta name=\"author\" content=\"Egoitz Galartza\" \/>\n<meta name=\"twitter:card\" content=\"summary_large_image\" \/>\n<meta name=\"twitter:label1\" content=\"\u00c9crit par\" \/>\n\t<meta name=\"twitter:data1\" content=\"Egoitz Galartza\" \/>\n<script type=\"application\/ld+json\" class=\"yoast-schema-graph\">{\"@context\":\"https:\/\/schema.org\",\"@graph\":[{\"@type\":\"Article\",\"@id\":\"https:\/\/erbel.eus\/2023\/11\/27\/video-de-la-jornada-de-genetica-y-seleccion-2023-2-6\/#article\",\"isPartOf\":{\"@id\":\"https:\/\/erbel.eus\/2023\/11\/27\/video-de-la-jornada-de-genetica-y-seleccion-2023-2-6\/\"},\"author\":{\"name\":\"Egoitz Galartza\",\"@id\":\"https:\/\/erbel.eus\/#\/schema\/person\/ff2d1eacc8825f0e87a0d04848349a7c\"},\"headline\":\"Vid\u00e9o de la rencontre G\u00e9n\u00e9tique et s\u00e9lection 2023 (2\/6)\",\"datePublished\":\"2023-11-27T17:31:06+00:00\",\"dateModified\":\"2023-11-27T17:32:47+00:00\",\"mainEntityOfPage\":{\"@id\":\"https:\/\/erbel.eus\/2023\/11\/27\/video-de-la-jornada-de-genetica-y-seleccion-2023-2-6\/\"},\"wordCount\":114,\"publisher\":{\"@id\":\"https:\/\/erbel.eus\/#organization\"},\"image\":{\"@id\":\"https:\/\/erbel.eus\/2023\/11\/27\/video-de-la-jornada-de-genetica-y-seleccion-2023-2-6\/#primaryimage\"},\"thumbnailUrl\":\"https:\/\/i0.wp.com\/erbel.eus\/wp-content\/uploads\/2023\/11\/Jardunaldiko-kartela-1-2023.jpg?fit=2048%2C449&ssl=1\",\"articleSection\":[\"nouvelles\"],\"inLanguage\":\"fr-FR\"},{\"@type\":\"WebPage\",\"@id\":\"https:\/\/erbel.eus\/2023\/11\/27\/video-de-la-jornada-de-genetica-y-seleccion-2023-2-6\/\",\"url\":\"https:\/\/erbel.eus\/2023\/11\/27\/video-de-la-jornada-de-genetica-y-seleccion-2023-2-6\/\",\"name\":\"Vid\u00e9o de la rencontre G\u00e9n\u00e9tique et s\u00e9lection 2023 (2\/6) &#8226; ERBEL\",\"isPartOf\":{\"@id\":\"https:\/\/erbel.eus\/#website\"},\"primaryImageOfPage\":{\"@id\":\"https:\/\/erbel.eus\/2023\/11\/27\/video-de-la-jornada-de-genetica-y-seleccion-2023-2-6\/#primaryimage\"},\"image\":{\"@id\":\"https:\/\/erbel.eus\/2023\/11\/27\/video-de-la-jornada-de-genetica-y-seleccion-2023-2-6\/#primaryimage\"},\"thumbnailUrl\":\"https:\/\/i0.wp.com\/erbel.eus\/wp-content\/uploads\/2023\/11\/Jardunaldiko-kartela-1-2023.jpg?fit=2048%2C449&ssl=1\",\"datePublished\":\"2023-11-27T17:31:06+00:00\",\"dateModified\":\"2023-11-27T17:32:47+00:00\",\"breadcrumb\":{\"@id\":\"https:\/\/erbel.eus\/2023\/11\/27\/video-de-la-jornada-de-genetica-y-seleccion-2023-2-6\/#breadcrumb\"},\"inLanguage\":\"fr-FR\",\"potentialAction\":[{\"@type\":\"ReadAction\",\"target\":[\"https:\/\/erbel.eus\/2023\/11\/27\/video-de-la-jornada-de-genetica-y-seleccion-2023-2-6\/\"]}]},{\"@type\":\"ImageObject\",\"inLanguage\":\"fr-FR\",\"@id\":\"https:\/\/erbel.eus\/2023\/11\/27\/video-de-la-jornada-de-genetica-y-seleccion-2023-2-6\/#primaryimage\",\"url\":\"https:\/\/i0.wp.com\/erbel.eus\/wp-content\/uploads\/2023\/11\/Jardunaldiko-kartela-1-2023.jpg?fit=2048%2C449&ssl=1\",\"contentUrl\":\"https:\/\/i0.wp.com\/erbel.eus\/wp-content\/uploads\/2023\/11\/Jardunaldiko-kartela-1-2023.jpg?fit=2048%2C449&ssl=1\",\"width\":2048,\"height\":449},{\"@type\":\"BreadcrumbList\",\"@id\":\"https:\/\/erbel.eus\/2023\/11\/27\/video-de-la-jornada-de-genetica-y-seleccion-2023-2-6\/#breadcrumb\",\"itemListElement\":[{\"@type\":\"ListItem\",\"position\":1,\"name\":\"Home\",\"item\":\"https:\/\/erbel.eus\/\"},{\"@type\":\"ListItem\",\"position\":2,\"name\":\"Vid\u00e9o de la rencontre G\u00e9n\u00e9tique et s\u00e9lection 2023 (2\/6)\"}]},{\"@type\":\"WebSite\",\"@id\":\"https:\/\/erbel.eus\/#website\",\"url\":\"https:\/\/erbel.eus\/\",\"name\":\"ERBEL\",\"description\":\" Erle Beltz Hazleen Elkartea - Asociacion de criadores de abeja Erle Beltza - Association d&#039;eleveurs d&#039;abeilles Erle Beltza\",\"publisher\":{\"@id\":\"https:\/\/erbel.eus\/#organization\"},\"potentialAction\":[{\"@type\":\"SearchAction\",\"target\":{\"@type\":\"EntryPoint\",\"urlTemplate\":\"https:\/\/erbel.eus\/?s={search_term_string}\"},\"query-input\":{\"@type\":\"PropertyValueSpecification\",\"valueRequired\":true,\"valueName\":\"search_term_string\"}}],\"inLanguage\":\"fr-FR\"},{\"@type\":\"Organization\",\"@id\":\"https:\/\/erbel.eus\/#organization\",\"name\":\"ERBEL Erle Beltza Hazleen Elkartea\",\"url\":\"https:\/\/erbel.eus\/\",\"logo\":{\"@type\":\"ImageObject\",\"inLanguage\":\"fr-FR\",\"@id\":\"https:\/\/erbel.eus\/#\/schema\/logo\/image\/\",\"url\":\"https:\/\/i0.wp.com\/erbel.eus\/wp-content\/uploads\/2019\/05\/erbel_erleak_denak-beltz.png?fit=300%2C316&ssl=1\",\"contentUrl\":\"https:\/\/i0.wp.com\/erbel.eus\/wp-content\/uploads\/2019\/05\/erbel_erleak_denak-beltz.png?fit=300%2C316&ssl=1\",\"width\":300,\"height\":316,\"caption\":\"ERBEL Erle Beltza Hazleen Elkartea\"},\"image\":{\"@id\":\"https:\/\/erbel.eus\/#\/schema\/logo\/image\/\"},\"sameAs\":[\"https:\/\/www.youtube.com\/channel\/UCNkgIS3GnpMESbnykKUIqgw\"]},{\"@type\":\"Person\",\"@id\":\"https:\/\/erbel.eus\/#\/schema\/person\/ff2d1eacc8825f0e87a0d04848349a7c\",\"name\":\"Egoitz Galartza\",\"image\":{\"@type\":\"ImageObject\",\"inLanguage\":\"fr-FR\",\"@id\":\"https:\/\/erbel.eus\/#\/schema\/person\/image\/\",\"url\":\"\/\/www.gravatar.com\/avatar\/2b6f40c945cfbd3dfdb8ec528a7534d9?s=96&#038;r=g&#038;d=mm\",\"contentUrl\":\"\/\/www.gravatar.com\/avatar\/2b6f40c945cfbd3dfdb8ec528a7534d9?s=96&#038;r=g&#038;d=mm\",\"caption\":\"Egoitz Galartza\"}}]}<\/script>\n<!-- \/ Yoast SEO plugin. -->","yoast_head_json":{"title":"Vid\u00e9o de la rencontre G\u00e9n\u00e9tique et s\u00e9lection 2023 (2\/6) &#8226; ERBEL","robots":{"index":"index","follow":"follow","max-snippet":"max-snippet:-1","max-image-preview":"max-image-preview:large","max-video-preview":"max-video-preview:-1"},"canonical":"https:\/\/erbel.eus\/2023\/11\/27\/video-de-la-jornada-de-genetica-y-seleccion-2023-2-6\/","og_locale":"fr_FR","og_type":"article","og_title":"Vid\u00e9o de la rencontre G\u00e9n\u00e9tique et s\u00e9lection 2023 (2\/6) &#8226; ERBEL","og_description":"La deuxi\u00e8me vid\u00e9o t\u00e9moigne de l'intervention de Jes\u00fas Yaniz, professeur en production animale \u00e0 l'Universit\u00e9 de Saragosse, et qui exerce son activit\u00e9 d'enseignement et de recherche \u00e0 l'\u00c9cole polytechnique sup\u00e9rieure de Huesca. Sa sp\u00e9cialit\u00e9 est la reproduction animale et, au cours de la derni\u00e8re d\u00e9cennie, il s'est sp\u00e9cialis\u00e9 dans la spermatologie et l'ins\u00e9mination artificielle.","og_url":"https:\/\/erbel.eus\/2023\/11\/27\/video-de-la-jornada-de-genetica-y-seleccion-2023-2-6\/","og_site_name":"ERBEL","article_published_time":"2023-11-27T17:31:06+00:00","article_modified_time":"2023-11-27T17:32:47+00:00","og_image":[{"width":2048,"height":449,"url":"https:\/\/i0.wp.com\/erbel.eus\/wp-content\/uploads\/2023\/11\/Jardunaldiko-kartela-1-2023.jpg?fit=2048%2C449&ssl=1","type":"image\/jpeg"}],"author":"Egoitz Galartza","twitter_card":"summary_large_image","twitter_misc":{"\u00c9crit par":"Egoitz Galartza"},"schema":{"@context":"https:\/\/schema.org","@graph":[{"@type":"Article","@id":"https:\/\/erbel.eus\/2023\/11\/27\/video-de-la-jornada-de-genetica-y-seleccion-2023-2-6\/#article","isPartOf":{"@id":"https:\/\/erbel.eus\/2023\/11\/27\/video-de-la-jornada-de-genetica-y-seleccion-2023-2-6\/"},"author":{"name":"Egoitz Galartza","@id":"https:\/\/erbel.eus\/#\/schema\/person\/ff2d1eacc8825f0e87a0d04848349a7c"},"headline":"Vid\u00e9o de la rencontre G\u00e9n\u00e9tique et s\u00e9lection 2023 (2\/6)","datePublished":"2023-11-27T17:31:06+00:00","dateModified":"2023-11-27T17:32:47+00:00","mainEntityOfPage":{"@id":"https:\/\/erbel.eus\/2023\/11\/27\/video-de-la-jornada-de-genetica-y-seleccion-2023-2-6\/"},"wordCount":114,"publisher":{"@id":"https:\/\/erbel.eus\/#organization"},"image":{"@id":"https:\/\/erbel.eus\/2023\/11\/27\/video-de-la-jornada-de-genetica-y-seleccion-2023-2-6\/#primaryimage"},"thumbnailUrl":"https:\/\/i0.wp.com\/erbel.eus\/wp-content\/uploads\/2023\/11\/Jardunaldiko-kartela-1-2023.jpg?fit=2048%2C449&ssl=1","articleSection":["nouvelles"],"inLanguage":"fr-FR"},{"@type":"WebPage","@id":"https:\/\/erbel.eus\/2023\/11\/27\/video-de-la-jornada-de-genetica-y-seleccion-2023-2-6\/","url":"https:\/\/erbel.eus\/2023\/11\/27\/video-de-la-jornada-de-genetica-y-seleccion-2023-2-6\/","name":"Vid\u00e9o de la rencontre G\u00e9n\u00e9tique et s\u00e9lection 2023 (2\/6) &#8226; ERBEL","isPartOf":{"@id":"https:\/\/erbel.eus\/#website"},"primaryImageOfPage":{"@id":"https:\/\/erbel.eus\/2023\/11\/27\/video-de-la-jornada-de-genetica-y-seleccion-2023-2-6\/#primaryimage"},"image":{"@id":"https:\/\/erbel.eus\/2023\/11\/27\/video-de-la-jornada-de-genetica-y-seleccion-2023-2-6\/#primaryimage"},"thumbnailUrl":"https:\/\/i0.wp.com\/erbel.eus\/wp-content\/uploads\/2023\/11\/Jardunaldiko-kartela-1-2023.jpg?fit=2048%2C449&ssl=1","datePublished":"2023-11-27T17:31:06+00:00","dateModified":"2023-11-27T17:32:47+00:00","breadcrumb":{"@id":"https:\/\/erbel.eus\/2023\/11\/27\/video-de-la-jornada-de-genetica-y-seleccion-2023-2-6\/#breadcrumb"},"inLanguage":"fr-FR","potentialAction":[{"@type":"ReadAction","target":["https:\/\/erbel.eus\/2023\/11\/27\/video-de-la-jornada-de-genetica-y-seleccion-2023-2-6\/"]}]},{"@type":"ImageObject","inLanguage":"fr-FR","@id":"https:\/\/erbel.eus\/2023\/11\/27\/video-de-la-jornada-de-genetica-y-seleccion-2023-2-6\/#primaryimage","url":"https:\/\/i0.wp.com\/erbel.eus\/wp-content\/uploads\/2023\/11\/Jardunaldiko-kartela-1-2023.jpg?fit=2048%2C449&ssl=1","contentUrl":"https:\/\/i0.wp.com\/erbel.eus\/wp-content\/uploads\/2023\/11\/Jardunaldiko-kartela-1-2023.jpg?fit=2048%2C449&ssl=1","width":2048,"height":449},{"@type":"BreadcrumbList","@id":"https:\/\/erbel.eus\/2023\/11\/27\/video-de-la-jornada-de-genetica-y-seleccion-2023-2-6\/#breadcrumb","itemListElement":[{"@type":"ListItem","position":1,"name":"Home","item":"https:\/\/erbel.eus\/"},{"@type":"ListItem","position":2,"name":"Vid\u00e9o de la rencontre G\u00e9n\u00e9tique et s\u00e9lection 2023 (2\/6)"}]},{"@type":"WebSite","@id":"https:\/\/erbel.eus\/#website","url":"https:\/\/erbel.eus\/","name":"ERBEL","description":" Erle Beltz Hazleen Elkartea - Asociacion de criadores de abeja Erle Beltza - Association d&#039;eleveurs d&#039;abeilles Erle Beltza","publisher":{"@id":"https:\/\/erbel.eus\/#organization"},"potentialAction":[{"@type":"SearchAction","target":{"@type":"EntryPoint","urlTemplate":"https:\/\/erbel.eus\/?s={search_term_string}"},"query-input":{"@type":"PropertyValueSpecification","valueRequired":true,"valueName":"search_term_string"}}],"inLanguage":"fr-FR"},{"@type":"Organization","@id":"https:\/\/erbel.eus\/#organization","name":"ERBEL Erle Beltza Hazleen Elkartea","url":"https:\/\/erbel.eus\/","logo":{"@type":"ImageObject","inLanguage":"fr-FR","@id":"https:\/\/erbel.eus\/#\/schema\/logo\/image\/","url":"https:\/\/i0.wp.com\/erbel.eus\/wp-content\/uploads\/2019\/05\/erbel_erleak_denak-beltz.png?fit=300%2C316&ssl=1","contentUrl":"https:\/\/i0.wp.com\/erbel.eus\/wp-content\/uploads\/2019\/05\/erbel_erleak_denak-beltz.png?fit=300%2C316&ssl=1","width":300,"height":316,"caption":"ERBEL Erle Beltza Hazleen Elkartea"},"image":{"@id":"https:\/\/erbel.eus\/#\/schema\/logo\/image\/"},"sameAs":["https:\/\/www.youtube.com\/channel\/UCNkgIS3GnpMESbnykKUIqgw"]},{"@type":"Person","@id":"https:\/\/erbel.eus\/#\/schema\/person\/ff2d1eacc8825f0e87a0d04848349a7c","name":"Egoitz Galartza","image":{"@type":"ImageObject","inLanguage":"fr-FR","@id":"https:\/\/erbel.eus\/#\/schema\/person\/image\/","url":"\/\/www.gravatar.com\/avatar\/2b6f40c945cfbd3dfdb8ec528a7534d9?s=96&#038;r=g&#038;d=mm","contentUrl":"\/\/www.gravatar.com\/avatar\/2b6f40c945cfbd3dfdb8ec528a7534d9?s=96&#038;r=g&#038;d=mm","caption":"Egoitz Galartza"}}]}},"jetpack_featured_media_url":"https:\/\/i0.wp.com\/erbel.eus\/wp-content\/uploads\/2023\/11\/Jardunaldiko-kartela-1-2023.jpg?fit=2048%2C449&ssl=1","jetpack_sharing_enabled":true,"_links":{"self":[{"href":"https:\/\/erbel.eus\/fr\/wp-json\/wp\/v2\/posts\/2721","targetHints":{"allow":["GET"]}}],"collection":[{"href":"https:\/\/erbel.eus\/fr\/wp-json\/wp\/v2\/posts"}],"about":[{"href":"https:\/\/erbel.eus\/fr\/wp-json\/wp\/v2\/types\/post"}],"author":[{"embeddable":true,"href":"https:\/\/erbel.eus\/fr\/wp-json\/wp\/v2\/users\/2"}],"replies":[{"embeddable":true,"href":"https:\/\/erbel.eus\/fr\/wp-json\/wp\/v2\/comments?post=2721"}],"version-history":[{"count":3,"href":"https:\/\/erbel.eus\/fr\/wp-json\/wp\/v2\/posts\/2721\/revisions"}],"predecessor-version":[{"id":2726,"href":"https:\/\/erbel.eus\/fr\/wp-json\/wp\/v2\/posts\/2721\/revisions\/2726"}],"wp:featuredmedia":[{"embeddable":true,"href":"https:\/\/erbel.eus\/fr\/wp-json\/wp\/v2\/media\/2703"}],"wp:attachment":[{"href":"https:\/\/erbel.eus\/fr\/wp-json\/wp\/v2\/media?parent=2721"}],"wp:term":[{"taxonomy":"category","embeddable":true,"href":"https:\/\/erbel.eus\/fr\/wp-json\/wp\/v2\/categories?post=2721"},{"taxonomy":"post_tag","embeddable":true,"href":"https:\/\/erbel.eus\/fr\/wp-json\/wp\/v2\/tags?post=2721"}],"curies":[{"name":"wp","href":"https:\/\/api.w.org\/{rel}","templated":true}]}}