{"id":2696,"date":"2023-11-23T09:31:46","date_gmt":"2023-11-23T08:31:46","guid":{"rendered":"https:\/\/www.erbel.eus\/?p=2696"},"modified":"2023-11-23T09:32:16","modified_gmt":"2023-11-23T08:32:16","slug":"les-associations-deleveurs-dabeilles-noires-iberiques-se-sont-regroupees-pour-former-une-confederation","status":"publish","type":"post","link":"https:\/\/erbel.eus\/fr\/2023\/11\/23\/les-associations-deleveurs-dabeilles-noires-iberiques-se-sont-regroupees-pour-former-une-confederation\/","title":{"rendered":"Les associations d\u2019\u00e9leveurs d\u2019abeilles noires ib\u00e9riques se sont regroup\u00e9es pour former une Conf\u00e9d\u00e9ration"},"content":{"rendered":"\n<p>Afin d&rsquo;obtenir la d\u00e9claration officielle de l&rsquo;abeille noire ib\u00e9rique (<em>Apis mellifera iberiensis<\/em>) comme race d&rsquo;\u00e9levage, \u00e0 l&rsquo;initiative d&rsquo;ERBEL, un groupe de travail a \u00e9t\u00e9 cr\u00e9\u00e9 dans le but de cr\u00e9er une Conf\u00e9d\u00e9ration d&rsquo;associations d&rsquo;\u00e9leveurs d&rsquo;abeilles noires ib\u00e9riques.<\/p>\n\n\n\n<p>Voici le document de pr\u00e9sentation :<\/p>\n\n\n\n<figure class=\"wp-block-image alignwide size-large\"><img data-recalc-dims=\"1\" fetchpriority=\"high\" decoding=\"async\" width=\"724\" height=\"1024\" src=\"https:\/\/i0.wp.com\/erbel.eus\/wp-content\/uploads\/2023\/11\/Presentaci%C3%B3n-grupo-de-trabajo-iberiensis_EU.jpg?resize=724%2C1024&#038;ssl=1\" alt=\"\" class=\"wp-image-2688\" srcset=\"https:\/\/i0.wp.com\/erbel.eus\/wp-content\/uploads\/2023\/11\/Presentaci%C3%B3n-grupo-de-trabajo-iberiensis_EU.jpg?resize=724%2C1024&amp;ssl=1 724w, https:\/\/i0.wp.com\/erbel.eus\/wp-content\/uploads\/2023\/11\/Presentaci%C3%B3n-grupo-de-trabajo-iberiensis_EU.jpg?resize=212%2C300&amp;ssl=1 212w, https:\/\/i0.wp.com\/erbel.eus\/wp-content\/uploads\/2023\/11\/Presentaci%C3%B3n-grupo-de-trabajo-iberiensis_EU.jpg?resize=768%2C1086&amp;ssl=1 768w, https:\/\/i0.wp.com\/erbel.eus\/wp-content\/uploads\/2023\/11\/Presentaci%C3%B3n-grupo-de-trabajo-iberiensis_EU.jpg?resize=1086%2C1536&amp;ssl=1 1086w, https:\/\/i0.wp.com\/erbel.eus\/wp-content\/uploads\/2023\/11\/Presentaci%C3%B3n-grupo-de-trabajo-iberiensis_EU.jpg?w=1448&amp;ssl=1 1448w\" sizes=\"(max-width: 724px) 100vw, 724px\" \/><\/figure>\n","protected":false},"excerpt":{"rendered":"<p>Afin d&rsquo;obtenir la d\u00e9claration officielle de l&rsquo;abeille noire ib\u00e9rique (Apis mellifera iberiensis) comme race d&rsquo;\u00e9levage, \u00e0 l&rsquo;initiative d&rsquo;ERBEL, un groupe de travail a \u00e9t\u00e9 cr\u00e9\u00e9 dans le but de cr\u00e9er une Conf\u00e9d\u00e9ration d&rsquo;associations d&rsquo;\u00e9leveurs d&rsquo;abeilles noires ib\u00e9riques.<\/p>\n","protected":false},"author":2,"featured_media":0,"comment_status":"closed","ping_status":"open","sticky":false,"template":"","format":"standard","meta":{"_bbp_topic_count":0,"_bbp_reply_count":0,"_bbp_total_topic_count":0,"_bbp_total_reply_count":0,"_bbp_voice_count":0,"_bbp_anonymous_reply_count":0,"_bbp_topic_count_hidden":0,"_bbp_reply_count_hidden":0,"_bbp_forum_subforum_count":0,"_jetpack_memberships_contains_paid_content":false,"footnotes":""},"categories":[26,39],"tags":[],"class_list":["post-2696","post","type-post","status-publish","format-standard","hentry","category-non-classifiee","category-nouvelles","masonry-post","generate-columns","tablet-grid-50","mobile-grid-100","grid-parent","grid-50"],"yoast_head":"<!-- This site is optimized with the Yoast SEO plugin v26.8 - https:\/\/yoast.com\/product\/yoast-seo-wordpress\/ -->\n<title>Les associations d\u2019\u00e9leveurs d\u2019abeilles noires ib\u00e9riques se sont regroup\u00e9es pour former une Conf\u00e9d\u00e9ration &#8226; ERBEL<\/title>\n<meta name=\"robots\" content=\"index, follow, max-snippet:-1, max-image-preview:large, max-video-preview:-1\" \/>\n<link rel=\"canonical\" href=\"https:\/\/erbel.eus\/2023\/11\/23\/asociaciones-de-criadores-de-abeja-negra-iberica-se-han-unido-para-constituir-un-confederacion-en-el-estado-espanol\/\" \/>\n<meta property=\"og:locale\" content=\"fr_FR\" \/>\n<meta property=\"og:type\" content=\"article\" \/>\n<meta property=\"og:title\" content=\"Les associations d\u2019\u00e9leveurs d\u2019abeilles noires ib\u00e9riques se sont regroup\u00e9es pour former une Conf\u00e9d\u00e9ration &#8226; ERBEL\" \/>\n<meta property=\"og:description\" content=\"Afin d&#039;obtenir la d\u00e9claration officielle de l&#039;abeille noire ib\u00e9rique (Apis mellifera iberiensis) comme race d&#039;\u00e9levage, \u00e0 l&#039;initiative d&#039;ERBEL, un groupe de travail a \u00e9t\u00e9 cr\u00e9\u00e9 dans le but de cr\u00e9er une Conf\u00e9d\u00e9ration d&#039;associations d&#039;\u00e9leveurs d&#039;abeilles noires ib\u00e9riques.\" \/>\n<meta property=\"og:url\" content=\"https:\/\/erbel.eus\/2023\/11\/23\/asociaciones-de-criadores-de-abeja-negra-iberica-se-han-unido-para-constituir-un-confederacion-en-el-estado-espanol\/\" \/>\n<meta property=\"og:site_name\" content=\"ERBEL\" \/>\n<meta property=\"article:published_time\" content=\"2023-11-23T08:31:46+00:00\" \/>\n<meta property=\"article:modified_time\" content=\"2023-11-23T08:32:16+00:00\" \/>\n<meta name=\"author\" content=\"Egoitz Galartza\" \/>\n<meta name=\"twitter:card\" content=\"summary_large_image\" \/>\n<meta name=\"twitter:label1\" content=\"\u00c9crit par\" \/>\n\t<meta name=\"twitter:data1\" content=\"Egoitz Galartza\" \/>\n<script type=\"application\/ld+json\" class=\"yoast-schema-graph\">{\"@context\":\"https:\/\/schema.org\",\"@graph\":[{\"@type\":\"Article\",\"@id\":\"https:\/\/erbel.eus\/2023\/11\/23\/asociaciones-de-criadores-de-abeja-negra-iberica-se-han-unido-para-constituir-un-confederacion-en-el-estado-espanol\/#article\",\"isPartOf\":{\"@id\":\"https:\/\/erbel.eus\/2023\/11\/23\/asociaciones-de-criadores-de-abeja-negra-iberica-se-han-unido-para-constituir-un-confederacion-en-el-estado-espanol\/\"},\"author\":{\"name\":\"Egoitz Galartza\",\"@id\":\"https:\/\/erbel.eus\/#\/schema\/person\/ff2d1eacc8825f0e87a0d04848349a7c\"},\"headline\":\"Les associations d\u2019\u00e9leveurs d\u2019abeilles noires ib\u00e9riques se sont regroup\u00e9es pour former une Conf\u00e9d\u00e9ration\",\"datePublished\":\"2023-11-23T08:31:46+00:00\",\"dateModified\":\"2023-11-23T08:32:16+00:00\",\"mainEntityOfPage\":{\"@id\":\"https:\/\/erbel.eus\/2023\/11\/23\/asociaciones-de-criadores-de-abeja-negra-iberica-se-han-unido-para-constituir-un-confederacion-en-el-estado-espanol\/\"},\"wordCount\":75,\"publisher\":{\"@id\":\"https:\/\/erbel.eus\/#organization\"},\"articleSection\":[\"Non classifi\u00e9(e)\",\"nouvelles\"],\"inLanguage\":\"fr-FR\"},{\"@type\":\"WebPage\",\"@id\":\"https:\/\/erbel.eus\/2023\/11\/23\/asociaciones-de-criadores-de-abeja-negra-iberica-se-han-unido-para-constituir-un-confederacion-en-el-estado-espanol\/\",\"url\":\"https:\/\/erbel.eus\/2023\/11\/23\/asociaciones-de-criadores-de-abeja-negra-iberica-se-han-unido-para-constituir-un-confederacion-en-el-estado-espanol\/\",\"name\":\"Les associations d\u2019\u00e9leveurs d\u2019abeilles noires ib\u00e9riques se sont regroup\u00e9es pour former une Conf\u00e9d\u00e9ration &#8226; ERBEL\",\"isPartOf\":{\"@id\":\"https:\/\/erbel.eus\/#website\"},\"datePublished\":\"2023-11-23T08:31:46+00:00\",\"dateModified\":\"2023-11-23T08:32:16+00:00\",\"breadcrumb\":{\"@id\":\"https:\/\/erbel.eus\/2023\/11\/23\/asociaciones-de-criadores-de-abeja-negra-iberica-se-han-unido-para-constituir-un-confederacion-en-el-estado-espanol\/#breadcrumb\"},\"inLanguage\":\"fr-FR\",\"potentialAction\":[{\"@type\":\"ReadAction\",\"target\":[\"https:\/\/erbel.eus\/2023\/11\/23\/asociaciones-de-criadores-de-abeja-negra-iberica-se-han-unido-para-constituir-un-confederacion-en-el-estado-espanol\/\"]}]},{\"@type\":\"BreadcrumbList\",\"@id\":\"https:\/\/erbel.eus\/2023\/11\/23\/asociaciones-de-criadores-de-abeja-negra-iberica-se-han-unido-para-constituir-un-confederacion-en-el-estado-espanol\/#breadcrumb\",\"itemListElement\":[{\"@type\":\"ListItem\",\"position\":1,\"name\":\"Home\",\"item\":\"https:\/\/erbel.eus\/\"},{\"@type\":\"ListItem\",\"position\":2,\"name\":\"Les associations d\u2019\u00e9leveurs d\u2019abeilles noires ib\u00e9riques se sont regroup\u00e9es pour former une Conf\u00e9d\u00e9ration\"}]},{\"@type\":\"WebSite\",\"@id\":\"https:\/\/erbel.eus\/#website\",\"url\":\"https:\/\/erbel.eus\/\",\"name\":\"ERBEL\",\"description\":\" Erle Beltz Hazleen Elkartea - Asociacion de criadores de abeja Erle Beltza - Association d&#039;eleveurs d&#039;abeilles Erle Beltza\",\"publisher\":{\"@id\":\"https:\/\/erbel.eus\/#organization\"},\"potentialAction\":[{\"@type\":\"SearchAction\",\"target\":{\"@type\":\"EntryPoint\",\"urlTemplate\":\"https:\/\/erbel.eus\/?s={search_term_string}\"},\"query-input\":{\"@type\":\"PropertyValueSpecification\",\"valueRequired\":true,\"valueName\":\"search_term_string\"}}],\"inLanguage\":\"fr-FR\"},{\"@type\":\"Organization\",\"@id\":\"https:\/\/erbel.eus\/#organization\",\"name\":\"ERBEL Erle Beltza Hazleen Elkartea\",\"url\":\"https:\/\/erbel.eus\/\",\"logo\":{\"@type\":\"ImageObject\",\"inLanguage\":\"fr-FR\",\"@id\":\"https:\/\/erbel.eus\/#\/schema\/logo\/image\/\",\"url\":\"https:\/\/i0.wp.com\/erbel.eus\/wp-content\/uploads\/2019\/05\/erbel_erleak_denak-beltz.png?fit=300%2C316&ssl=1\",\"contentUrl\":\"https:\/\/i0.wp.com\/erbel.eus\/wp-content\/uploads\/2019\/05\/erbel_erleak_denak-beltz.png?fit=300%2C316&ssl=1\",\"width\":300,\"height\":316,\"caption\":\"ERBEL Erle Beltza Hazleen Elkartea\"},\"image\":{\"@id\":\"https:\/\/erbel.eus\/#\/schema\/logo\/image\/\"},\"sameAs\":[\"https:\/\/www.youtube.com\/channel\/UCNkgIS3GnpMESbnykKUIqgw\"]},{\"@type\":\"Person\",\"@id\":\"https:\/\/erbel.eus\/#\/schema\/person\/ff2d1eacc8825f0e87a0d04848349a7c\",\"name\":\"Egoitz Galartza\",\"image\":{\"@type\":\"ImageObject\",\"inLanguage\":\"fr-FR\",\"@id\":\"https:\/\/erbel.eus\/#\/schema\/person\/image\/\",\"url\":\"\/\/www.gravatar.com\/avatar\/2b6f40c945cfbd3dfdb8ec528a7534d9?s=96&#038;r=g&#038;d=mm\",\"contentUrl\":\"\/\/www.gravatar.com\/avatar\/2b6f40c945cfbd3dfdb8ec528a7534d9?s=96&#038;r=g&#038;d=mm\",\"caption\":\"Egoitz Galartza\"}}]}<\/script>\n<!-- \/ Yoast SEO plugin. -->","yoast_head_json":{"title":"Les associations d\u2019\u00e9leveurs d\u2019abeilles noires ib\u00e9riques se sont regroup\u00e9es pour former une Conf\u00e9d\u00e9ration &#8226; ERBEL","robots":{"index":"index","follow":"follow","max-snippet":"max-snippet:-1","max-image-preview":"max-image-preview:large","max-video-preview":"max-video-preview:-1"},"canonical":"https:\/\/erbel.eus\/2023\/11\/23\/asociaciones-de-criadores-de-abeja-negra-iberica-se-han-unido-para-constituir-un-confederacion-en-el-estado-espanol\/","og_locale":"fr_FR","og_type":"article","og_title":"Les associations d\u2019\u00e9leveurs d\u2019abeilles noires ib\u00e9riques se sont regroup\u00e9es pour former une Conf\u00e9d\u00e9ration &#8226; ERBEL","og_description":"Afin d'obtenir la d\u00e9claration officielle de l'abeille noire ib\u00e9rique (Apis mellifera iberiensis) comme race d'\u00e9levage, \u00e0 l'initiative d'ERBEL, un groupe de travail a \u00e9t\u00e9 cr\u00e9\u00e9 dans le but de cr\u00e9er une Conf\u00e9d\u00e9ration d'associations d'\u00e9leveurs d'abeilles noires ib\u00e9riques.","og_url":"https:\/\/erbel.eus\/2023\/11\/23\/asociaciones-de-criadores-de-abeja-negra-iberica-se-han-unido-para-constituir-un-confederacion-en-el-estado-espanol\/","og_site_name":"ERBEL","article_published_time":"2023-11-23T08:31:46+00:00","article_modified_time":"2023-11-23T08:32:16+00:00","author":"Egoitz Galartza","twitter_card":"summary_large_image","twitter_misc":{"\u00c9crit par":"Egoitz Galartza"},"schema":{"@context":"https:\/\/schema.org","@graph":[{"@type":"Article","@id":"https:\/\/erbel.eus\/2023\/11\/23\/asociaciones-de-criadores-de-abeja-negra-iberica-se-han-unido-para-constituir-un-confederacion-en-el-estado-espanol\/#article","isPartOf":{"@id":"https:\/\/erbel.eus\/2023\/11\/23\/asociaciones-de-criadores-de-abeja-negra-iberica-se-han-unido-para-constituir-un-confederacion-en-el-estado-espanol\/"},"author":{"name":"Egoitz Galartza","@id":"https:\/\/erbel.eus\/#\/schema\/person\/ff2d1eacc8825f0e87a0d04848349a7c"},"headline":"Les associations d\u2019\u00e9leveurs d\u2019abeilles noires ib\u00e9riques se sont regroup\u00e9es pour former une Conf\u00e9d\u00e9ration","datePublished":"2023-11-23T08:31:46+00:00","dateModified":"2023-11-23T08:32:16+00:00","mainEntityOfPage":{"@id":"https:\/\/erbel.eus\/2023\/11\/23\/asociaciones-de-criadores-de-abeja-negra-iberica-se-han-unido-para-constituir-un-confederacion-en-el-estado-espanol\/"},"wordCount":75,"publisher":{"@id":"https:\/\/erbel.eus\/#organization"},"articleSection":["Non classifi\u00e9(e)","nouvelles"],"inLanguage":"fr-FR"},{"@type":"WebPage","@id":"https:\/\/erbel.eus\/2023\/11\/23\/asociaciones-de-criadores-de-abeja-negra-iberica-se-han-unido-para-constituir-un-confederacion-en-el-estado-espanol\/","url":"https:\/\/erbel.eus\/2023\/11\/23\/asociaciones-de-criadores-de-abeja-negra-iberica-se-han-unido-para-constituir-un-confederacion-en-el-estado-espanol\/","name":"Les associations d\u2019\u00e9leveurs d\u2019abeilles noires ib\u00e9riques se sont regroup\u00e9es pour former une Conf\u00e9d\u00e9ration &#8226; ERBEL","isPartOf":{"@id":"https:\/\/erbel.eus\/#website"},"datePublished":"2023-11-23T08:31:46+00:00","dateModified":"2023-11-23T08:32:16+00:00","breadcrumb":{"@id":"https:\/\/erbel.eus\/2023\/11\/23\/asociaciones-de-criadores-de-abeja-negra-iberica-se-han-unido-para-constituir-un-confederacion-en-el-estado-espanol\/#breadcrumb"},"inLanguage":"fr-FR","potentialAction":[{"@type":"ReadAction","target":["https:\/\/erbel.eus\/2023\/11\/23\/asociaciones-de-criadores-de-abeja-negra-iberica-se-han-unido-para-constituir-un-confederacion-en-el-estado-espanol\/"]}]},{"@type":"BreadcrumbList","@id":"https:\/\/erbel.eus\/2023\/11\/23\/asociaciones-de-criadores-de-abeja-negra-iberica-se-han-unido-para-constituir-un-confederacion-en-el-estado-espanol\/#breadcrumb","itemListElement":[{"@type":"ListItem","position":1,"name":"Home","item":"https:\/\/erbel.eus\/"},{"@type":"ListItem","position":2,"name":"Les associations d\u2019\u00e9leveurs d\u2019abeilles noires ib\u00e9riques se sont regroup\u00e9es pour former une Conf\u00e9d\u00e9ration"}]},{"@type":"WebSite","@id":"https:\/\/erbel.eus\/#website","url":"https:\/\/erbel.eus\/","name":"ERBEL","description":" Erle Beltz Hazleen Elkartea - Asociacion de criadores de abeja Erle Beltza - Association d&#039;eleveurs d&#039;abeilles Erle Beltza","publisher":{"@id":"https:\/\/erbel.eus\/#organization"},"potentialAction":[{"@type":"SearchAction","target":{"@type":"EntryPoint","urlTemplate":"https:\/\/erbel.eus\/?s={search_term_string}"},"query-input":{"@type":"PropertyValueSpecification","valueRequired":true,"valueName":"search_term_string"}}],"inLanguage":"fr-FR"},{"@type":"Organization","@id":"https:\/\/erbel.eus\/#organization","name":"ERBEL Erle Beltza Hazleen Elkartea","url":"https:\/\/erbel.eus\/","logo":{"@type":"ImageObject","inLanguage":"fr-FR","@id":"https:\/\/erbel.eus\/#\/schema\/logo\/image\/","url":"https:\/\/i0.wp.com\/erbel.eus\/wp-content\/uploads\/2019\/05\/erbel_erleak_denak-beltz.png?fit=300%2C316&ssl=1","contentUrl":"https:\/\/i0.wp.com\/erbel.eus\/wp-content\/uploads\/2019\/05\/erbel_erleak_denak-beltz.png?fit=300%2C316&ssl=1","width":300,"height":316,"caption":"ERBEL Erle Beltza Hazleen Elkartea"},"image":{"@id":"https:\/\/erbel.eus\/#\/schema\/logo\/image\/"},"sameAs":["https:\/\/www.youtube.com\/channel\/UCNkgIS3GnpMESbnykKUIqgw"]},{"@type":"Person","@id":"https:\/\/erbel.eus\/#\/schema\/person\/ff2d1eacc8825f0e87a0d04848349a7c","name":"Egoitz Galartza","image":{"@type":"ImageObject","inLanguage":"fr-FR","@id":"https:\/\/erbel.eus\/#\/schema\/person\/image\/","url":"\/\/www.gravatar.com\/avatar\/2b6f40c945cfbd3dfdb8ec528a7534d9?s=96&#038;r=g&#038;d=mm","contentUrl":"\/\/www.gravatar.com\/avatar\/2b6f40c945cfbd3dfdb8ec528a7534d9?s=96&#038;r=g&#038;d=mm","caption":"Egoitz Galartza"}}]}},"jetpack_featured_media_url":"","jetpack_sharing_enabled":true,"_links":{"self":[{"href":"https:\/\/erbel.eus\/fr\/wp-json\/wp\/v2\/posts\/2696","targetHints":{"allow":["GET"]}}],"collection":[{"href":"https:\/\/erbel.eus\/fr\/wp-json\/wp\/v2\/posts"}],"about":[{"href":"https:\/\/erbel.eus\/fr\/wp-json\/wp\/v2\/types\/post"}],"author":[{"embeddable":true,"href":"https:\/\/erbel.eus\/fr\/wp-json\/wp\/v2\/users\/2"}],"replies":[{"embeddable":true,"href":"https:\/\/erbel.eus\/fr\/wp-json\/wp\/v2\/comments?post=2696"}],"version-history":[{"count":3,"href":"https:\/\/erbel.eus\/fr\/wp-json\/wp\/v2\/posts\/2696\/revisions"}],"predecessor-version":[{"id":2700,"href":"https:\/\/erbel.eus\/fr\/wp-json\/wp\/v2\/posts\/2696\/revisions\/2700"}],"wp:attachment":[{"href":"https:\/\/erbel.eus\/fr\/wp-json\/wp\/v2\/media?parent=2696"}],"wp:term":[{"taxonomy":"category","embeddable":true,"href":"https:\/\/erbel.eus\/fr\/wp-json\/wp\/v2\/categories?post=2696"},{"taxonomy":"post_tag","embeddable":true,"href":"https:\/\/erbel.eus\/fr\/wp-json\/wp\/v2\/tags?post=2696"}],"curies":[{"name":"wp","href":"https:\/\/api.w.org\/{rel}","templated":true}]}}