{"id":2396,"date":"2023-09-20T19:07:37","date_gmt":"2023-09-20T18:07:37","guid":{"rendered":"https:\/\/www.erbel.eus\/?p=2396"},"modified":"2023-09-20T19:07:43","modified_gmt":"2023-09-20T18:07:43","slug":"erbel-au-salon-apimondia-2023","status":"publish","type":"post","link":"https:\/\/erbel.eus\/fr\/2023\/09\/20\/erbel-au-salon-apimondia-2023\/","title":{"rendered":"ERBEL au salon Apimondia 2023"},"content":{"rendered":"\n<p><strong>Egoitz Galartza Garaialde<\/strong><\/p>\n\n\n\n<p>Le programme de s\u00e9lection d&rsquo;ERBEL \u00e9tait pr\u00e9sent cette ann\u00e9e \u00e0 Apimondia au Chili, gr\u00e2ce \u00e0 notre collaborateur Andone Estonba (UPV\/EHU), avec le poster intitul\u00e9 \u00ab\u00a0A genetic improvement program for the native bee of the Iberian Peninsula, <em>A. m. iberiensis<\/em>&nbsp;\u00bb (Programme d&rsquo;am\u00e9lioration g\u00e9n\u00e9tique de l&rsquo;abeille autochtone de la p\u00e9ninsule ib\u00e9rique <em>A. m. iberiensis<\/em>).<\/p>\n\n\n\n<div class=\"wp-block-image\"><figure class=\"aligncenter size-large\"><img data-recalc-dims=\"1\" fetchpriority=\"high\" decoding=\"async\" width=\"716\" height=\"1024\" src=\"https:\/\/i0.wp.com\/erbel.eus\/wp-content\/uploads\/2023\/09\/WhatsApp-Image-2023-08-28-at-19.15.44-1.jpeg?resize=716%2C1024&#038;ssl=1\" alt=\"\" class=\"wp-image-2390\" srcset=\"https:\/\/i0.wp.com\/erbel.eus\/wp-content\/uploads\/2023\/09\/WhatsApp-Image-2023-08-28-at-19.15.44-1.jpeg?resize=716%2C1024&amp;ssl=1 716w, https:\/\/i0.wp.com\/erbel.eus\/wp-content\/uploads\/2023\/09\/WhatsApp-Image-2023-08-28-at-19.15.44-1.jpeg?resize=210%2C300&amp;ssl=1 210w, https:\/\/i0.wp.com\/erbel.eus\/wp-content\/uploads\/2023\/09\/WhatsApp-Image-2023-08-28-at-19.15.44-1.jpeg?resize=768%2C1098&amp;ssl=1 768w, https:\/\/i0.wp.com\/erbel.eus\/wp-content\/uploads\/2023\/09\/WhatsApp-Image-2023-08-28-at-19.15.44-1.jpeg?w=895&amp;ssl=1 895w\" sizes=\"(max-width: 716px) 100vw, 716px\" \/><\/figure><\/div>\n","protected":false},"excerpt":{"rendered":"<p>Le programme de s\u00e9lection d&rsquo;ERBEL \u00e9tait pr\u00e9sent cette ann\u00e9e \u00e0 Apimondia au Chili, gr\u00e2ce \u00e0 notre collaborateur Andone Estonba (UPV\/EHU), avec le poster intitul\u00e9 \u00ab\u00a0A genetic improvement program for the native bee of the Iberian Peninsula, A. m. iberiensis\u00a0\u00bb (Programme d&rsquo;am\u00e9lioration g\u00e9n\u00e9tique de l&rsquo;abeille autochtone de la p\u00e9ninsule ib\u00e9rique A. m. iberiensis).<\/p>\n","protected":false},"author":2,"featured_media":2388,"comment_status":"closed","ping_status":"open","sticky":false,"template":"","format":"standard","meta":{"_bbp_topic_count":0,"_bbp_reply_count":0,"_bbp_total_topic_count":0,"_bbp_total_reply_count":0,"_bbp_voice_count":0,"_bbp_anonymous_reply_count":0,"_bbp_topic_count_hidden":0,"_bbp_reply_count_hidden":0,"_bbp_forum_subforum_count":0,"_jetpack_memberships_contains_paid_content":false,"footnotes":""},"categories":[39],"tags":[],"class_list":["post-2396","post","type-post","status-publish","format-standard","has-post-thumbnail","hentry","category-nouvelles","masonry-post","generate-columns","tablet-grid-50","mobile-grid-100","grid-parent","grid-50"],"yoast_head":"<!-- This site is optimized with the Yoast SEO plugin v26.8 - https:\/\/yoast.com\/product\/yoast-seo-wordpress\/ -->\n<title>ERBEL au salon Apimondia 2023 &#8226; ERBEL<\/title>\n<meta name=\"robots\" content=\"index, follow, max-snippet:-1, max-image-preview:large, max-video-preview:-1\" \/>\n<link rel=\"canonical\" href=\"https:\/\/erbel.eus\/2023\/09\/20\/erbel-en-apimondia-2023\/\" \/>\n<meta property=\"og:locale\" content=\"fr_FR\" \/>\n<meta property=\"og:type\" content=\"article\" \/>\n<meta property=\"og:title\" content=\"ERBEL au salon Apimondia 2023 &#8226; ERBEL\" \/>\n<meta property=\"og:description\" content=\"Le programme de s\u00e9lection d&#039;ERBEL \u00e9tait pr\u00e9sent cette ann\u00e9e \u00e0 Apimondia au Chili, gr\u00e2ce \u00e0 notre collaborateur Andone Estonba (UPV\/EHU), avec le poster intitul\u00e9 &quot;A genetic improvement program for the native bee of the Iberian Peninsula, A. m. iberiensis\u00a0\u00bb (Programme d&#039;am\u00e9lioration g\u00e9n\u00e9tique de l&#039;abeille autochtone de la p\u00e9ninsule ib\u00e9rique A. m. iberiensis).\" \/>\n<meta property=\"og:url\" content=\"https:\/\/erbel.eus\/2023\/09\/20\/erbel-en-apimondia-2023\/\" \/>\n<meta property=\"og:site_name\" content=\"ERBEL\" \/>\n<meta property=\"article:published_time\" content=\"2023-09-20T18:07:37+00:00\" \/>\n<meta property=\"article:modified_time\" content=\"2023-09-20T18:07:43+00:00\" \/>\n<meta property=\"og:image\" content=\"https:\/\/i0.wp.com\/erbel.eus\/wp-content\/uploads\/2023\/09\/Andone-Apimondian-2023-09-1.jpeg?fit=719%2C966&ssl=1\" \/>\n\t<meta property=\"og:image:width\" content=\"719\" \/>\n\t<meta property=\"og:image:height\" content=\"966\" \/>\n\t<meta property=\"og:image:type\" content=\"image\/jpeg\" \/>\n<meta name=\"author\" content=\"Egoitz Galartza\" \/>\n<meta name=\"twitter:card\" content=\"summary_large_image\" \/>\n<meta name=\"twitter:label1\" content=\"\u00c9crit par\" \/>\n\t<meta name=\"twitter:data1\" content=\"Egoitz Galartza\" \/>\n<script type=\"application\/ld+json\" class=\"yoast-schema-graph\">{\"@context\":\"https:\/\/schema.org\",\"@graph\":[{\"@type\":\"Article\",\"@id\":\"https:\/\/erbel.eus\/2023\/09\/20\/erbel-en-apimondia-2023\/#article\",\"isPartOf\":{\"@id\":\"https:\/\/erbel.eus\/2023\/09\/20\/erbel-en-apimondia-2023\/\"},\"author\":{\"name\":\"Egoitz Galartza\",\"@id\":\"https:\/\/erbel.eus\/#\/schema\/person\/ff2d1eacc8825f0e87a0d04848349a7c\"},\"headline\":\"ERBEL au salon Apimondia 2023\",\"datePublished\":\"2023-09-20T18:07:37+00:00\",\"dateModified\":\"2023-09-20T18:07:43+00:00\",\"mainEntityOfPage\":{\"@id\":\"https:\/\/erbel.eus\/2023\/09\/20\/erbel-en-apimondia-2023\/\"},\"wordCount\":71,\"publisher\":{\"@id\":\"https:\/\/erbel.eus\/#organization\"},\"image\":{\"@id\":\"https:\/\/erbel.eus\/2023\/09\/20\/erbel-en-apimondia-2023\/#primaryimage\"},\"thumbnailUrl\":\"https:\/\/i0.wp.com\/erbel.eus\/wp-content\/uploads\/2023\/09\/Andone-Apimondian-2023-09-1.jpeg?fit=719%2C966&ssl=1\",\"articleSection\":[\"nouvelles\"],\"inLanguage\":\"fr-FR\"},{\"@type\":\"WebPage\",\"@id\":\"https:\/\/erbel.eus\/2023\/09\/20\/erbel-en-apimondia-2023\/\",\"url\":\"https:\/\/erbel.eus\/2023\/09\/20\/erbel-en-apimondia-2023\/\",\"name\":\"ERBEL au salon Apimondia 2023 &#8226; ERBEL\",\"isPartOf\":{\"@id\":\"https:\/\/erbel.eus\/#website\"},\"primaryImageOfPage\":{\"@id\":\"https:\/\/erbel.eus\/2023\/09\/20\/erbel-en-apimondia-2023\/#primaryimage\"},\"image\":{\"@id\":\"https:\/\/erbel.eus\/2023\/09\/20\/erbel-en-apimondia-2023\/#primaryimage\"},\"thumbnailUrl\":\"https:\/\/i0.wp.com\/erbel.eus\/wp-content\/uploads\/2023\/09\/Andone-Apimondian-2023-09-1.jpeg?fit=719%2C966&ssl=1\",\"datePublished\":\"2023-09-20T18:07:37+00:00\",\"dateModified\":\"2023-09-20T18:07:43+00:00\",\"breadcrumb\":{\"@id\":\"https:\/\/erbel.eus\/2023\/09\/20\/erbel-en-apimondia-2023\/#breadcrumb\"},\"inLanguage\":\"fr-FR\",\"potentialAction\":[{\"@type\":\"ReadAction\",\"target\":[\"https:\/\/erbel.eus\/2023\/09\/20\/erbel-en-apimondia-2023\/\"]}]},{\"@type\":\"ImageObject\",\"inLanguage\":\"fr-FR\",\"@id\":\"https:\/\/erbel.eus\/2023\/09\/20\/erbel-en-apimondia-2023\/#primaryimage\",\"url\":\"https:\/\/i0.wp.com\/erbel.eus\/wp-content\/uploads\/2023\/09\/Andone-Apimondian-2023-09-1.jpeg?fit=719%2C966&ssl=1\",\"contentUrl\":\"https:\/\/i0.wp.com\/erbel.eus\/wp-content\/uploads\/2023\/09\/Andone-Apimondian-2023-09-1.jpeg?fit=719%2C966&ssl=1\",\"width\":719,\"height\":966},{\"@type\":\"BreadcrumbList\",\"@id\":\"https:\/\/erbel.eus\/2023\/09\/20\/erbel-en-apimondia-2023\/#breadcrumb\",\"itemListElement\":[{\"@type\":\"ListItem\",\"position\":1,\"name\":\"Home\",\"item\":\"https:\/\/erbel.eus\/\"},{\"@type\":\"ListItem\",\"position\":2,\"name\":\"ERBEL au salon Apimondia 2023\"}]},{\"@type\":\"WebSite\",\"@id\":\"https:\/\/erbel.eus\/#website\",\"url\":\"https:\/\/erbel.eus\/\",\"name\":\"ERBEL\",\"description\":\" Erle Beltz Hazleen Elkartea - Asociacion de criadores de abeja Erle Beltza - Association d&#039;eleveurs d&#039;abeilles Erle Beltza\",\"publisher\":{\"@id\":\"https:\/\/erbel.eus\/#organization\"},\"potentialAction\":[{\"@type\":\"SearchAction\",\"target\":{\"@type\":\"EntryPoint\",\"urlTemplate\":\"https:\/\/erbel.eus\/?s={search_term_string}\"},\"query-input\":{\"@type\":\"PropertyValueSpecification\",\"valueRequired\":true,\"valueName\":\"search_term_string\"}}],\"inLanguage\":\"fr-FR\"},{\"@type\":\"Organization\",\"@id\":\"https:\/\/erbel.eus\/#organization\",\"name\":\"ERBEL Erle Beltza Hazleen Elkartea\",\"url\":\"https:\/\/erbel.eus\/\",\"logo\":{\"@type\":\"ImageObject\",\"inLanguage\":\"fr-FR\",\"@id\":\"https:\/\/erbel.eus\/#\/schema\/logo\/image\/\",\"url\":\"https:\/\/i0.wp.com\/erbel.eus\/wp-content\/uploads\/2019\/05\/erbel_erleak_denak-beltz.png?fit=300%2C316&ssl=1\",\"contentUrl\":\"https:\/\/i0.wp.com\/erbel.eus\/wp-content\/uploads\/2019\/05\/erbel_erleak_denak-beltz.png?fit=300%2C316&ssl=1\",\"width\":300,\"height\":316,\"caption\":\"ERBEL Erle Beltza Hazleen Elkartea\"},\"image\":{\"@id\":\"https:\/\/erbel.eus\/#\/schema\/logo\/image\/\"},\"sameAs\":[\"https:\/\/www.youtube.com\/channel\/UCNkgIS3GnpMESbnykKUIqgw\"]},{\"@type\":\"Person\",\"@id\":\"https:\/\/erbel.eus\/#\/schema\/person\/ff2d1eacc8825f0e87a0d04848349a7c\",\"name\":\"Egoitz Galartza\",\"image\":{\"@type\":\"ImageObject\",\"inLanguage\":\"fr-FR\",\"@id\":\"https:\/\/erbel.eus\/#\/schema\/person\/image\/\",\"url\":\"\/\/www.gravatar.com\/avatar\/2b6f40c945cfbd3dfdb8ec528a7534d9?s=96&#038;r=g&#038;d=mm\",\"contentUrl\":\"\/\/www.gravatar.com\/avatar\/2b6f40c945cfbd3dfdb8ec528a7534d9?s=96&#038;r=g&#038;d=mm\",\"caption\":\"Egoitz Galartza\"}}]}<\/script>\n<!-- \/ Yoast SEO plugin. -->","yoast_head_json":{"title":"ERBEL au salon Apimondia 2023 &#8226; ERBEL","robots":{"index":"index","follow":"follow","max-snippet":"max-snippet:-1","max-image-preview":"max-image-preview:large","max-video-preview":"max-video-preview:-1"},"canonical":"https:\/\/erbel.eus\/2023\/09\/20\/erbel-en-apimondia-2023\/","og_locale":"fr_FR","og_type":"article","og_title":"ERBEL au salon Apimondia 2023 &#8226; ERBEL","og_description":"Le programme de s\u00e9lection d'ERBEL \u00e9tait pr\u00e9sent cette ann\u00e9e \u00e0 Apimondia au Chili, gr\u00e2ce \u00e0 notre collaborateur Andone Estonba (UPV\/EHU), avec le poster intitul\u00e9 \"A genetic improvement program for the native bee of the Iberian Peninsula, A. m. iberiensis\u00a0\u00bb (Programme d'am\u00e9lioration g\u00e9n\u00e9tique de l'abeille autochtone de la p\u00e9ninsule ib\u00e9rique A. m. iberiensis).","og_url":"https:\/\/erbel.eus\/2023\/09\/20\/erbel-en-apimondia-2023\/","og_site_name":"ERBEL","article_published_time":"2023-09-20T18:07:37+00:00","article_modified_time":"2023-09-20T18:07:43+00:00","og_image":[{"width":719,"height":966,"url":"https:\/\/i0.wp.com\/erbel.eus\/wp-content\/uploads\/2023\/09\/Andone-Apimondian-2023-09-1.jpeg?fit=719%2C966&ssl=1","type":"image\/jpeg"}],"author":"Egoitz Galartza","twitter_card":"summary_large_image","twitter_misc":{"\u00c9crit par":"Egoitz Galartza"},"schema":{"@context":"https:\/\/schema.org","@graph":[{"@type":"Article","@id":"https:\/\/erbel.eus\/2023\/09\/20\/erbel-en-apimondia-2023\/#article","isPartOf":{"@id":"https:\/\/erbel.eus\/2023\/09\/20\/erbel-en-apimondia-2023\/"},"author":{"name":"Egoitz Galartza","@id":"https:\/\/erbel.eus\/#\/schema\/person\/ff2d1eacc8825f0e87a0d04848349a7c"},"headline":"ERBEL au salon Apimondia 2023","datePublished":"2023-09-20T18:07:37+00:00","dateModified":"2023-09-20T18:07:43+00:00","mainEntityOfPage":{"@id":"https:\/\/erbel.eus\/2023\/09\/20\/erbel-en-apimondia-2023\/"},"wordCount":71,"publisher":{"@id":"https:\/\/erbel.eus\/#organization"},"image":{"@id":"https:\/\/erbel.eus\/2023\/09\/20\/erbel-en-apimondia-2023\/#primaryimage"},"thumbnailUrl":"https:\/\/i0.wp.com\/erbel.eus\/wp-content\/uploads\/2023\/09\/Andone-Apimondian-2023-09-1.jpeg?fit=719%2C966&ssl=1","articleSection":["nouvelles"],"inLanguage":"fr-FR"},{"@type":"WebPage","@id":"https:\/\/erbel.eus\/2023\/09\/20\/erbel-en-apimondia-2023\/","url":"https:\/\/erbel.eus\/2023\/09\/20\/erbel-en-apimondia-2023\/","name":"ERBEL au salon Apimondia 2023 &#8226; ERBEL","isPartOf":{"@id":"https:\/\/erbel.eus\/#website"},"primaryImageOfPage":{"@id":"https:\/\/erbel.eus\/2023\/09\/20\/erbel-en-apimondia-2023\/#primaryimage"},"image":{"@id":"https:\/\/erbel.eus\/2023\/09\/20\/erbel-en-apimondia-2023\/#primaryimage"},"thumbnailUrl":"https:\/\/i0.wp.com\/erbel.eus\/wp-content\/uploads\/2023\/09\/Andone-Apimondian-2023-09-1.jpeg?fit=719%2C966&ssl=1","datePublished":"2023-09-20T18:07:37+00:00","dateModified":"2023-09-20T18:07:43+00:00","breadcrumb":{"@id":"https:\/\/erbel.eus\/2023\/09\/20\/erbel-en-apimondia-2023\/#breadcrumb"},"inLanguage":"fr-FR","potentialAction":[{"@type":"ReadAction","target":["https:\/\/erbel.eus\/2023\/09\/20\/erbel-en-apimondia-2023\/"]}]},{"@type":"ImageObject","inLanguage":"fr-FR","@id":"https:\/\/erbel.eus\/2023\/09\/20\/erbel-en-apimondia-2023\/#primaryimage","url":"https:\/\/i0.wp.com\/erbel.eus\/wp-content\/uploads\/2023\/09\/Andone-Apimondian-2023-09-1.jpeg?fit=719%2C966&ssl=1","contentUrl":"https:\/\/i0.wp.com\/erbel.eus\/wp-content\/uploads\/2023\/09\/Andone-Apimondian-2023-09-1.jpeg?fit=719%2C966&ssl=1","width":719,"height":966},{"@type":"BreadcrumbList","@id":"https:\/\/erbel.eus\/2023\/09\/20\/erbel-en-apimondia-2023\/#breadcrumb","itemListElement":[{"@type":"ListItem","position":1,"name":"Home","item":"https:\/\/erbel.eus\/"},{"@type":"ListItem","position":2,"name":"ERBEL au salon Apimondia 2023"}]},{"@type":"WebSite","@id":"https:\/\/erbel.eus\/#website","url":"https:\/\/erbel.eus\/","name":"ERBEL","description":" Erle Beltz Hazleen Elkartea - Asociacion de criadores de abeja Erle Beltza - Association d&#039;eleveurs d&#039;abeilles Erle Beltza","publisher":{"@id":"https:\/\/erbel.eus\/#organization"},"potentialAction":[{"@type":"SearchAction","target":{"@type":"EntryPoint","urlTemplate":"https:\/\/erbel.eus\/?s={search_term_string}"},"query-input":{"@type":"PropertyValueSpecification","valueRequired":true,"valueName":"search_term_string"}}],"inLanguage":"fr-FR"},{"@type":"Organization","@id":"https:\/\/erbel.eus\/#organization","name":"ERBEL Erle Beltza Hazleen Elkartea","url":"https:\/\/erbel.eus\/","logo":{"@type":"ImageObject","inLanguage":"fr-FR","@id":"https:\/\/erbel.eus\/#\/schema\/logo\/image\/","url":"https:\/\/i0.wp.com\/erbel.eus\/wp-content\/uploads\/2019\/05\/erbel_erleak_denak-beltz.png?fit=300%2C316&ssl=1","contentUrl":"https:\/\/i0.wp.com\/erbel.eus\/wp-content\/uploads\/2019\/05\/erbel_erleak_denak-beltz.png?fit=300%2C316&ssl=1","width":300,"height":316,"caption":"ERBEL Erle Beltza Hazleen Elkartea"},"image":{"@id":"https:\/\/erbel.eus\/#\/schema\/logo\/image\/"},"sameAs":["https:\/\/www.youtube.com\/channel\/UCNkgIS3GnpMESbnykKUIqgw"]},{"@type":"Person","@id":"https:\/\/erbel.eus\/#\/schema\/person\/ff2d1eacc8825f0e87a0d04848349a7c","name":"Egoitz Galartza","image":{"@type":"ImageObject","inLanguage":"fr-FR","@id":"https:\/\/erbel.eus\/#\/schema\/person\/image\/","url":"\/\/www.gravatar.com\/avatar\/2b6f40c945cfbd3dfdb8ec528a7534d9?s=96&#038;r=g&#038;d=mm","contentUrl":"\/\/www.gravatar.com\/avatar\/2b6f40c945cfbd3dfdb8ec528a7534d9?s=96&#038;r=g&#038;d=mm","caption":"Egoitz Galartza"}}]}},"jetpack_featured_media_url":"https:\/\/i0.wp.com\/erbel.eus\/wp-content\/uploads\/2023\/09\/Andone-Apimondian-2023-09-1.jpeg?fit=719%2C966&ssl=1","jetpack_sharing_enabled":true,"_links":{"self":[{"href":"https:\/\/erbel.eus\/fr\/wp-json\/wp\/v2\/posts\/2396","targetHints":{"allow":["GET"]}}],"collection":[{"href":"https:\/\/erbel.eus\/fr\/wp-json\/wp\/v2\/posts"}],"about":[{"href":"https:\/\/erbel.eus\/fr\/wp-json\/wp\/v2\/types\/post"}],"author":[{"embeddable":true,"href":"https:\/\/erbel.eus\/fr\/wp-json\/wp\/v2\/users\/2"}],"replies":[{"embeddable":true,"href":"https:\/\/erbel.eus\/fr\/wp-json\/wp\/v2\/comments?post=2396"}],"version-history":[{"count":2,"href":"https:\/\/erbel.eus\/fr\/wp-json\/wp\/v2\/posts\/2396\/revisions"}],"predecessor-version":[{"id":2401,"href":"https:\/\/erbel.eus\/fr\/wp-json\/wp\/v2\/posts\/2396\/revisions\/2401"}],"wp:featuredmedia":[{"embeddable":true,"href":"https:\/\/erbel.eus\/fr\/wp-json\/wp\/v2\/media\/2388"}],"wp:attachment":[{"href":"https:\/\/erbel.eus\/fr\/wp-json\/wp\/v2\/media?parent=2396"}],"wp:term":[{"taxonomy":"category","embeddable":true,"href":"https:\/\/erbel.eus\/fr\/wp-json\/wp\/v2\/categories?post=2396"},{"taxonomy":"post_tag","embeddable":true,"href":"https:\/\/erbel.eus\/fr\/wp-json\/wp\/v2\/tags?post=2396"}],"curies":[{"name":"wp","href":"https:\/\/api.w.org\/{rel}","templated":true}]}}