{"id":2331,"date":"2023-06-19T19:34:56","date_gmt":"2023-06-19T18:34:56","guid":{"rendered":"https:\/\/www.erbel.eus\/?p=2331"},"modified":"2023-06-19T19:37:00","modified_gmt":"2023-06-19T18:37:00","slug":"cours-dinsemination-instrumentale-des-reines","status":"publish","type":"post","link":"https:\/\/erbel.eus\/fr\/2023\/06\/19\/cours-dinsemination-instrumentale-des-reines\/","title":{"rendered":"Cours d&rsquo;ins\u00e9mination instrumentale des reines"},"content":{"rendered":"\n<p>Jakob Wegener, expert international en ins\u00e9mination des reines et qui a travaill\u00e9 \u00e0 l&rsquo;Institut de l&rsquo;abeille allemand L\u00e4nderinstitut f\u00fcr Bienenkunde , sera parmi nous du 20 au 23 juillet.<\/p>\n\n\n\n<p>Les 20, 21 et 22 juillet, il enseignera \u00e0 un petit groupe comment ins\u00e9miner les abeilles reines. Le groupe est d&rsquo;ores et d\u00e9j\u00e0 constitu\u00e9.<\/p>\n\n\n\n<p>Le 23 juillet, sur une demi-journ\u00e9e, Wegener fera plusieurs intervention pour nous parler des m\u00e9thodes de contr\u00f4le de l&rsquo;accouplement et des programmes de s\u00e9lection des abeilles en Allemagne. Pour compl\u00e9ter, des chercheurs de l&rsquo;Universit\u00e9 du Pays basque UPV\/EHU viendront nous pr\u00e9senter le projet ECOAPI. La rencontre se d\u00e9roulera dans le b\u00e2timent Goizane de Zaldibia. Entr\u00e9e libre sur inscription.<\/p>\n\n\n\n<p>Programme de cours:<\/p>\n\n\n\n<div class=\"wp-block-image\"><figure class=\"aligncenter size-large\"><img data-recalc-dims=\"1\" fetchpriority=\"high\" decoding=\"async\" width=\"724\" height=\"1024\" src=\"https:\/\/i0.wp.com\/erbel.eus\/wp-content\/uploads\/2023\/06\/INTSEMINAZIO-IKASTAROA-2023-programa_FR.jpg?resize=724%2C1024&#038;ssl=1\" alt=\"\" class=\"wp-image-2318\" srcset=\"https:\/\/i0.wp.com\/erbel.eus\/wp-content\/uploads\/2023\/06\/INTSEMINAZIO-IKASTAROA-2023-programa_FR.jpg?resize=724%2C1024&amp;ssl=1 724w, https:\/\/i0.wp.com\/erbel.eus\/wp-content\/uploads\/2023\/06\/INTSEMINAZIO-IKASTAROA-2023-programa_FR.jpg?resize=212%2C300&amp;ssl=1 212w, https:\/\/i0.wp.com\/erbel.eus\/wp-content\/uploads\/2023\/06\/INTSEMINAZIO-IKASTAROA-2023-programa_FR.jpg?resize=768%2C1086&amp;ssl=1 768w, https:\/\/i0.wp.com\/erbel.eus\/wp-content\/uploads\/2023\/06\/INTSEMINAZIO-IKASTAROA-2023-programa_FR.jpg?resize=1086%2C1536&amp;ssl=1 1086w, https:\/\/i0.wp.com\/erbel.eus\/wp-content\/uploads\/2023\/06\/INTSEMINAZIO-IKASTAROA-2023-programa_FR.jpg?w=1448&amp;ssl=1 1448w\" sizes=\"(max-width: 724px) 100vw, 724px\" \/><\/figure><\/div>\n","protected":false},"excerpt":{"rendered":"<p>Jakob Wegener, expert international en ins\u00e9mination des reines et qui a travaill\u00e9 \u00e0 l&rsquo;Institut de l&rsquo;abeille allemand L\u00e4nderinstitut f\u00fcr Bienenkunde , sera parmi nous du 20 au 23 juillet.<\/p>\n","protected":false},"author":2,"featured_media":2322,"comment_status":"open","ping_status":"open","sticky":false,"template":"","format":"standard","meta":{"_bbp_topic_count":0,"_bbp_reply_count":0,"_bbp_total_topic_count":0,"_bbp_total_reply_count":0,"_bbp_voice_count":0,"_bbp_anonymous_reply_count":0,"_bbp_topic_count_hidden":0,"_bbp_reply_count_hidden":0,"_bbp_forum_subforum_count":0,"_jetpack_memberships_contains_paid_content":false,"footnotes":""},"categories":[26,39],"tags":[],"class_list":["post-2331","post","type-post","status-publish","format-standard","has-post-thumbnail","hentry","category-non-classifiee","category-nouvelles","masonry-post","generate-columns","tablet-grid-50","mobile-grid-100","grid-parent","grid-50"],"yoast_head":"<!-- This site is optimized with the Yoast SEO plugin v26.8 - https:\/\/yoast.com\/product\/yoast-seo-wordpress\/ -->\n<title>Cours d&#039;ins\u00e9mination instrumentale des reines &#8226; ERBEL<\/title>\n<meta name=\"robots\" content=\"index, follow, max-snippet:-1, max-image-preview:large, max-video-preview:-1\" \/>\n<link rel=\"canonical\" href=\"https:\/\/erbel.eus\/2023\/06\/19\/curso-de-inseminacion-instrumental-de-reinas\/\" \/>\n<meta property=\"og:locale\" content=\"fr_FR\" \/>\n<meta property=\"og:type\" content=\"article\" \/>\n<meta property=\"og:title\" content=\"Cours d&#039;ins\u00e9mination instrumentale des reines &#8226; ERBEL\" \/>\n<meta property=\"og:description\" content=\"Jakob Wegener, expert international en ins\u00e9mination des reines et qui a travaill\u00e9 \u00e0 l&#039;Institut de l&#039;abeille allemand L\u00e4nderinstitut f\u00fcr Bienenkunde , sera parmi nous du 20 au 23 juillet.\" \/>\n<meta property=\"og:url\" content=\"https:\/\/erbel.eus\/2023\/06\/19\/curso-de-inseminacion-instrumental-de-reinas\/\" \/>\n<meta property=\"og:site_name\" content=\"ERBEL\" \/>\n<meta property=\"article:published_time\" content=\"2023-06-19T18:34:56+00:00\" \/>\n<meta property=\"article:modified_time\" content=\"2023-06-19T18:37:00+00:00\" \/>\n<meta property=\"og:image\" content=\"https:\/\/i0.wp.com\/erbel.eus\/wp-content\/uploads\/2023\/06\/1687198380093-e1695234225424.jpg?fit=2920%2C1510&ssl=1\" \/>\n\t<meta property=\"og:image:width\" content=\"2920\" \/>\n\t<meta property=\"og:image:height\" content=\"1510\" \/>\n\t<meta property=\"og:image:type\" content=\"image\/jpeg\" \/>\n<meta name=\"author\" content=\"Egoitz Galartza\" \/>\n<meta name=\"twitter:card\" content=\"summary_large_image\" \/>\n<meta name=\"twitter:label1\" content=\"\u00c9crit par\" \/>\n\t<meta name=\"twitter:data1\" content=\"Egoitz Galartza\" \/>\n\t<meta name=\"twitter:label2\" content=\"Dur\u00e9e de lecture estim\u00e9e\" \/>\n\t<meta name=\"twitter:data2\" content=\"1 minute\" \/>\n<script type=\"application\/ld+json\" class=\"yoast-schema-graph\">{\"@context\":\"https:\/\/schema.org\",\"@graph\":[{\"@type\":\"Article\",\"@id\":\"https:\/\/erbel.eus\/2023\/06\/19\/curso-de-inseminacion-instrumental-de-reinas\/#article\",\"isPartOf\":{\"@id\":\"https:\/\/erbel.eus\/2023\/06\/19\/curso-de-inseminacion-instrumental-de-reinas\/\"},\"author\":{\"name\":\"Egoitz Galartza\",\"@id\":\"https:\/\/erbel.eus\/#\/schema\/person\/ff2d1eacc8825f0e87a0d04848349a7c\"},\"headline\":\"Cours d&rsquo;ins\u00e9mination instrumentale des reines\",\"datePublished\":\"2023-06-19T18:34:56+00:00\",\"dateModified\":\"2023-06-19T18:37:00+00:00\",\"mainEntityOfPage\":{\"@id\":\"https:\/\/erbel.eus\/2023\/06\/19\/curso-de-inseminacion-instrumental-de-reinas\/\"},\"wordCount\":132,\"commentCount\":0,\"publisher\":{\"@id\":\"https:\/\/erbel.eus\/#organization\"},\"image\":{\"@id\":\"https:\/\/erbel.eus\/2023\/06\/19\/curso-de-inseminacion-instrumental-de-reinas\/#primaryimage\"},\"thumbnailUrl\":\"https:\/\/i0.wp.com\/erbel.eus\/wp-content\/uploads\/2023\/06\/1687198380093-e1695234225424.jpg?fit=2920%2C1510&ssl=1\",\"articleSection\":[\"Non classifi\u00e9(e)\",\"nouvelles\"],\"inLanguage\":\"fr-FR\",\"potentialAction\":[{\"@type\":\"CommentAction\",\"name\":\"Comment\",\"target\":[\"https:\/\/erbel.eus\/2023\/06\/19\/curso-de-inseminacion-instrumental-de-reinas\/#respond\"]}]},{\"@type\":\"WebPage\",\"@id\":\"https:\/\/erbel.eus\/2023\/06\/19\/curso-de-inseminacion-instrumental-de-reinas\/\",\"url\":\"https:\/\/erbel.eus\/2023\/06\/19\/curso-de-inseminacion-instrumental-de-reinas\/\",\"name\":\"Cours d'ins\u00e9mination instrumentale des reines &#8226; ERBEL\",\"isPartOf\":{\"@id\":\"https:\/\/erbel.eus\/#website\"},\"primaryImageOfPage\":{\"@id\":\"https:\/\/erbel.eus\/2023\/06\/19\/curso-de-inseminacion-instrumental-de-reinas\/#primaryimage\"},\"image\":{\"@id\":\"https:\/\/erbel.eus\/2023\/06\/19\/curso-de-inseminacion-instrumental-de-reinas\/#primaryimage\"},\"thumbnailUrl\":\"https:\/\/i0.wp.com\/erbel.eus\/wp-content\/uploads\/2023\/06\/1687198380093-e1695234225424.jpg?fit=2920%2C1510&ssl=1\",\"datePublished\":\"2023-06-19T18:34:56+00:00\",\"dateModified\":\"2023-06-19T18:37:00+00:00\",\"breadcrumb\":{\"@id\":\"https:\/\/erbel.eus\/2023\/06\/19\/curso-de-inseminacion-instrumental-de-reinas\/#breadcrumb\"},\"inLanguage\":\"fr-FR\",\"potentialAction\":[{\"@type\":\"ReadAction\",\"target\":[\"https:\/\/erbel.eus\/2023\/06\/19\/curso-de-inseminacion-instrumental-de-reinas\/\"]}]},{\"@type\":\"ImageObject\",\"inLanguage\":\"fr-FR\",\"@id\":\"https:\/\/erbel.eus\/2023\/06\/19\/curso-de-inseminacion-instrumental-de-reinas\/#primaryimage\",\"url\":\"https:\/\/i0.wp.com\/erbel.eus\/wp-content\/uploads\/2023\/06\/1687198380093-e1695234225424.jpg?fit=2920%2C1510&ssl=1\",\"contentUrl\":\"https:\/\/i0.wp.com\/erbel.eus\/wp-content\/uploads\/2023\/06\/1687198380093-e1695234225424.jpg?fit=2920%2C1510&ssl=1\",\"width\":2920,\"height\":1510},{\"@type\":\"BreadcrumbList\",\"@id\":\"https:\/\/erbel.eus\/2023\/06\/19\/curso-de-inseminacion-instrumental-de-reinas\/#breadcrumb\",\"itemListElement\":[{\"@type\":\"ListItem\",\"position\":1,\"name\":\"Home\",\"item\":\"https:\/\/erbel.eus\/\"},{\"@type\":\"ListItem\",\"position\":2,\"name\":\"Cours d&#8217;ins\u00e9mination instrumentale des reines\"}]},{\"@type\":\"WebSite\",\"@id\":\"https:\/\/erbel.eus\/#website\",\"url\":\"https:\/\/erbel.eus\/\",\"name\":\"ERBEL\",\"description\":\" Erle Beltz Hazleen Elkartea - Asociacion de criadores de abeja Erle Beltza - Association d&#039;eleveurs d&#039;abeilles Erle Beltza\",\"publisher\":{\"@id\":\"https:\/\/erbel.eus\/#organization\"},\"potentialAction\":[{\"@type\":\"SearchAction\",\"target\":{\"@type\":\"EntryPoint\",\"urlTemplate\":\"https:\/\/erbel.eus\/?s={search_term_string}\"},\"query-input\":{\"@type\":\"PropertyValueSpecification\",\"valueRequired\":true,\"valueName\":\"search_term_string\"}}],\"inLanguage\":\"fr-FR\"},{\"@type\":\"Organization\",\"@id\":\"https:\/\/erbel.eus\/#organization\",\"name\":\"ERBEL Erle Beltza Hazleen Elkartea\",\"url\":\"https:\/\/erbel.eus\/\",\"logo\":{\"@type\":\"ImageObject\",\"inLanguage\":\"fr-FR\",\"@id\":\"https:\/\/erbel.eus\/#\/schema\/logo\/image\/\",\"url\":\"https:\/\/i0.wp.com\/erbel.eus\/wp-content\/uploads\/2019\/05\/erbel_erleak_denak-beltz.png?fit=300%2C316&ssl=1\",\"contentUrl\":\"https:\/\/i0.wp.com\/erbel.eus\/wp-content\/uploads\/2019\/05\/erbel_erleak_denak-beltz.png?fit=300%2C316&ssl=1\",\"width\":300,\"height\":316,\"caption\":\"ERBEL Erle Beltza Hazleen Elkartea\"},\"image\":{\"@id\":\"https:\/\/erbel.eus\/#\/schema\/logo\/image\/\"},\"sameAs\":[\"https:\/\/www.youtube.com\/channel\/UCNkgIS3GnpMESbnykKUIqgw\"]},{\"@type\":\"Person\",\"@id\":\"https:\/\/erbel.eus\/#\/schema\/person\/ff2d1eacc8825f0e87a0d04848349a7c\",\"name\":\"Egoitz Galartza\",\"image\":{\"@type\":\"ImageObject\",\"inLanguage\":\"fr-FR\",\"@id\":\"https:\/\/erbel.eus\/#\/schema\/person\/image\/\",\"url\":\"\/\/www.gravatar.com\/avatar\/2b6f40c945cfbd3dfdb8ec528a7534d9?s=96&#038;r=g&#038;d=mm\",\"contentUrl\":\"\/\/www.gravatar.com\/avatar\/2b6f40c945cfbd3dfdb8ec528a7534d9?s=96&#038;r=g&#038;d=mm\",\"caption\":\"Egoitz Galartza\"}}]}<\/script>\n<!-- \/ Yoast SEO plugin. -->","yoast_head_json":{"title":"Cours d'ins\u00e9mination instrumentale des reines &#8226; ERBEL","robots":{"index":"index","follow":"follow","max-snippet":"max-snippet:-1","max-image-preview":"max-image-preview:large","max-video-preview":"max-video-preview:-1"},"canonical":"https:\/\/erbel.eus\/2023\/06\/19\/curso-de-inseminacion-instrumental-de-reinas\/","og_locale":"fr_FR","og_type":"article","og_title":"Cours d'ins\u00e9mination instrumentale des reines &#8226; ERBEL","og_description":"Jakob Wegener, expert international en ins\u00e9mination des reines et qui a travaill\u00e9 \u00e0 l'Institut de l'abeille allemand L\u00e4nderinstitut f\u00fcr Bienenkunde , sera parmi nous du 20 au 23 juillet.","og_url":"https:\/\/erbel.eus\/2023\/06\/19\/curso-de-inseminacion-instrumental-de-reinas\/","og_site_name":"ERBEL","article_published_time":"2023-06-19T18:34:56+00:00","article_modified_time":"2023-06-19T18:37:00+00:00","og_image":[{"width":2920,"height":1510,"url":"https:\/\/i0.wp.com\/erbel.eus\/wp-content\/uploads\/2023\/06\/1687198380093-e1695234225424.jpg?fit=2920%2C1510&ssl=1","type":"image\/jpeg"}],"author":"Egoitz Galartza","twitter_card":"summary_large_image","twitter_misc":{"\u00c9crit par":"Egoitz Galartza","Dur\u00e9e de lecture estim\u00e9e":"1 minute"},"schema":{"@context":"https:\/\/schema.org","@graph":[{"@type":"Article","@id":"https:\/\/erbel.eus\/2023\/06\/19\/curso-de-inseminacion-instrumental-de-reinas\/#article","isPartOf":{"@id":"https:\/\/erbel.eus\/2023\/06\/19\/curso-de-inseminacion-instrumental-de-reinas\/"},"author":{"name":"Egoitz Galartza","@id":"https:\/\/erbel.eus\/#\/schema\/person\/ff2d1eacc8825f0e87a0d04848349a7c"},"headline":"Cours d&rsquo;ins\u00e9mination instrumentale des reines","datePublished":"2023-06-19T18:34:56+00:00","dateModified":"2023-06-19T18:37:00+00:00","mainEntityOfPage":{"@id":"https:\/\/erbel.eus\/2023\/06\/19\/curso-de-inseminacion-instrumental-de-reinas\/"},"wordCount":132,"commentCount":0,"publisher":{"@id":"https:\/\/erbel.eus\/#organization"},"image":{"@id":"https:\/\/erbel.eus\/2023\/06\/19\/curso-de-inseminacion-instrumental-de-reinas\/#primaryimage"},"thumbnailUrl":"https:\/\/i0.wp.com\/erbel.eus\/wp-content\/uploads\/2023\/06\/1687198380093-e1695234225424.jpg?fit=2920%2C1510&ssl=1","articleSection":["Non classifi\u00e9(e)","nouvelles"],"inLanguage":"fr-FR","potentialAction":[{"@type":"CommentAction","name":"Comment","target":["https:\/\/erbel.eus\/2023\/06\/19\/curso-de-inseminacion-instrumental-de-reinas\/#respond"]}]},{"@type":"WebPage","@id":"https:\/\/erbel.eus\/2023\/06\/19\/curso-de-inseminacion-instrumental-de-reinas\/","url":"https:\/\/erbel.eus\/2023\/06\/19\/curso-de-inseminacion-instrumental-de-reinas\/","name":"Cours d'ins\u00e9mination instrumentale des reines &#8226; ERBEL","isPartOf":{"@id":"https:\/\/erbel.eus\/#website"},"primaryImageOfPage":{"@id":"https:\/\/erbel.eus\/2023\/06\/19\/curso-de-inseminacion-instrumental-de-reinas\/#primaryimage"},"image":{"@id":"https:\/\/erbel.eus\/2023\/06\/19\/curso-de-inseminacion-instrumental-de-reinas\/#primaryimage"},"thumbnailUrl":"https:\/\/i0.wp.com\/erbel.eus\/wp-content\/uploads\/2023\/06\/1687198380093-e1695234225424.jpg?fit=2920%2C1510&ssl=1","datePublished":"2023-06-19T18:34:56+00:00","dateModified":"2023-06-19T18:37:00+00:00","breadcrumb":{"@id":"https:\/\/erbel.eus\/2023\/06\/19\/curso-de-inseminacion-instrumental-de-reinas\/#breadcrumb"},"inLanguage":"fr-FR","potentialAction":[{"@type":"ReadAction","target":["https:\/\/erbel.eus\/2023\/06\/19\/curso-de-inseminacion-instrumental-de-reinas\/"]}]},{"@type":"ImageObject","inLanguage":"fr-FR","@id":"https:\/\/erbel.eus\/2023\/06\/19\/curso-de-inseminacion-instrumental-de-reinas\/#primaryimage","url":"https:\/\/i0.wp.com\/erbel.eus\/wp-content\/uploads\/2023\/06\/1687198380093-e1695234225424.jpg?fit=2920%2C1510&ssl=1","contentUrl":"https:\/\/i0.wp.com\/erbel.eus\/wp-content\/uploads\/2023\/06\/1687198380093-e1695234225424.jpg?fit=2920%2C1510&ssl=1","width":2920,"height":1510},{"@type":"BreadcrumbList","@id":"https:\/\/erbel.eus\/2023\/06\/19\/curso-de-inseminacion-instrumental-de-reinas\/#breadcrumb","itemListElement":[{"@type":"ListItem","position":1,"name":"Home","item":"https:\/\/erbel.eus\/"},{"@type":"ListItem","position":2,"name":"Cours d&#8217;ins\u00e9mination instrumentale des reines"}]},{"@type":"WebSite","@id":"https:\/\/erbel.eus\/#website","url":"https:\/\/erbel.eus\/","name":"ERBEL","description":" Erle Beltz Hazleen Elkartea - Asociacion de criadores de abeja Erle Beltza - Association d&#039;eleveurs d&#039;abeilles Erle Beltza","publisher":{"@id":"https:\/\/erbel.eus\/#organization"},"potentialAction":[{"@type":"SearchAction","target":{"@type":"EntryPoint","urlTemplate":"https:\/\/erbel.eus\/?s={search_term_string}"},"query-input":{"@type":"PropertyValueSpecification","valueRequired":true,"valueName":"search_term_string"}}],"inLanguage":"fr-FR"},{"@type":"Organization","@id":"https:\/\/erbel.eus\/#organization","name":"ERBEL Erle Beltza Hazleen Elkartea","url":"https:\/\/erbel.eus\/","logo":{"@type":"ImageObject","inLanguage":"fr-FR","@id":"https:\/\/erbel.eus\/#\/schema\/logo\/image\/","url":"https:\/\/i0.wp.com\/erbel.eus\/wp-content\/uploads\/2019\/05\/erbel_erleak_denak-beltz.png?fit=300%2C316&ssl=1","contentUrl":"https:\/\/i0.wp.com\/erbel.eus\/wp-content\/uploads\/2019\/05\/erbel_erleak_denak-beltz.png?fit=300%2C316&ssl=1","width":300,"height":316,"caption":"ERBEL Erle Beltza Hazleen Elkartea"},"image":{"@id":"https:\/\/erbel.eus\/#\/schema\/logo\/image\/"},"sameAs":["https:\/\/www.youtube.com\/channel\/UCNkgIS3GnpMESbnykKUIqgw"]},{"@type":"Person","@id":"https:\/\/erbel.eus\/#\/schema\/person\/ff2d1eacc8825f0e87a0d04848349a7c","name":"Egoitz Galartza","image":{"@type":"ImageObject","inLanguage":"fr-FR","@id":"https:\/\/erbel.eus\/#\/schema\/person\/image\/","url":"\/\/www.gravatar.com\/avatar\/2b6f40c945cfbd3dfdb8ec528a7534d9?s=96&#038;r=g&#038;d=mm","contentUrl":"\/\/www.gravatar.com\/avatar\/2b6f40c945cfbd3dfdb8ec528a7534d9?s=96&#038;r=g&#038;d=mm","caption":"Egoitz Galartza"}}]}},"jetpack_featured_media_url":"https:\/\/i0.wp.com\/erbel.eus\/wp-content\/uploads\/2023\/06\/1687198380093-e1695234225424.jpg?fit=2920%2C1510&ssl=1","jetpack_sharing_enabled":true,"_links":{"self":[{"href":"https:\/\/erbel.eus\/fr\/wp-json\/wp\/v2\/posts\/2331","targetHints":{"allow":["GET"]}}],"collection":[{"href":"https:\/\/erbel.eus\/fr\/wp-json\/wp\/v2\/posts"}],"about":[{"href":"https:\/\/erbel.eus\/fr\/wp-json\/wp\/v2\/types\/post"}],"author":[{"embeddable":true,"href":"https:\/\/erbel.eus\/fr\/wp-json\/wp\/v2\/users\/2"}],"replies":[{"embeddable":true,"href":"https:\/\/erbel.eus\/fr\/wp-json\/wp\/v2\/comments?post=2331"}],"version-history":[{"count":3,"href":"https:\/\/erbel.eus\/fr\/wp-json\/wp\/v2\/posts\/2331\/revisions"}],"predecessor-version":[{"id":2336,"href":"https:\/\/erbel.eus\/fr\/wp-json\/wp\/v2\/posts\/2331\/revisions\/2336"}],"wp:featuredmedia":[{"embeddable":true,"href":"https:\/\/erbel.eus\/fr\/wp-json\/wp\/v2\/media\/2322"}],"wp:attachment":[{"href":"https:\/\/erbel.eus\/fr\/wp-json\/wp\/v2\/media?parent=2331"}],"wp:term":[{"taxonomy":"category","embeddable":true,"href":"https:\/\/erbel.eus\/fr\/wp-json\/wp\/v2\/categories?post=2331"},{"taxonomy":"post_tag","embeddable":true,"href":"https:\/\/erbel.eus\/fr\/wp-json\/wp\/v2\/tags?post=2331"}],"curies":[{"name":"wp","href":"https:\/\/api.w.org\/{rel}","templated":true}]}}