{"id":2252,"date":"2023-01-31T11:15:54","date_gmt":"2023-01-31T10:15:54","guid":{"rendered":"https:\/\/www.erbel.eus\/2023\/01\/31\/protection-de-labeille-locale-apis-mellifera-iberiensis\/"},"modified":"2023-01-31T11:16:50","modified_gmt":"2023-01-31T10:16:50","slug":"protection-de-labeille-locale-apis-mellifera-iberiensis","status":"publish","type":"post","link":"https:\/\/erbel.eus\/fr\/2023\/01\/31\/protection-de-labeille-locale-apis-mellifera-iberiensis\/","title":{"rendered":"Protection de l&rsquo;abeille locale Apis mellifera iberiensis"},"content":{"rendered":"\n<p><strong>Egoitz Galartza Garaialde<\/strong><\/p>\n\n\n\n<p>Chez ERBEL, nous sommes conscients des probl\u00e8mes pos\u00e9s aux apiculteur\u2027trices par les hybridations de notre abeille locale par des abeilles \u00e9trang\u00e8res. Ces apiculteur\u2027trices sont ainsi oblig\u00e9\u2027es, m\u00eame contre leur volont\u00e9, de travailler avec des abeilles hybrides moins performantes que la race locale ou de remplacer les reines hybrides, en assumant les frais inh\u00e9rents.<\/p>\n\n\n\n<p>Outre ce probl\u00e8me, la situation peut empirer si les mesures ad\u00e9quates ne sont pas adopt\u00e9es. En effet, la sous-esp\u00e8ce ou race locale peut m\u00eame dispara\u00eetre comme cela est arriv\u00e9 dans d&rsquo;autres pays et r\u00e9gions europ\u00e9ennes.<\/p>\n\n\n\n<p>C&rsquo;est pourquoi, ERBEL a lanc\u00e9 une campagne pour obtenir la protection juridique \u00e0 laquelle notre abeille locale peut pr\u00e9tendre, car nous la consid\u00e9rons comme un tr\u00e9sor, comme un v\u00e9ritable r\u00e9servoir de variabilit\u00e9 g\u00e9n\u00e9tique des abeilles mellif\u00e8res.<\/p>\n\n\n\n<p>L&rsquo;objectif est de lancer des politiques d&rsquo;aide et de protection de l&rsquo;abeille locale et, dans le m\u00eame temps, d&rsquo;interdire le recours aux races \u00e9trang\u00e8res.<\/p>\n\n\n\n<p>Notre message est le suivant&nbsp;:<\/p>\n\n\n\n<ol class=\"wp-block-list\"><li>Pour les apiculteur\u2027trices locaux, la race de l&rsquo;abeille Apis mellifera iberiensis est la mieux adapt\u00e9e aux conditions du territoire.<\/li><li>La cohabitation entre abeilles de races, ou sous-esp\u00e8ces, diff\u00e9rentes est impossible puisqu&rsquo;elles se croisent entre elles avec, \u00e0 la cl\u00e9, une perte de variabilit\u00e9 g\u00e9n\u00e9tique et de g\u00e8nes d&rsquo;adaptation locale.<\/li><li>C&rsquo;est un probl\u00e8me r\u00e9el, \u00e0 petite \u00e9chelle pour l&rsquo;instant, mais qui va prendre de l&rsquo;ampleur si les mesures ad\u00e9quates ne sont pas adopt\u00e9es. Il est plus facile, effectif et bon march\u00e9 d&rsquo;agir d\u00e8s maintenant plut\u00f4t que d&rsquo;avoir \u00e0 appliquer des mesures de r\u00e9cup\u00e9ration et de protection dans un environnement o\u00f9 la race locale est d\u00e9j\u00e0 perdue.<\/li><li>Il faut mettre en \u0153uvre des politiques de promotion de l&rsquo;usage, de la commercialisation et de l&rsquo;am\u00e9lioration de la race locale de l&rsquo;abeille pour garantir sa protection.<\/li><li>Nous demandons une l\u00e9gislation favorable \u00e0 l&rsquo;abeille locale, qui interdise l&rsquo;introduction, la reproduction, l&rsquo;usage et la commercialisation de sous-esp\u00e8ces distinctes de l&rsquo;<em>Apis mellifera iberiensis<\/em> sur l&rsquo;\u00e9tendue territoriale couverte par ERBEL.<\/li><\/ol>\n\n\n\n<p>Dans le cadre de cette campagne, nous publions la comparution d&rsquo;ERBEL devant le Conseil G\u00e9n\u00e9ral d&rsquo;Alava pour r\u00e9clamer la protection juridique de l&rsquo;abeille locale.<\/p>\n\n\n\n<figure class=\"wp-block-embed-youtube wp-block-embed is-type-video is-provider-youtube wp-embed-aspect-16-9 wp-has-aspect-ratio\"><div class=\"wp-block-embed__wrapper\">\n<iframe title=\"Bertako erlearen aldeko neurriak eskatzeko agerraldia Arabako Batzar Nagusietan (gazt) 2023-01-27\" width=\"1200\" height=\"675\" src=\"https:\/\/www.youtube.com\/embed\/Tv2JlcGg35k?feature=oembed\" frameborder=\"0\" allow=\"accelerometer; autoplay; clipboard-write; encrypted-media; gyroscope; picture-in-picture; web-share\" allowfullscreen><\/iframe>\n<\/div><\/figure>\n","protected":false},"excerpt":{"rendered":"<p>Chez ERBEL, nous sommes conscients des probl\u00e8mes pos\u00e9s aux apiculteur\u2027trices par les hybridations de notre abeille locale par des abeilles \u00e9trang\u00e8res. Ces apiculteur\u2027trices sont ainsi oblig\u00e9\u2027es, m\u00eame contre leur volont\u00e9, de travailler avec des abeilles hybrides moins performantes que la race locale ou de remplacer les reines hybrides, en assumant les frais inh\u00e9rents.<\/p>\n","protected":false},"author":2,"featured_media":737,"comment_status":"open","ping_status":"open","sticky":false,"template":"","format":"standard","meta":{"_bbp_topic_count":0,"_bbp_reply_count":0,"_bbp_total_topic_count":0,"_bbp_total_reply_count":0,"_bbp_voice_count":0,"_bbp_anonymous_reply_count":0,"_bbp_topic_count_hidden":0,"_bbp_reply_count_hidden":0,"_bbp_forum_subforum_count":0,"_jetpack_memberships_contains_paid_content":false,"footnotes":""},"categories":[26,39],"tags":[],"class_list":["post-2252","post","type-post","status-publish","format-standard","has-post-thumbnail","hentry","category-non-classifiee","category-nouvelles","masonry-post","generate-columns","tablet-grid-50","mobile-grid-100","grid-parent","grid-50"],"yoast_head":"<!-- This site is optimized with the Yoast SEO plugin v26.8 - https:\/\/yoast.com\/product\/yoast-seo-wordpress\/ -->\n<title>Protection de l&#039;abeille locale Apis mellifera iberiensis &#8226; ERBEL<\/title>\n<meta name=\"robots\" content=\"index, follow, max-snippet:-1, max-image-preview:large, max-video-preview:-1\" \/>\n<link rel=\"canonical\" href=\"https:\/\/erbel.eus\/fr\/2023\/01\/31\/protection-de-labeille-locale-apis-mellifera-iberiensis\/\" \/>\n<meta property=\"og:locale\" content=\"fr_FR\" \/>\n<meta property=\"og:type\" content=\"article\" \/>\n<meta property=\"og:title\" content=\"Protection de l&#039;abeille locale Apis mellifera iberiensis &#8226; ERBEL\" \/>\n<meta property=\"og:description\" content=\"Chez ERBEL, nous sommes conscients des probl\u00e8mes pos\u00e9s aux apiculteur\u2027trices par les hybridations de notre abeille locale par des abeilles \u00e9trang\u00e8res. Ces apiculteur\u2027trices sont ainsi oblig\u00e9\u2027es, m\u00eame contre leur volont\u00e9, de travailler avec des abeilles hybrides moins performantes que la race locale ou de remplacer les reines hybrides, en assumant les frais inh\u00e9rents.\" \/>\n<meta property=\"og:url\" content=\"https:\/\/erbel.eus\/fr\/2023\/01\/31\/protection-de-labeille-locale-apis-mellifera-iberiensis\/\" \/>\n<meta property=\"og:site_name\" content=\"ERBEL\" \/>\n<meta property=\"article:published_time\" content=\"2023-01-31T10:15:54+00:00\" \/>\n<meta property=\"article:modified_time\" content=\"2023-01-31T10:16:50+00:00\" \/>\n<meta property=\"og:image\" content=\"https:\/\/i0.wp.com\/erbel.eus\/wp-content\/uploads\/2019\/05\/3.3.1._aldatuta.jpg?fit=500%2C281&ssl=1\" \/>\n\t<meta property=\"og:image:width\" content=\"500\" \/>\n\t<meta property=\"og:image:height\" content=\"281\" \/>\n\t<meta property=\"og:image:type\" content=\"image\/jpeg\" \/>\n<meta name=\"author\" content=\"Egoitz Galartza\" \/>\n<meta name=\"twitter:card\" content=\"summary_large_image\" \/>\n<meta name=\"twitter:label1\" content=\"\u00c9crit par\" \/>\n\t<meta name=\"twitter:data1\" content=\"Egoitz Galartza\" \/>\n\t<meta name=\"twitter:label2\" content=\"Dur\u00e9e de lecture estim\u00e9e\" \/>\n\t<meta name=\"twitter:data2\" content=\"2 minutes\" \/>\n<script type=\"application\/ld+json\" class=\"yoast-schema-graph\">{\"@context\":\"https:\/\/schema.org\",\"@graph\":[{\"@type\":\"Article\",\"@id\":\"https:\/\/erbel.eus\/fr\/2023\/01\/31\/protection-de-labeille-locale-apis-mellifera-iberiensis\/#article\",\"isPartOf\":{\"@id\":\"https:\/\/erbel.eus\/fr\/2023\/01\/31\/protection-de-labeille-locale-apis-mellifera-iberiensis\/\"},\"author\":{\"name\":\"Egoitz Galartza\",\"@id\":\"https:\/\/erbel.eus\/#\/schema\/person\/ff2d1eacc8825f0e87a0d04848349a7c\"},\"headline\":\"Protection de l&rsquo;abeille locale Apis mellifera iberiensis\",\"datePublished\":\"2023-01-31T10:15:54+00:00\",\"dateModified\":\"2023-01-31T10:16:50+00:00\",\"mainEntityOfPage\":{\"@id\":\"https:\/\/erbel.eus\/fr\/2023\/01\/31\/protection-de-labeille-locale-apis-mellifera-iberiensis\/\"},\"wordCount\":425,\"commentCount\":0,\"publisher\":{\"@id\":\"https:\/\/erbel.eus\/#organization\"},\"image\":{\"@id\":\"https:\/\/erbel.eus\/fr\/2023\/01\/31\/protection-de-labeille-locale-apis-mellifera-iberiensis\/#primaryimage\"},\"thumbnailUrl\":\"https:\/\/i0.wp.com\/erbel.eus\/wp-content\/uploads\/2019\/05\/3.3.1._aldatuta.jpg?fit=500%2C281&ssl=1\",\"articleSection\":[\"Non classifi\u00e9(e)\",\"nouvelles\"],\"inLanguage\":\"fr-FR\",\"potentialAction\":[{\"@type\":\"CommentAction\",\"name\":\"Comment\",\"target\":[\"https:\/\/erbel.eus\/fr\/2023\/01\/31\/protection-de-labeille-locale-apis-mellifera-iberiensis\/#respond\"]}]},{\"@type\":\"WebPage\",\"@id\":\"https:\/\/erbel.eus\/fr\/2023\/01\/31\/protection-de-labeille-locale-apis-mellifera-iberiensis\/\",\"url\":\"https:\/\/erbel.eus\/fr\/2023\/01\/31\/protection-de-labeille-locale-apis-mellifera-iberiensis\/\",\"name\":\"Protection de l'abeille locale Apis mellifera iberiensis &#8226; ERBEL\",\"isPartOf\":{\"@id\":\"https:\/\/erbel.eus\/#website\"},\"primaryImageOfPage\":{\"@id\":\"https:\/\/erbel.eus\/fr\/2023\/01\/31\/protection-de-labeille-locale-apis-mellifera-iberiensis\/#primaryimage\"},\"image\":{\"@id\":\"https:\/\/erbel.eus\/fr\/2023\/01\/31\/protection-de-labeille-locale-apis-mellifera-iberiensis\/#primaryimage\"},\"thumbnailUrl\":\"https:\/\/i0.wp.com\/erbel.eus\/wp-content\/uploads\/2019\/05\/3.3.1._aldatuta.jpg?fit=500%2C281&ssl=1\",\"datePublished\":\"2023-01-31T10:15:54+00:00\",\"dateModified\":\"2023-01-31T10:16:50+00:00\",\"breadcrumb\":{\"@id\":\"https:\/\/erbel.eus\/fr\/2023\/01\/31\/protection-de-labeille-locale-apis-mellifera-iberiensis\/#breadcrumb\"},\"inLanguage\":\"fr-FR\",\"potentialAction\":[{\"@type\":\"ReadAction\",\"target\":[\"https:\/\/erbel.eus\/fr\/2023\/01\/31\/protection-de-labeille-locale-apis-mellifera-iberiensis\/\"]}]},{\"@type\":\"ImageObject\",\"inLanguage\":\"fr-FR\",\"@id\":\"https:\/\/erbel.eus\/fr\/2023\/01\/31\/protection-de-labeille-locale-apis-mellifera-iberiensis\/#primaryimage\",\"url\":\"https:\/\/i0.wp.com\/erbel.eus\/wp-content\/uploads\/2019\/05\/3.3.1._aldatuta.jpg?fit=500%2C281&ssl=1\",\"contentUrl\":\"https:\/\/i0.wp.com\/erbel.eus\/wp-content\/uploads\/2019\/05\/3.3.1._aldatuta.jpg?fit=500%2C281&ssl=1\",\"width\":500,\"height\":281},{\"@type\":\"BreadcrumbList\",\"@id\":\"https:\/\/erbel.eus\/fr\/2023\/01\/31\/protection-de-labeille-locale-apis-mellifera-iberiensis\/#breadcrumb\",\"itemListElement\":[{\"@type\":\"ListItem\",\"position\":1,\"name\":\"Home\",\"item\":\"https:\/\/erbel.eus\/\"},{\"@type\":\"ListItem\",\"position\":2,\"name\":\"Protection de l&rsquo;abeille locale Apis mellifera iberiensis\"}]},{\"@type\":\"WebSite\",\"@id\":\"https:\/\/erbel.eus\/#website\",\"url\":\"https:\/\/erbel.eus\/\",\"name\":\"ERBEL\",\"description\":\" Erle Beltz Hazleen Elkartea - Asociacion de criadores de abeja Erle Beltza - Association d&#039;eleveurs d&#039;abeilles Erle Beltza\",\"publisher\":{\"@id\":\"https:\/\/erbel.eus\/#organization\"},\"potentialAction\":[{\"@type\":\"SearchAction\",\"target\":{\"@type\":\"EntryPoint\",\"urlTemplate\":\"https:\/\/erbel.eus\/?s={search_term_string}\"},\"query-input\":{\"@type\":\"PropertyValueSpecification\",\"valueRequired\":true,\"valueName\":\"search_term_string\"}}],\"inLanguage\":\"fr-FR\"},{\"@type\":\"Organization\",\"@id\":\"https:\/\/erbel.eus\/#organization\",\"name\":\"ERBEL Erle Beltza Hazleen Elkartea\",\"url\":\"https:\/\/erbel.eus\/\",\"logo\":{\"@type\":\"ImageObject\",\"inLanguage\":\"fr-FR\",\"@id\":\"https:\/\/erbel.eus\/#\/schema\/logo\/image\/\",\"url\":\"https:\/\/i0.wp.com\/erbel.eus\/wp-content\/uploads\/2019\/05\/erbel_erleak_denak-beltz.png?fit=300%2C316&ssl=1\",\"contentUrl\":\"https:\/\/i0.wp.com\/erbel.eus\/wp-content\/uploads\/2019\/05\/erbel_erleak_denak-beltz.png?fit=300%2C316&ssl=1\",\"width\":300,\"height\":316,\"caption\":\"ERBEL Erle Beltza Hazleen Elkartea\"},\"image\":{\"@id\":\"https:\/\/erbel.eus\/#\/schema\/logo\/image\/\"},\"sameAs\":[\"https:\/\/www.youtube.com\/channel\/UCNkgIS3GnpMESbnykKUIqgw\"]},{\"@type\":\"Person\",\"@id\":\"https:\/\/erbel.eus\/#\/schema\/person\/ff2d1eacc8825f0e87a0d04848349a7c\",\"name\":\"Egoitz Galartza\",\"image\":{\"@type\":\"ImageObject\",\"inLanguage\":\"fr-FR\",\"@id\":\"https:\/\/erbel.eus\/#\/schema\/person\/image\/\",\"url\":\"\/\/www.gravatar.com\/avatar\/2b6f40c945cfbd3dfdb8ec528a7534d9?s=96&#038;r=g&#038;d=mm\",\"contentUrl\":\"\/\/www.gravatar.com\/avatar\/2b6f40c945cfbd3dfdb8ec528a7534d9?s=96&#038;r=g&#038;d=mm\",\"caption\":\"Egoitz Galartza\"}}]}<\/script>\n<!-- \/ Yoast SEO plugin. -->","yoast_head_json":{"title":"Protection de l'abeille locale Apis mellifera iberiensis &#8226; ERBEL","robots":{"index":"index","follow":"follow","max-snippet":"max-snippet:-1","max-image-preview":"max-image-preview:large","max-video-preview":"max-video-preview:-1"},"canonical":"https:\/\/erbel.eus\/fr\/2023\/01\/31\/protection-de-labeille-locale-apis-mellifera-iberiensis\/","og_locale":"fr_FR","og_type":"article","og_title":"Protection de l'abeille locale Apis mellifera iberiensis &#8226; ERBEL","og_description":"Chez ERBEL, nous sommes conscients des probl\u00e8mes pos\u00e9s aux apiculteur\u2027trices par les hybridations de notre abeille locale par des abeilles \u00e9trang\u00e8res. Ces apiculteur\u2027trices sont ainsi oblig\u00e9\u2027es, m\u00eame contre leur volont\u00e9, de travailler avec des abeilles hybrides moins performantes que la race locale ou de remplacer les reines hybrides, en assumant les frais inh\u00e9rents.","og_url":"https:\/\/erbel.eus\/fr\/2023\/01\/31\/protection-de-labeille-locale-apis-mellifera-iberiensis\/","og_site_name":"ERBEL","article_published_time":"2023-01-31T10:15:54+00:00","article_modified_time":"2023-01-31T10:16:50+00:00","og_image":[{"width":500,"height":281,"url":"https:\/\/i0.wp.com\/erbel.eus\/wp-content\/uploads\/2019\/05\/3.3.1._aldatuta.jpg?fit=500%2C281&ssl=1","type":"image\/jpeg"}],"author":"Egoitz Galartza","twitter_card":"summary_large_image","twitter_misc":{"\u00c9crit par":"Egoitz Galartza","Dur\u00e9e de lecture estim\u00e9e":"2 minutes"},"schema":{"@context":"https:\/\/schema.org","@graph":[{"@type":"Article","@id":"https:\/\/erbel.eus\/fr\/2023\/01\/31\/protection-de-labeille-locale-apis-mellifera-iberiensis\/#article","isPartOf":{"@id":"https:\/\/erbel.eus\/fr\/2023\/01\/31\/protection-de-labeille-locale-apis-mellifera-iberiensis\/"},"author":{"name":"Egoitz Galartza","@id":"https:\/\/erbel.eus\/#\/schema\/person\/ff2d1eacc8825f0e87a0d04848349a7c"},"headline":"Protection de l&rsquo;abeille locale Apis mellifera iberiensis","datePublished":"2023-01-31T10:15:54+00:00","dateModified":"2023-01-31T10:16:50+00:00","mainEntityOfPage":{"@id":"https:\/\/erbel.eus\/fr\/2023\/01\/31\/protection-de-labeille-locale-apis-mellifera-iberiensis\/"},"wordCount":425,"commentCount":0,"publisher":{"@id":"https:\/\/erbel.eus\/#organization"},"image":{"@id":"https:\/\/erbel.eus\/fr\/2023\/01\/31\/protection-de-labeille-locale-apis-mellifera-iberiensis\/#primaryimage"},"thumbnailUrl":"https:\/\/i0.wp.com\/erbel.eus\/wp-content\/uploads\/2019\/05\/3.3.1._aldatuta.jpg?fit=500%2C281&ssl=1","articleSection":["Non classifi\u00e9(e)","nouvelles"],"inLanguage":"fr-FR","potentialAction":[{"@type":"CommentAction","name":"Comment","target":["https:\/\/erbel.eus\/fr\/2023\/01\/31\/protection-de-labeille-locale-apis-mellifera-iberiensis\/#respond"]}]},{"@type":"WebPage","@id":"https:\/\/erbel.eus\/fr\/2023\/01\/31\/protection-de-labeille-locale-apis-mellifera-iberiensis\/","url":"https:\/\/erbel.eus\/fr\/2023\/01\/31\/protection-de-labeille-locale-apis-mellifera-iberiensis\/","name":"Protection de l'abeille locale Apis mellifera iberiensis &#8226; ERBEL","isPartOf":{"@id":"https:\/\/erbel.eus\/#website"},"primaryImageOfPage":{"@id":"https:\/\/erbel.eus\/fr\/2023\/01\/31\/protection-de-labeille-locale-apis-mellifera-iberiensis\/#primaryimage"},"image":{"@id":"https:\/\/erbel.eus\/fr\/2023\/01\/31\/protection-de-labeille-locale-apis-mellifera-iberiensis\/#primaryimage"},"thumbnailUrl":"https:\/\/i0.wp.com\/erbel.eus\/wp-content\/uploads\/2019\/05\/3.3.1._aldatuta.jpg?fit=500%2C281&ssl=1","datePublished":"2023-01-31T10:15:54+00:00","dateModified":"2023-01-31T10:16:50+00:00","breadcrumb":{"@id":"https:\/\/erbel.eus\/fr\/2023\/01\/31\/protection-de-labeille-locale-apis-mellifera-iberiensis\/#breadcrumb"},"inLanguage":"fr-FR","potentialAction":[{"@type":"ReadAction","target":["https:\/\/erbel.eus\/fr\/2023\/01\/31\/protection-de-labeille-locale-apis-mellifera-iberiensis\/"]}]},{"@type":"ImageObject","inLanguage":"fr-FR","@id":"https:\/\/erbel.eus\/fr\/2023\/01\/31\/protection-de-labeille-locale-apis-mellifera-iberiensis\/#primaryimage","url":"https:\/\/i0.wp.com\/erbel.eus\/wp-content\/uploads\/2019\/05\/3.3.1._aldatuta.jpg?fit=500%2C281&ssl=1","contentUrl":"https:\/\/i0.wp.com\/erbel.eus\/wp-content\/uploads\/2019\/05\/3.3.1._aldatuta.jpg?fit=500%2C281&ssl=1","width":500,"height":281},{"@type":"BreadcrumbList","@id":"https:\/\/erbel.eus\/fr\/2023\/01\/31\/protection-de-labeille-locale-apis-mellifera-iberiensis\/#breadcrumb","itemListElement":[{"@type":"ListItem","position":1,"name":"Home","item":"https:\/\/erbel.eus\/"},{"@type":"ListItem","position":2,"name":"Protection de l&rsquo;abeille locale Apis mellifera iberiensis"}]},{"@type":"WebSite","@id":"https:\/\/erbel.eus\/#website","url":"https:\/\/erbel.eus\/","name":"ERBEL","description":" Erle Beltz Hazleen Elkartea - Asociacion de criadores de abeja Erle Beltza - Association d&#039;eleveurs d&#039;abeilles Erle Beltza","publisher":{"@id":"https:\/\/erbel.eus\/#organization"},"potentialAction":[{"@type":"SearchAction","target":{"@type":"EntryPoint","urlTemplate":"https:\/\/erbel.eus\/?s={search_term_string}"},"query-input":{"@type":"PropertyValueSpecification","valueRequired":true,"valueName":"search_term_string"}}],"inLanguage":"fr-FR"},{"@type":"Organization","@id":"https:\/\/erbel.eus\/#organization","name":"ERBEL Erle Beltza Hazleen Elkartea","url":"https:\/\/erbel.eus\/","logo":{"@type":"ImageObject","inLanguage":"fr-FR","@id":"https:\/\/erbel.eus\/#\/schema\/logo\/image\/","url":"https:\/\/i0.wp.com\/erbel.eus\/wp-content\/uploads\/2019\/05\/erbel_erleak_denak-beltz.png?fit=300%2C316&ssl=1","contentUrl":"https:\/\/i0.wp.com\/erbel.eus\/wp-content\/uploads\/2019\/05\/erbel_erleak_denak-beltz.png?fit=300%2C316&ssl=1","width":300,"height":316,"caption":"ERBEL Erle Beltza Hazleen Elkartea"},"image":{"@id":"https:\/\/erbel.eus\/#\/schema\/logo\/image\/"},"sameAs":["https:\/\/www.youtube.com\/channel\/UCNkgIS3GnpMESbnykKUIqgw"]},{"@type":"Person","@id":"https:\/\/erbel.eus\/#\/schema\/person\/ff2d1eacc8825f0e87a0d04848349a7c","name":"Egoitz Galartza","image":{"@type":"ImageObject","inLanguage":"fr-FR","@id":"https:\/\/erbel.eus\/#\/schema\/person\/image\/","url":"\/\/www.gravatar.com\/avatar\/2b6f40c945cfbd3dfdb8ec528a7534d9?s=96&#038;r=g&#038;d=mm","contentUrl":"\/\/www.gravatar.com\/avatar\/2b6f40c945cfbd3dfdb8ec528a7534d9?s=96&#038;r=g&#038;d=mm","caption":"Egoitz Galartza"}}]}},"jetpack_featured_media_url":"https:\/\/i0.wp.com\/erbel.eus\/wp-content\/uploads\/2019\/05\/3.3.1._aldatuta.jpg?fit=500%2C281&ssl=1","jetpack_sharing_enabled":true,"_links":{"self":[{"href":"https:\/\/erbel.eus\/fr\/wp-json\/wp\/v2\/posts\/2252","targetHints":{"allow":["GET"]}}],"collection":[{"href":"https:\/\/erbel.eus\/fr\/wp-json\/wp\/v2\/posts"}],"about":[{"href":"https:\/\/erbel.eus\/fr\/wp-json\/wp\/v2\/types\/post"}],"author":[{"embeddable":true,"href":"https:\/\/erbel.eus\/fr\/wp-json\/wp\/v2\/users\/2"}],"replies":[{"embeddable":true,"href":"https:\/\/erbel.eus\/fr\/wp-json\/wp\/v2\/comments?post=2252"}],"version-history":[{"count":2,"href":"https:\/\/erbel.eus\/fr\/wp-json\/wp\/v2\/posts\/2252\/revisions"}],"predecessor-version":[{"id":2254,"href":"https:\/\/erbel.eus\/fr\/wp-json\/wp\/v2\/posts\/2252\/revisions\/2254"}],"wp:featuredmedia":[{"embeddable":true,"href":"https:\/\/erbel.eus\/fr\/wp-json\/wp\/v2\/media\/737"}],"wp:attachment":[{"href":"https:\/\/erbel.eus\/fr\/wp-json\/wp\/v2\/media?parent=2252"}],"wp:term":[{"taxonomy":"category","embeddable":true,"href":"https:\/\/erbel.eus\/fr\/wp-json\/wp\/v2\/categories?post=2252"},{"taxonomy":"post_tag","embeddable":true,"href":"https:\/\/erbel.eus\/fr\/wp-json\/wp\/v2\/tags?post=2252"}],"curies":[{"name":"wp","href":"https:\/\/api.w.org\/{rel}","templated":true}]}}