{"id":1870,"date":"2021-07-30T17:52:28","date_gmt":"2021-07-30T16:52:28","guid":{"rendered":"https:\/\/www.erbel.eus\/?p=1870"},"modified":"2021-09-15T09:53:14","modified_gmt":"2021-09-15T08:53:14","slug":"premiere-decouverte-dune-zone-de-congregation-dapis-mellifera-iberiensis","status":"publish","type":"post","link":"https:\/\/erbel.eus\/fr\/2021\/07\/30\/premiere-decouverte-dune-zone-de-congregation-dapis-mellifera-iberiensis\/","title":{"rendered":"Premi\u00e8re d\u00e9couverte d&rsquo;une zone de congr\u00e9gation d&rsquo;Apis mellifera iberiensis"},"content":{"rendered":"\n<p><strong>Egoitz Galartza Garaialde <\/strong><\/p>\n\n\n\n<p class=\"has-text-align-justify\">La strat\u00e9gie de reproduction de l&rsquo;abeille mellif\u00e8re est fascinante. La reine est la seule femelle f\u00e9cond\u00e9e qui produit toute la descendance de la colonie. Pendant la saison d&rsquo;essaimage, lorsque les conditions de la colonie et du terrain sont favorables, la colonie produit quelques dizaines de nouvelles reines, qui permettront \u00e0 la famille de se diviser en deux, trois ou m\u00eame quatre essaims.<\/p>\n\n\n\n<p class=\"has-text-align-justify\"> Le nombre de faux bourdons pr\u00e9sents dans la ruche augmente \u00e9galement peu avant l&rsquo;essaimage car plusieurs milliers d&rsquo;entre eux sont \u00e9lev\u00e9s. Une colonie de taille moyenne peut produire environ 5&nbsp;000 faux bourdons par saison, bien que la moiti\u00e9 d&rsquo;entre eux n&rsquo;atteignent pas la maturit\u00e9 sexuelle.<\/p>\n\n\n\n<p class=\"has-text-align-justify\">Chez les abeilles, la proportion femelles\/m\u00e2les des reproducteurs sexu\u00e9s est fauss\u00e9e. La colonie produit une ou deux reines vierges adultes pour 2&nbsp;000 faux bourdons matures par saison. Cela donne une id\u00e9e de l&rsquo;importance de la reine pour la colonie et de la d\u00e9pense d&rsquo;\u00e9nergie et de ressources investie pour son \u00e9levage.<\/p>\n\n\n\n<p class=\"has-text-align-justify\">La reine s&rsquo;accouple avec plusieurs faux bourdons (entre 12 et 24), en d&rsquo;autres termes, elle est polyandre. Pour leur part, les faux bourdons sont monogames, ne s&rsquo;accouplent qu&rsquo;une fois et meurent peu apr\u00e8s l&rsquo;accouplement.<\/p>\n\n\n\n<p class=\"has-text-align-justify\">De surcro\u00eet, les accouplements se d\u00e9roulent loin de la ruche, \u00e0 des centaines ou des milliers de m\u00e8tres de la colonie, et ont lieu en plein vol. La reine s&rsquo;accouple, au cours de vols nuptiaux, plusieurs fois le m\u00eame jour voire plusieurs jours de suite, jusqu&rsquo;\u00e0 ce que ses oviductes soient remplis de sperme.<\/p>\n\n\n\n<p><p align=\"justify\"><strong>Comment les faux bourdons et la reine se retrouvent-ils, aussi loin de la ruche?<\/strong><\/p><\/p>\n\n\n\n<p class=\"has-text-align-justify\">L&rsquo;accouplement a lieu dans la zone de congr\u00e9gation des faux bourdons (DCA, du sigle anglais), o\u00f9 des milliers de bourdons sexuellement matures se rassemblent et attendent l&rsquo;apparition de reines vierges. Ces zones gardent la m\u00eame localisation d&rsquo;une ann\u00e9e sur l&rsquo;autre et se forment sans avoir besoin de la pr\u00e9sence d&rsquo;une reine vierge. D&rsquo;une longueur entre 100 et 200&nbsp;m, la zone peut \u00eatre observ\u00e9e \u00e0 une hauteur variant de 5 \u00e0 40&nbsp;m. Les limites d&rsquo;une DCA sont g\u00e9n\u00e9ralement bien d\u00e9finies et les faux bourdons ne s&rsquo;en \u00e9cartent g\u00e9n\u00e9ralement pas. Il existe des couloirs a\u00e9riens utilis\u00e9s par les faux bourdons pour se rendre d&rsquo;un rucher \u00e0 une DCA. Il semble que les reines puissent aussi s&rsquo;accoupler dans ces couloirs.<\/p>\n\n\n\n<p class=\"has-text-align-justify\">En outre, le vol des faux bourdons et des reines d\u00e9pend des conditions m\u00e9t\u00e9orologiques. Une temp\u00e9rature sup\u00e9rieure \u00e0 18&nbsp;\u00b0C est ainsi requise pour les faux bourdons et d\u00e9passant 20&nbsp;\u00b0C pour les reines, avec une vitesse du vent inf\u00e9rieure \u00e0 20&nbsp;km\/h dans les deux cas, un ciel pas compl\u00e8tement couvert et sans pluie. Les vols ont g\u00e9n\u00e9ralement lieu l&rsquo;apr\u00e8s-midi, entre 13 et 18 heures.<\/p>\n\n\n\n<p class=\"has-text-align-justify\">Les faux bourdons pr\u00e9sents sur la DCA viennent g\u00e9n\u00e9ralement des colonies voisines, situ\u00e9es dans la plupart des cas \u00e0 une distance inf\u00e9rieure \u00e0 900 m. Leur principale motivation \u00e9tant d&rsquo;augmenter la probabilit\u00e9 de s&rsquo;accoupler avec une reine, ils restent le plus longtemps possible dans la DCA et le moins longtemps possible sur le chemin qui y m\u00e8ne. Ils passent g\u00e9n\u00e9ralement environ 25-30 minutes en vol : ils quittent la ruche, attendent la reine dans la DCA puis reviennent au nid. Apr\u00e8s s&rsquo;\u00eatre nourris de miel, ils s&rsquo;envolent \u00e0 nouveau. Ce man\u00e8ge est r\u00e9p\u00e9t\u00e9 5 \u00e0 6 fois par jour.<\/p>\n\n\n\n<p class=\"has-text-align-justify\"> Les reines ont \u00e9galement une port\u00e9e de vol d&rsquo;environ 25 minutes et ne choisissent g\u00e9n\u00e9ralement pas la DCA la plus proche mais une zone distante d\u2019environ 2 ou 3 km. L&rsquo;accouplement proprement dit ne dure pas plus de quelques minutes au total ; quelques secondes suffisent pour s&rsquo;accoupler avec le premier faux bourdon, apr\u00e8s lequel un deuxi\u00e8me rejoint la reine et ainsi de suite. Cependant, le trajet aller-retour \u00e0 la DCA peut durer de 10 \u00e0 15 minutes. Les reines effectuent g\u00e9n\u00e9ralement quelques vols pour s&rsquo;accoupler avec suffisamment de faux bourdons.<\/p>\n\n\n\n<p class=\"has-text-align-justify\">Les faux bourdons identifient les reines en suivant la piste de la ph\u00e9romone sexuelle 9-ODA (acide 9-oxo-2-d\u00e9c\u00e9no\u00efque). Ainsi, lorsqu&rsquo;une reine entre dans une DCA, les faux bourdons qui ont senti le 9-ODA la suivent par centaines, formant une com\u00e8te. Mais pour localiser la reine \u00e0 courte distance, les m\u00e2les, dot\u00e9s d&rsquo;\u00e9normes yeux, utilisent leur excellente vue.<\/p>\n\n\n\n<p class=\"has-text-align-justify\">Pourquoi les reines se risquent-elles \u00e0 passer autant de temps hors de la ruche&nbsp;? Il semble que ce soit pour \u00e9viter la consanguinit\u00e9 et pour augmenter la diversit\u00e9 g\u00e9n\u00e9tique. On d\u00e9nombre en g\u00e9n\u00e9ral plus de 10&nbsp;000 faux bourdons dans une DCA (car un nombre inf\u00e9rieur ne saurait stabiliser une DCA) et comme les reines et les m\u00e2les d&rsquo;une m\u00eame colonie ne partagent pas la m\u00eame zone, le risque d&rsquo;accouplement avec un faux bourdon apparent\u00e9 est tr\u00e8s faible. Cela augmente la r\u00e9sistance aux maladies et aux parasites et la production des ruches, deux raisons suffisante motivant le maintien d\u2019une bonne sant\u00e9 g\u00e9n\u00e9tique.<\/p>\n\n\n\n<p><strong>D\u00e9couverte d&rsquo;une DCA<\/strong><\/p>\n\n\n\n<p class=\"has-text-align-justify\"><p align=\"justify\">Jusqu&rsquo;\u00e0 pr\u00e9sent, aucune zone de rassemblement de faux bourdons Apis mellifera iberiensis n&rsquo;avait encore \u00e9t\u00e9 observ\u00e9e.<\/p><\/p>\n\n\n\n<p class=\"has-text-align-justify\"> Toutefois, en mai et juin 2021, une DCA utilis\u00e9e par les faux bourdons s\u00e9lectionn\u00e9s et \u00e9lev\u00e9s par l&rsquo;association a \u00e9t\u00e9 localis\u00e9e non loin de la station de f\u00e9condation d&rsquo;ERBEL.<\/p>\n\n\n\n<p class=\"has-text-align-justify\">Pour trouver la DCA, on a utilis\u00e9 un petit drone t\u00e9l\u00e9command\u00e9, avec un leurre simulant une reine attach\u00e9 au drone par une cordelette de 5 m et enduit de ph\u00e9romone mandibulaire de reine. Le drone a vol\u00e9 les jours ensoleill\u00e9s et sans vent, entre 15&nbsp;h et 18&nbsp;h.<\/p>\n\n\n\n<div class=\"wp-block-image\"><figure class=\"aligncenter size-large\"><img data-recalc-dims=\"1\" fetchpriority=\"high\" decoding=\"async\" width=\"1024\" height=\"683\" src=\"https:\/\/i0.wp.com\/www.erbel.eus\/wp-content\/uploads\/2021\/07\/2-min-1024x683.jpg?resize=1024%2C683&#038;ssl=1\" alt=\"\" class=\"wp-image-1858\" srcset=\"https:\/\/i0.wp.com\/erbel.eus\/wp-content\/uploads\/2021\/07\/2-min-scaled.jpg?resize=1024%2C683&amp;ssl=1 1024w, https:\/\/i0.wp.com\/erbel.eus\/wp-content\/uploads\/2021\/07\/2-min-scaled.jpg?resize=300%2C200&amp;ssl=1 300w, https:\/\/i0.wp.com\/erbel.eus\/wp-content\/uploads\/2021\/07\/2-min-scaled.jpg?resize=768%2C512&amp;ssl=1 768w, https:\/\/i0.wp.com\/erbel.eus\/wp-content\/uploads\/2021\/07\/2-min-scaled.jpg?resize=1536%2C1024&amp;ssl=1 1536w, https:\/\/i0.wp.com\/erbel.eus\/wp-content\/uploads\/2021\/07\/2-min-scaled.jpg?w=2048&amp;ssl=1 2048w\" sizes=\"(max-width: 1024px) 100vw, 1024px\" \/><\/figure><\/div>\n\n\n\n<p class=\"has-text-align-justify\"> La m\u00e9thode utilis\u00e9e a consist\u00e9 \u00e0 surveiller les zones pr\u00e9alablement rep\u00e9r\u00e9es sur une carte pour leur ad\u00e9quation \u00e9ventuelle : terrains sans pente, expos\u00e9s au sud, prot\u00e9g\u00e9s par des arbres ou des montagnes. En partant d&rsquo;un point, le drone et le leurre sont mont\u00e9s, tous les 5 m\u00e8tres, avec un arr\u00eat d&rsquo;environ 30 secondes pour voir si les faux bourdons apparaissaient. Une fois un point v\u00e9rifi\u00e9, le drone se d\u00e9pla\u00e7ait de quelques m\u00e8tres vers un autre point, jusqu&rsquo;\u00e0 couvrir l&rsquo;ensemble de la zone d\u00e9limit\u00e9e.<\/p>\n\n\n\n<p class=\"has-text-align-justify\"> Sur les 5 jours de contr\u00f4les sur la zone o\u00f9 la DCA avait \u00e9t\u00e9 localis\u00e9e, 4 ont permis de localiser des nuages de faux bourdons formant une com\u00e8te et suivant l&rsquo;app\u00e2t, et surtout le drone qui les attirait par la rotation de ses h\u00e9lices. Le jour o\u00f9 aucun faux bourdon n&rsquo;a \u00e9t\u00e9 trouv\u00e9, il est probable que, \u00e0 ce moment-l\u00e0, il n&rsquo;y avait pas assez de m\u00e2les pour former une DCA.<\/p>\n\n\n\n<p class=\"has-text-align-justify\">La DCA couvre environ 300&nbsp;m de long sur 50&nbsp;m de large, bien que sa taille varie et peut diminuer, comme cela a \u00e9t\u00e9 constat\u00e9 lors de certains contr\u00f4les. La hauteur \u00e0 laquelle les faux bourdons ont \u00e9t\u00e9 localis\u00e9s varie entre 20 et 35 m\u00e8tres.<\/p>\n\n\n\n<figure class=\"wp-block-embed-youtube aligncenter wp-block-embed is-type-video is-provider-youtube wp-embed-aspect-16-9 wp-has-aspect-ratio\"><div class=\"wp-block-embed__wrapper\">\n<iframe title=\"Erlamandoen biltzartokia\" width=\"1200\" height=\"675\" src=\"https:\/\/www.youtube.com\/embed\/FyE4ZurTuzA?feature=oembed\" frameborder=\"0\" allow=\"accelerometer; autoplay; clipboard-write; encrypted-media; gyroscope; picture-in-picture\" allowfullscreen><\/iframe>\n<\/div><\/figure>\n\n\n\n<p class=\"has-text-align-justify\">D&rsquo;autres zones plus \u00e9loign\u00e9es de la station ont \u00e9galement \u00e9t\u00e9 surveill\u00e9es pendant les essais. Des couloirs a\u00e9riens menant des ruchers \u00e0 la DCA ont \u00e9t\u00e9 identifi\u00e9s. Dans ces couloirs, quelques faux bourdons touchaient l&rsquo;app\u00e2t puis s&rsquo;en \u00e9loignaient, sans former de groupes ni cr\u00e9er de com\u00e8tes.<\/p>\n\n\n\n<p class=\"has-text-align-justify\">Cette d\u00e9couverte ouvre la possibilit\u00e9 de mener diff\u00e9rentes \u00e9tudes comportementales et g\u00e9n\u00e9tiques pour mieux comprendre les vols d&rsquo;accouplement des reines et des faux bourdons et pour pouvoir mieux contr\u00f4ler leur accouplement.<\/p>\n\n\n\n<p class=\"has-text-align-justify\">De plus, gr\u00e2ce aux analyses g\u00e9n\u00e9tiques qui seront effectu\u00e9es \u00e0 la station sur les reines f\u00e9cond\u00e9es, sur les colonies productrices de faux bourdons, sur les autres colonies pr\u00e9sentes dans la vall\u00e9e et sur les faux bourdons collect\u00e9s dans la DCA, nous pourrons v\u00e9rifier le taux de r\u00e9ussite de notre station d&rsquo;accouplement, c&rsquo;est-\u00e0-dire le pourcentage de nos reines qui se sont accoupl\u00e9es avec nos bourdons.<\/p>\n\n\n\n<p><strong>Remerciements.<\/strong><\/p>\n\n\n\n<p class=\"has-text-align-justify\">Ce travail a \u00e9t\u00e9 rendu possible gr\u00e2ce \u00e0 l&rsquo;aide pr\u00e9cieuse de Joakin Arratibel. Eskerrik asko!<\/p>\n","protected":false},"excerpt":{"rendered":"<p>La strat\u00e9gie de reproduction de l&rsquo;abeille mellif\u00e8re est fascinante. La reine est la seule femelle f\u00e9cond\u00e9e qui produit toute la descendance de la colonie. Pendant la saison d&rsquo;essaimage, lorsque les conditions de la colonie et du terrain sont favorables, la colonie produit quelques dizaines de nouvelles reines, qui permettront \u00e0 la famille de se diviser en deux, trois ou m\u00eame quatre essaims.<\/p>\n","protected":false},"author":2,"featured_media":1857,"comment_status":"open","ping_status":"open","sticky":false,"template":"","format":"standard","meta":{"_bbp_topic_count":0,"_bbp_reply_count":0,"_bbp_total_topic_count":0,"_bbp_total_reply_count":0,"_bbp_voice_count":0,"_bbp_anonymous_reply_count":0,"_bbp_topic_count_hidden":0,"_bbp_reply_count_hidden":0,"_bbp_forum_subforum_count":0,"_jetpack_memberships_contains_paid_content":false,"footnotes":""},"categories":[39],"tags":[],"class_list":["post-1870","post","type-post","status-publish","format-standard","has-post-thumbnail","hentry","category-nouvelles","masonry-post","generate-columns","tablet-grid-50","mobile-grid-100","grid-parent","grid-50"],"yoast_head":"<!-- This site is optimized with the Yoast SEO plugin v26.8 - https:\/\/yoast.com\/product\/yoast-seo-wordpress\/ -->\n<title>Premi\u00e8re d\u00e9couverte d&#039;une zone de congr\u00e9gation d&#039;Apis mellifera iberiensis &#8226; ERBEL<\/title>\n<meta name=\"robots\" content=\"index, follow, max-snippet:-1, max-image-preview:large, max-video-preview:-1\" \/>\n<link rel=\"canonical\" href=\"https:\/\/erbel.eus\/2021\/07\/30\/primer-hallazgo-de-un-area-de-congregacion-de-zanganos-de-apis-mellifera-iberiensis\/\" \/>\n<meta property=\"og:locale\" content=\"fr_FR\" \/>\n<meta property=\"og:type\" content=\"article\" \/>\n<meta property=\"og:title\" content=\"Premi\u00e8re d\u00e9couverte d&#039;une zone de congr\u00e9gation d&#039;Apis mellifera iberiensis &#8226; ERBEL\" \/>\n<meta property=\"og:description\" content=\"La strat\u00e9gie de reproduction de l&#039;abeille mellif\u00e8re est fascinante. La reine est la seule femelle f\u00e9cond\u00e9e qui produit toute la descendance de la colonie. Pendant la saison d&#039;essaimage, lorsque les conditions de la colonie et du terrain sont favorables, la colonie produit quelques dizaines de nouvelles reines, qui permettront \u00e0 la famille de se diviser en deux, trois ou m\u00eame quatre essaims.\" \/>\n<meta property=\"og:url\" content=\"https:\/\/erbel.eus\/2021\/07\/30\/primer-hallazgo-de-un-area-de-congregacion-de-zanganos-de-apis-mellifera-iberiensis\/\" \/>\n<meta property=\"og:site_name\" content=\"ERBEL\" \/>\n<meta property=\"article:published_time\" content=\"2021-07-30T16:52:28+00:00\" \/>\n<meta property=\"article:modified_time\" content=\"2021-09-15T08:53:14+00:00\" \/>\n<meta property=\"og:image\" content=\"https:\/\/i0.wp.com\/erbel.eus\/wp-content\/uploads\/2021\/07\/1-min.jpg?fit=2048%2C1364&ssl=1\" \/>\n\t<meta property=\"og:image:width\" content=\"2048\" \/>\n\t<meta property=\"og:image:height\" content=\"1364\" \/>\n\t<meta property=\"og:image:type\" content=\"image\/jpeg\" \/>\n<meta name=\"author\" content=\"Egoitz Galartza\" \/>\n<meta name=\"twitter:card\" content=\"summary_large_image\" \/>\n<meta name=\"twitter:label1\" content=\"\u00c9crit par\" \/>\n\t<meta name=\"twitter:data1\" content=\"Egoitz Galartza\" \/>\n\t<meta name=\"twitter:label2\" content=\"Dur\u00e9e de lecture estim\u00e9e\" \/>\n\t<meta name=\"twitter:data2\" content=\"7 minutes\" \/>\n<script type=\"application\/ld+json\" class=\"yoast-schema-graph\">{\"@context\":\"https:\/\/schema.org\",\"@graph\":[{\"@type\":\"Article\",\"@id\":\"https:\/\/erbel.eus\/2021\/07\/30\/primer-hallazgo-de-un-area-de-congregacion-de-zanganos-de-apis-mellifera-iberiensis\/#article\",\"isPartOf\":{\"@id\":\"https:\/\/erbel.eus\/2021\/07\/30\/primer-hallazgo-de-un-area-de-congregacion-de-zanganos-de-apis-mellifera-iberiensis\/\"},\"author\":{\"name\":\"Egoitz Galartza\",\"@id\":\"https:\/\/erbel.eus\/#\/schema\/person\/ff2d1eacc8825f0e87a0d04848349a7c\"},\"headline\":\"Premi\u00e8re d\u00e9couverte d&rsquo;une zone de congr\u00e9gation d&rsquo;Apis mellifera iberiensis\",\"datePublished\":\"2021-07-30T16:52:28+00:00\",\"dateModified\":\"2021-09-15T08:53:14+00:00\",\"mainEntityOfPage\":{\"@id\":\"https:\/\/erbel.eus\/2021\/07\/30\/primer-hallazgo-de-un-area-de-congregacion-de-zanganos-de-apis-mellifera-iberiensis\/\"},\"wordCount\":1427,\"commentCount\":0,\"publisher\":{\"@id\":\"https:\/\/erbel.eus\/#organization\"},\"image\":{\"@id\":\"https:\/\/erbel.eus\/2021\/07\/30\/primer-hallazgo-de-un-area-de-congregacion-de-zanganos-de-apis-mellifera-iberiensis\/#primaryimage\"},\"thumbnailUrl\":\"https:\/\/i0.wp.com\/erbel.eus\/wp-content\/uploads\/2021\/07\/1-min.jpg?fit=2048%2C1364&ssl=1\",\"articleSection\":[\"nouvelles\"],\"inLanguage\":\"fr-FR\",\"potentialAction\":[{\"@type\":\"CommentAction\",\"name\":\"Comment\",\"target\":[\"https:\/\/erbel.eus\/2021\/07\/30\/primer-hallazgo-de-un-area-de-congregacion-de-zanganos-de-apis-mellifera-iberiensis\/#respond\"]}]},{\"@type\":\"WebPage\",\"@id\":\"https:\/\/erbel.eus\/2021\/07\/30\/primer-hallazgo-de-un-area-de-congregacion-de-zanganos-de-apis-mellifera-iberiensis\/\",\"url\":\"https:\/\/erbel.eus\/2021\/07\/30\/primer-hallazgo-de-un-area-de-congregacion-de-zanganos-de-apis-mellifera-iberiensis\/\",\"name\":\"Premi\u00e8re d\u00e9couverte d'une zone de congr\u00e9gation d'Apis mellifera iberiensis &#8226; ERBEL\",\"isPartOf\":{\"@id\":\"https:\/\/erbel.eus\/#website\"},\"primaryImageOfPage\":{\"@id\":\"https:\/\/erbel.eus\/2021\/07\/30\/primer-hallazgo-de-un-area-de-congregacion-de-zanganos-de-apis-mellifera-iberiensis\/#primaryimage\"},\"image\":{\"@id\":\"https:\/\/erbel.eus\/2021\/07\/30\/primer-hallazgo-de-un-area-de-congregacion-de-zanganos-de-apis-mellifera-iberiensis\/#primaryimage\"},\"thumbnailUrl\":\"https:\/\/i0.wp.com\/erbel.eus\/wp-content\/uploads\/2021\/07\/1-min.jpg?fit=2048%2C1364&ssl=1\",\"datePublished\":\"2021-07-30T16:52:28+00:00\",\"dateModified\":\"2021-09-15T08:53:14+00:00\",\"breadcrumb\":{\"@id\":\"https:\/\/erbel.eus\/2021\/07\/30\/primer-hallazgo-de-un-area-de-congregacion-de-zanganos-de-apis-mellifera-iberiensis\/#breadcrumb\"},\"inLanguage\":\"fr-FR\",\"potentialAction\":[{\"@type\":\"ReadAction\",\"target\":[\"https:\/\/erbel.eus\/2021\/07\/30\/primer-hallazgo-de-un-area-de-congregacion-de-zanganos-de-apis-mellifera-iberiensis\/\"]}]},{\"@type\":\"ImageObject\",\"inLanguage\":\"fr-FR\",\"@id\":\"https:\/\/erbel.eus\/2021\/07\/30\/primer-hallazgo-de-un-area-de-congregacion-de-zanganos-de-apis-mellifera-iberiensis\/#primaryimage\",\"url\":\"https:\/\/i0.wp.com\/erbel.eus\/wp-content\/uploads\/2021\/07\/1-min.jpg?fit=2048%2C1364&ssl=1\",\"contentUrl\":\"https:\/\/i0.wp.com\/erbel.eus\/wp-content\/uploads\/2021\/07\/1-min.jpg?fit=2048%2C1364&ssl=1\",\"width\":2048,\"height\":1364},{\"@type\":\"BreadcrumbList\",\"@id\":\"https:\/\/erbel.eus\/2021\/07\/30\/primer-hallazgo-de-un-area-de-congregacion-de-zanganos-de-apis-mellifera-iberiensis\/#breadcrumb\",\"itemListElement\":[{\"@type\":\"ListItem\",\"position\":1,\"name\":\"Home\",\"item\":\"https:\/\/erbel.eus\/\"},{\"@type\":\"ListItem\",\"position\":2,\"name\":\"Premi\u00e8re d\u00e9couverte d&#8217;une zone de congr\u00e9gation d&#8217;Apis mellifera iberiensis\"}]},{\"@type\":\"WebSite\",\"@id\":\"https:\/\/erbel.eus\/#website\",\"url\":\"https:\/\/erbel.eus\/\",\"name\":\"ERBEL\",\"description\":\" Erle Beltz Hazleen Elkartea - Asociacion de criadores de abeja Erle Beltza - Association d&#039;eleveurs d&#039;abeilles Erle Beltza\",\"publisher\":{\"@id\":\"https:\/\/erbel.eus\/#organization\"},\"potentialAction\":[{\"@type\":\"SearchAction\",\"target\":{\"@type\":\"EntryPoint\",\"urlTemplate\":\"https:\/\/erbel.eus\/?s={search_term_string}\"},\"query-input\":{\"@type\":\"PropertyValueSpecification\",\"valueRequired\":true,\"valueName\":\"search_term_string\"}}],\"inLanguage\":\"fr-FR\"},{\"@type\":\"Organization\",\"@id\":\"https:\/\/erbel.eus\/#organization\",\"name\":\"ERBEL Erle Beltza Hazleen Elkartea\",\"url\":\"https:\/\/erbel.eus\/\",\"logo\":{\"@type\":\"ImageObject\",\"inLanguage\":\"fr-FR\",\"@id\":\"https:\/\/erbel.eus\/#\/schema\/logo\/image\/\",\"url\":\"https:\/\/i0.wp.com\/erbel.eus\/wp-content\/uploads\/2019\/05\/erbel_erleak_denak-beltz.png?fit=300%2C316&ssl=1\",\"contentUrl\":\"https:\/\/i0.wp.com\/erbel.eus\/wp-content\/uploads\/2019\/05\/erbel_erleak_denak-beltz.png?fit=300%2C316&ssl=1\",\"width\":300,\"height\":316,\"caption\":\"ERBEL Erle Beltza Hazleen Elkartea\"},\"image\":{\"@id\":\"https:\/\/erbel.eus\/#\/schema\/logo\/image\/\"},\"sameAs\":[\"https:\/\/www.youtube.com\/channel\/UCNkgIS3GnpMESbnykKUIqgw\"]},{\"@type\":\"Person\",\"@id\":\"https:\/\/erbel.eus\/#\/schema\/person\/ff2d1eacc8825f0e87a0d04848349a7c\",\"name\":\"Egoitz Galartza\",\"image\":{\"@type\":\"ImageObject\",\"inLanguage\":\"fr-FR\",\"@id\":\"https:\/\/erbel.eus\/#\/schema\/person\/image\/\",\"url\":\"\/\/www.gravatar.com\/avatar\/2b6f40c945cfbd3dfdb8ec528a7534d9?s=96&#038;r=g&#038;d=mm\",\"contentUrl\":\"\/\/www.gravatar.com\/avatar\/2b6f40c945cfbd3dfdb8ec528a7534d9?s=96&#038;r=g&#038;d=mm\",\"caption\":\"Egoitz Galartza\"}}]}<\/script>\n<!-- \/ Yoast SEO plugin. -->","yoast_head_json":{"title":"Premi\u00e8re d\u00e9couverte d'une zone de congr\u00e9gation d'Apis mellifera iberiensis &#8226; ERBEL","robots":{"index":"index","follow":"follow","max-snippet":"max-snippet:-1","max-image-preview":"max-image-preview:large","max-video-preview":"max-video-preview:-1"},"canonical":"https:\/\/erbel.eus\/2021\/07\/30\/primer-hallazgo-de-un-area-de-congregacion-de-zanganos-de-apis-mellifera-iberiensis\/","og_locale":"fr_FR","og_type":"article","og_title":"Premi\u00e8re d\u00e9couverte d'une zone de congr\u00e9gation d'Apis mellifera iberiensis &#8226; ERBEL","og_description":"La strat\u00e9gie de reproduction de l'abeille mellif\u00e8re est fascinante. La reine est la seule femelle f\u00e9cond\u00e9e qui produit toute la descendance de la colonie. Pendant la saison d'essaimage, lorsque les conditions de la colonie et du terrain sont favorables, la colonie produit quelques dizaines de nouvelles reines, qui permettront \u00e0 la famille de se diviser en deux, trois ou m\u00eame quatre essaims.","og_url":"https:\/\/erbel.eus\/2021\/07\/30\/primer-hallazgo-de-un-area-de-congregacion-de-zanganos-de-apis-mellifera-iberiensis\/","og_site_name":"ERBEL","article_published_time":"2021-07-30T16:52:28+00:00","article_modified_time":"2021-09-15T08:53:14+00:00","og_image":[{"width":2048,"height":1364,"url":"https:\/\/i0.wp.com\/erbel.eus\/wp-content\/uploads\/2021\/07\/1-min.jpg?fit=2048%2C1364&ssl=1","type":"image\/jpeg"}],"author":"Egoitz Galartza","twitter_card":"summary_large_image","twitter_misc":{"\u00c9crit par":"Egoitz Galartza","Dur\u00e9e de lecture estim\u00e9e":"7 minutes"},"schema":{"@context":"https:\/\/schema.org","@graph":[{"@type":"Article","@id":"https:\/\/erbel.eus\/2021\/07\/30\/primer-hallazgo-de-un-area-de-congregacion-de-zanganos-de-apis-mellifera-iberiensis\/#article","isPartOf":{"@id":"https:\/\/erbel.eus\/2021\/07\/30\/primer-hallazgo-de-un-area-de-congregacion-de-zanganos-de-apis-mellifera-iberiensis\/"},"author":{"name":"Egoitz Galartza","@id":"https:\/\/erbel.eus\/#\/schema\/person\/ff2d1eacc8825f0e87a0d04848349a7c"},"headline":"Premi\u00e8re d\u00e9couverte d&rsquo;une zone de congr\u00e9gation d&rsquo;Apis mellifera iberiensis","datePublished":"2021-07-30T16:52:28+00:00","dateModified":"2021-09-15T08:53:14+00:00","mainEntityOfPage":{"@id":"https:\/\/erbel.eus\/2021\/07\/30\/primer-hallazgo-de-un-area-de-congregacion-de-zanganos-de-apis-mellifera-iberiensis\/"},"wordCount":1427,"commentCount":0,"publisher":{"@id":"https:\/\/erbel.eus\/#organization"},"image":{"@id":"https:\/\/erbel.eus\/2021\/07\/30\/primer-hallazgo-de-un-area-de-congregacion-de-zanganos-de-apis-mellifera-iberiensis\/#primaryimage"},"thumbnailUrl":"https:\/\/i0.wp.com\/erbel.eus\/wp-content\/uploads\/2021\/07\/1-min.jpg?fit=2048%2C1364&ssl=1","articleSection":["nouvelles"],"inLanguage":"fr-FR","potentialAction":[{"@type":"CommentAction","name":"Comment","target":["https:\/\/erbel.eus\/2021\/07\/30\/primer-hallazgo-de-un-area-de-congregacion-de-zanganos-de-apis-mellifera-iberiensis\/#respond"]}]},{"@type":"WebPage","@id":"https:\/\/erbel.eus\/2021\/07\/30\/primer-hallazgo-de-un-area-de-congregacion-de-zanganos-de-apis-mellifera-iberiensis\/","url":"https:\/\/erbel.eus\/2021\/07\/30\/primer-hallazgo-de-un-area-de-congregacion-de-zanganos-de-apis-mellifera-iberiensis\/","name":"Premi\u00e8re d\u00e9couverte d'une zone de congr\u00e9gation d'Apis mellifera iberiensis &#8226; ERBEL","isPartOf":{"@id":"https:\/\/erbel.eus\/#website"},"primaryImageOfPage":{"@id":"https:\/\/erbel.eus\/2021\/07\/30\/primer-hallazgo-de-un-area-de-congregacion-de-zanganos-de-apis-mellifera-iberiensis\/#primaryimage"},"image":{"@id":"https:\/\/erbel.eus\/2021\/07\/30\/primer-hallazgo-de-un-area-de-congregacion-de-zanganos-de-apis-mellifera-iberiensis\/#primaryimage"},"thumbnailUrl":"https:\/\/i0.wp.com\/erbel.eus\/wp-content\/uploads\/2021\/07\/1-min.jpg?fit=2048%2C1364&ssl=1","datePublished":"2021-07-30T16:52:28+00:00","dateModified":"2021-09-15T08:53:14+00:00","breadcrumb":{"@id":"https:\/\/erbel.eus\/2021\/07\/30\/primer-hallazgo-de-un-area-de-congregacion-de-zanganos-de-apis-mellifera-iberiensis\/#breadcrumb"},"inLanguage":"fr-FR","potentialAction":[{"@type":"ReadAction","target":["https:\/\/erbel.eus\/2021\/07\/30\/primer-hallazgo-de-un-area-de-congregacion-de-zanganos-de-apis-mellifera-iberiensis\/"]}]},{"@type":"ImageObject","inLanguage":"fr-FR","@id":"https:\/\/erbel.eus\/2021\/07\/30\/primer-hallazgo-de-un-area-de-congregacion-de-zanganos-de-apis-mellifera-iberiensis\/#primaryimage","url":"https:\/\/i0.wp.com\/erbel.eus\/wp-content\/uploads\/2021\/07\/1-min.jpg?fit=2048%2C1364&ssl=1","contentUrl":"https:\/\/i0.wp.com\/erbel.eus\/wp-content\/uploads\/2021\/07\/1-min.jpg?fit=2048%2C1364&ssl=1","width":2048,"height":1364},{"@type":"BreadcrumbList","@id":"https:\/\/erbel.eus\/2021\/07\/30\/primer-hallazgo-de-un-area-de-congregacion-de-zanganos-de-apis-mellifera-iberiensis\/#breadcrumb","itemListElement":[{"@type":"ListItem","position":1,"name":"Home","item":"https:\/\/erbel.eus\/"},{"@type":"ListItem","position":2,"name":"Premi\u00e8re d\u00e9couverte d&#8217;une zone de congr\u00e9gation d&#8217;Apis mellifera iberiensis"}]},{"@type":"WebSite","@id":"https:\/\/erbel.eus\/#website","url":"https:\/\/erbel.eus\/","name":"ERBEL","description":" Erle Beltz Hazleen Elkartea - Asociacion de criadores de abeja Erle Beltza - Association d&#039;eleveurs d&#039;abeilles Erle Beltza","publisher":{"@id":"https:\/\/erbel.eus\/#organization"},"potentialAction":[{"@type":"SearchAction","target":{"@type":"EntryPoint","urlTemplate":"https:\/\/erbel.eus\/?s={search_term_string}"},"query-input":{"@type":"PropertyValueSpecification","valueRequired":true,"valueName":"search_term_string"}}],"inLanguage":"fr-FR"},{"@type":"Organization","@id":"https:\/\/erbel.eus\/#organization","name":"ERBEL Erle Beltza Hazleen Elkartea","url":"https:\/\/erbel.eus\/","logo":{"@type":"ImageObject","inLanguage":"fr-FR","@id":"https:\/\/erbel.eus\/#\/schema\/logo\/image\/","url":"https:\/\/i0.wp.com\/erbel.eus\/wp-content\/uploads\/2019\/05\/erbel_erleak_denak-beltz.png?fit=300%2C316&ssl=1","contentUrl":"https:\/\/i0.wp.com\/erbel.eus\/wp-content\/uploads\/2019\/05\/erbel_erleak_denak-beltz.png?fit=300%2C316&ssl=1","width":300,"height":316,"caption":"ERBEL Erle Beltza Hazleen Elkartea"},"image":{"@id":"https:\/\/erbel.eus\/#\/schema\/logo\/image\/"},"sameAs":["https:\/\/www.youtube.com\/channel\/UCNkgIS3GnpMESbnykKUIqgw"]},{"@type":"Person","@id":"https:\/\/erbel.eus\/#\/schema\/person\/ff2d1eacc8825f0e87a0d04848349a7c","name":"Egoitz Galartza","image":{"@type":"ImageObject","inLanguage":"fr-FR","@id":"https:\/\/erbel.eus\/#\/schema\/person\/image\/","url":"\/\/www.gravatar.com\/avatar\/2b6f40c945cfbd3dfdb8ec528a7534d9?s=96&#038;r=g&#038;d=mm","contentUrl":"\/\/www.gravatar.com\/avatar\/2b6f40c945cfbd3dfdb8ec528a7534d9?s=96&#038;r=g&#038;d=mm","caption":"Egoitz Galartza"}}]}},"jetpack_featured_media_url":"https:\/\/i0.wp.com\/erbel.eus\/wp-content\/uploads\/2021\/07\/1-min.jpg?fit=2048%2C1364&ssl=1","jetpack_sharing_enabled":true,"_links":{"self":[{"href":"https:\/\/erbel.eus\/fr\/wp-json\/wp\/v2\/posts\/1870","targetHints":{"allow":["GET"]}}],"collection":[{"href":"https:\/\/erbel.eus\/fr\/wp-json\/wp\/v2\/posts"}],"about":[{"href":"https:\/\/erbel.eus\/fr\/wp-json\/wp\/v2\/types\/post"}],"author":[{"embeddable":true,"href":"https:\/\/erbel.eus\/fr\/wp-json\/wp\/v2\/users\/2"}],"replies":[{"embeddable":true,"href":"https:\/\/erbel.eus\/fr\/wp-json\/wp\/v2\/comments?post=1870"}],"version-history":[{"count":5,"href":"https:\/\/erbel.eus\/fr\/wp-json\/wp\/v2\/posts\/1870\/revisions"}],"predecessor-version":[{"id":1891,"href":"https:\/\/erbel.eus\/fr\/wp-json\/wp\/v2\/posts\/1870\/revisions\/1891"}],"wp:featuredmedia":[{"embeddable":true,"href":"https:\/\/erbel.eus\/fr\/wp-json\/wp\/v2\/media\/1857"}],"wp:attachment":[{"href":"https:\/\/erbel.eus\/fr\/wp-json\/wp\/v2\/media?parent=1870"}],"wp:term":[{"taxonomy":"category","embeddable":true,"href":"https:\/\/erbel.eus\/fr\/wp-json\/wp\/v2\/categories?post=1870"},{"taxonomy":"post_tag","embeddable":true,"href":"https:\/\/erbel.eus\/fr\/wp-json\/wp\/v2\/tags?post=1870"}],"curies":[{"name":"wp","href":"https:\/\/api.w.org\/{rel}","templated":true}]}}