{"id":1847,"date":"2021-04-22T10:32:39","date_gmt":"2021-04-22T09:32:39","guid":{"rendered":"https:\/\/www.erbel.eus\/2021\/04\/22\/selection-dabeilles-resistantes-au-varroa\/"},"modified":"2021-09-15T10:01:48","modified_gmt":"2021-09-15T09:01:48","slug":"selection-dabeilles-resistantes-au-varroa","status":"publish","type":"post","link":"https:\/\/erbel.eus\/fr\/2021\/04\/22\/selection-dabeilles-resistantes-au-varroa\/","title":{"rendered":"S\u00e9lection d&rsquo;abeilles r\u00e9sistantes au varroa"},"content":{"rendered":"\n<p class=\"has-text-align-justify\"><strong>Egoitz Galartza Garaialde <\/strong><\/p>\n\n\n\n<p class=\"has-text-align-justify\">L&rsquo;un des principaux probl\u00e8mes frappant l&rsquo;apiculture est d\u00fb \u00e0 l&rsquo;acarien <em>Varroa destructor<\/em> et aux virus qu&rsquo;il transmet : esp\u00e9rance de vie \u00e9court\u00e9e des abeilles parasit\u00e9es, diminution de la capacit\u00e9 de butinage de la colonie, augmentation de la mortalit\u00e9 des butineuses, le tout d\u00e9bouchant sur un stress nutritionnel qui bloque le remplacement normal des plus \u00e2g\u00e9es par des abeilles plus jeunes et bien aliment\u00e9es. Cela provoque, \u00e0 terme, une diminution de la population puis l&rsquo;effondrement de la colonie. La combinaison insidieuse et interactive d&rsquo;une mauvaise nutrition, de la varroase et de virus peut entra\u00eener la mort d&rsquo;une colonie. Et r\u00e9soudre un seul de ces probl\u00e8mes ne suffit pas forc\u00e9ment \u00e0 r\u00e9gler les autres. La courte survie des abeilles stress\u00e9es par la varroase et par une mauvaise nutrition acc\u00e9l\u00e8re le d\u00e9clin naturel de la colonie.<\/p>\n\n\n\n<p class=\"has-text-align-justify\">En outre, le probl\u00e8me du varroa est aggrav\u00e9 par la faible efficacit\u00e9 des traitements chimiques et de la m\u00e9thode employ\u00e9e pour lutter contre ce parasite. L&rsquo;acarien est devenu r\u00e9sistant aux mol\u00e9cules massivement utilis\u00e9es des ann\u00e9es durant, ce qui prive actuellement l&rsquo;apiculteur de toute solution efficace.<\/p>\n\n\n\n<p class=\"has-text-align-justify\">Toutefois, l&rsquo;observation de l&rsquo;abeille <em>Apis cerana<\/em>, h\u00f4te naturel du varroa, permet de constater, chez elle, l&rsquo;existence de plusieurs m\u00e9canismes de d\u00e9fense contre l&rsquo;acarien qui permettent sa coexistence avec le parasite&nbsp;:<\/p>\n\n\n\n<ul class=\"wp-block-list\"><li>La reproduction du varroa est strictement saisonni\u00e8re, quand il y a des faux bourdons.<\/li><li>Le couvain parasit\u00e9 est supprim\u00e9.<\/li><li>Les abeilles font preuve d&rsquo;un comportement marqu\u00e9 de nettoyage (grooming).<\/li><li>Si les colonies sont excessivement atteintes, les ouvri\u00e8res essaiment avec la reine et abandonnent le couvain infest\u00e9.<\/li><\/ul>\n\n\n\n<p class=\"has-text-align-justify\">Par ailleurs, on conna\u00eet l&rsquo;existence de populations d&rsquo;abeilles mellif\u00e8res survivantes dans de nombreuses r\u00e9gions qui n&rsquo;ont pas \u00e9t\u00e9 trait\u00e9es au long cours. Ce sont donc des populations r\u00e9sistantes. Les plus connues sont celles de Gotland (Su\u00e8de), Avignon (France) , Arnot Forest (USA) et Primorsky (Russie).<\/p>\n\n\n\n<figure class=\"wp-block-image alignwide size-large\"><img data-recalc-dims=\"1\" fetchpriority=\"high\" decoding=\"async\" width=\"1024\" height=\"683\" src=\"https:\/\/i0.wp.com\/www.erbel.eus\/wp-content\/uploads\/2021\/04\/DSC_1085-min-1024x683.jpg?resize=1024%2C683&#038;ssl=1\" alt=\"\" class=\"wp-image-1808\" srcset=\"https:\/\/i0.wp.com\/erbel.eus\/wp-content\/uploads\/2021\/04\/DSC_1085-min-scaled.jpg?resize=1024%2C683&amp;ssl=1 1024w, https:\/\/i0.wp.com\/erbel.eus\/wp-content\/uploads\/2021\/04\/DSC_1085-min-scaled.jpg?resize=300%2C200&amp;ssl=1 300w, https:\/\/i0.wp.com\/erbel.eus\/wp-content\/uploads\/2021\/04\/DSC_1085-min-scaled.jpg?resize=768%2C512&amp;ssl=1 768w, https:\/\/i0.wp.com\/erbel.eus\/wp-content\/uploads\/2021\/04\/DSC_1085-min-scaled.jpg?resize=1536%2C1024&amp;ssl=1 1536w, https:\/\/i0.wp.com\/erbel.eus\/wp-content\/uploads\/2021\/04\/DSC_1085-min-scaled.jpg?w=2048&amp;ssl=1 2048w\" sizes=\"(max-width: 1024px) 100vw, 1024px\" \/><\/figure>\n\n\n\n<p><strong>Comment peut-on obtenir une r\u00e9sistance \u00e0 la varroase?<\/strong><\/p>\n\n\n\n<p class=\"has-text-align-justify\">En premier lieu, citons la survie naturelle des abeilles, par exemple quand les apiculteurs cessent de traiter ou sur les populations non g\u00e9r\u00e9es. Les colonies survivantes sont celles qui se propagent et se reproduisent tandis que les colonies non r\u00e9sistantes disparaissent. Dans ce cas, c&rsquo;est la s\u00e9lection naturelle qui est \u00e0 l&rsquo;\u0153uvre.<\/p>\n\n\n\n<p class=\"has-text-align-justify\">En second lieu, il existe l&rsquo;\u00e9levage s\u00e9lectif, o\u00f9 l&rsquo;\u00e9leveur \u00e9value les crit\u00e8res de r\u00e9sistance \u00e0 la varroase en parall\u00e8le aux caract\u00e8res relatifs au rendement apicole (production de miel, docilit\u00e9, etc.). \u00c0 l&rsquo;issue de cette \u00e9valuation, il d\u00e9cide laquelle des reines va donner naissance \u00e0 la g\u00e9n\u00e9ration suivante. On d\u00e9nombre plusieurs programmes de s\u00e9lection incluant la r\u00e9sistance \u00e0 la varroase parmi les caract\u00e8res de s\u00e9lection, comme Baton Rouge Bee Lab aux USA, Arista Bee Research (international) et Arbeitsgemeinschaft Toleranzzucht (AGT) en Allemagne.<\/p>\n\n\n\n<p class=\"has-text-align-justify\">Dans le cas de la s\u00e9lection naturelle, il est possible que les colonies qui se reproduisent le mieux et donc celles qui survivent le mieux, soient aussi les moins productives, les plus agressives et les plus enclines \u00e0 essaimer, car ces caract\u00e8res n&rsquo;entretiennent pas de rapport favorable avec le processus de s\u00e9lection. Qui plus est, sachant que les colonies les plus enclines \u00e0 essaimer pr\u00e9sentent moins d&rsquo;infestation au varroa, il est tr\u00e8s probable que les populations survivent parce qu&rsquo;elles essaiment beaucoup. Cependant, pour les colonies \u00e9lev\u00e9es dans le cadre d&rsquo;un programme de s\u00e9lection, il faut tenir compte, outre de la r\u00e9sistance \u00e0 la varroase, de la production de miel et du comportement pour obtenir des abeilles utiles \u00e0 l&rsquo;apiculteur.<\/p>\n\n\n\n<p><strong>Comment la r\u00e9sistance \u00e0 varroa se mesure-t-elle?<\/strong><\/p>\n\n\n\n<p class=\"has-text-align-justify\">\u00c9tant donn\u00e9 qu&rsquo;il est difficile, voire impossible, de mesurer la survie des colonies, les \u00e9carts entre les niveaux d&rsquo;infestation des acariens et les tests de traits comportementaux sp\u00e9cifiques sont employ\u00e9s pour la reproduction s\u00e9lective de la r\u00e9sistance \u00e0 varroa&nbsp;: \u00e9limination du couvain infest\u00e9, r\u00e9operculation du couvain (REC) et inhibition de la reproduction des acariens (SMR).<\/p>\n\n\n\n<p class=\"has-text-align-justify\"><strong>\u00c9limination du couvain infest\u00e9: <\/strong>C&rsquo;est la capacit\u00e9 des abeilles ouvri\u00e8res \u00e0 d\u00e9tecter les pupes mortes ou endommag\u00e9es et \u00e0 les extraire de leur cellule. Le test de l&rsquo;\u00e9pingle, qui sert \u00e0 mesurer ce caract\u00e8re, est inclus dans le programme d&rsquo;\u00e9levage d&rsquo;ERBEL.<\/p>\n\n\n\n<p class=\"has-text-align-justify\"><strong>Inhibition de la reproduction des acariens (SMR):<\/strong> Ce caract\u00e8re d\u00e9pend de m\u00e9canismes h\u00e9r\u00e9ditaires. La premi\u00e8re variante consiste en la d\u00e9tection, la d\u00e9soperculation et l&rsquo;\u00e9limination du couvain parasit\u00e9 (VSH ou comportement hygi\u00e9nique sensible au varroa) et la seconde est la r\u00e9operculation (REC), lorsque les ouvri\u00e8res ouvrent les cellules parasit\u00e9es et les referment sans en extraire l&rsquo;acarien.<\/p>\n\n\n\n<p class=\"has-text-align-justify\"><strong>Dynamique de la population de varroa:<\/strong> C&rsquo;est un autre indicateur de r\u00e9sistance tr\u00e8s important. Il est mesur\u00e9 par la diminution naturelle des acariens au printemps, suivi d&rsquo;autres prises de mesures de la pr\u00e9sence d&rsquo;acariens chez l&rsquo;abeille adulte en \u00e9t\u00e9, par la m\u00e9thode du sucre glace. Les colonies pr\u00e9sentant le taux le plus faible de croissance d&rsquo;acariens sont choisies comme reproductrices. Ce test est \u00e9galement inclus au programme d&rsquo;\u00e9levage d&rsquo;ERBEL.<\/p>\n\n\n\n<div class=\"wp-block-image\"><figure class=\"aligncenter size-large\"><img data-recalc-dims=\"1\" decoding=\"async\" width=\"736\" height=\"1024\" src=\"https:\/\/i0.wp.com\/www.erbel.eus\/wp-content\/uploads\/2021\/04\/insects-11-00873-g001-min-736x1024.png?resize=736%2C1024&#038;ssl=1\" alt=\"\" class=\"wp-image-1800\" srcset=\"https:\/\/i0.wp.com\/erbel.eus\/wp-content\/uploads\/2021\/04\/insects-11-00873-g001-min.png?resize=736%2C1024&amp;ssl=1 736w, https:\/\/i0.wp.com\/erbel.eus\/wp-content\/uploads\/2021\/04\/insects-11-00873-g001-min.png?resize=216%2C300&amp;ssl=1 216w, https:\/\/i0.wp.com\/erbel.eus\/wp-content\/uploads\/2021\/04\/insects-11-00873-g001-min.png?resize=768%2C1068&amp;ssl=1 768w, https:\/\/i0.wp.com\/erbel.eus\/wp-content\/uploads\/2021\/04\/insects-11-00873-g001-min.png?resize=1105%2C1536&amp;ssl=1 1105w, https:\/\/i0.wp.com\/erbel.eus\/wp-content\/uploads\/2021\/04\/insects-11-00873-g001-min.png?resize=1473%2C2048&amp;ssl=1 1473w\" sizes=\"(max-width: 736px) 100vw, 736px\" \/><\/figure><\/div>\n\n\n\n<p><strong>Est-il possible de s\u00e9lectionner des abeilles r\u00e9sistantes au varroa?<\/strong><\/p>\n\n\n\n<p class=\"has-text-align-justify\">L&rsquo;\u00e9tude \u00abEvaluation of traits for the selection of <em>Apis mellifera<\/em> for resistance against <em>Varroa destructor<\/em>\u00bb, explore le rapport entre les diff\u00e9rents caract\u00e8res de r\u00e9sistance utilis\u00e9s pour la s\u00e9lection et leurs effets sur le d\u00e9veloppement des acariens. Les r\u00e9sultats sugg\u00e8rent que le taux d&rsquo;infestation des abeilles en \u00e9t\u00e9, associ\u00e9 \u00e0 l&rsquo;\u00e9limination du couvain infest\u00e9 et \u00e0 la r\u00e9operculation sont des crit\u00e8res utiles et caract\u00e9ristiques permettant de r\u00e9aliser une s\u00e9lection de la r\u00e9sistance au varroa car ces caract\u00e8res d\u00e9pendent g\u00e9n\u00e9ralement de param\u00e8tres g\u00e9n\u00e9tiques alors que le SMR est moins fiable parce qu&rsquo;il est influenc\u00e9 par les effets environnementaux, par une variation saisonni\u00e8re et qu&rsquo;il demande un gros travail.<\/p>\n\n\n\n<p class=\"has-text-align-justify\">Par ailleurs, les r\u00e9sultats de l&rsquo;\u00e9tude europ\u00e9enne sur les abeilles la plus ambitieuse \u00e0 ce jour viennent d&rsquo;\u00eatre publi\u00e9s: EurBeST (<a href=\"https:\/\/eurbest.eu\/\">https:\/\/eurbest.eu\/<\/a>). Les auteurs ont compar\u00e9, d&rsquo;une part, des populations d&rsquo;abeilles pr\u00e9sentant certains caract\u00e8res r\u00e9sistants au varroa, en incluant \u00e0 la fois des populations s\u00e9lectionn\u00e9es naturellement et des populations issues de programmes de s\u00e9lection et pr\u00e9sentant des traits notoires de r\u00e9sistance, comme l&rsquo;\u00e9limination du couvain infest\u00e9 (VHS), l&rsquo;inhibition de la reproduction des acariens (SMR) et la r\u00e9operculation (REC), en ayant recours \u00e0 des outils de g\u00e9n\u00e9tique mol\u00e9culaire pour am\u00e9liorer les essais de rendement, l&rsquo;estimation des valeurs de couvain et l&rsquo;entretien des stations d&rsquo;accouplement et d&rsquo;ins\u00e9mination artificielle avec, d&rsquo;autre part, les colonies des apiculteurs participants aux \u00e9tudes de cas de 5 pays. Les r\u00e9sultats de cette \u00e9tude sont disponibles sur le site Web o\u00f9, outre la r\u00e9sistance au varroa, d&rsquo;autres sujets sont abord\u00e9s comme le march\u00e9 de mat\u00e9riel vivant europ\u00e9en, les co\u00fbts de production des reines et les co\u00fbts des programmes d&rsquo;\u00e9levage.<\/p>\n\n\n\n<p>Les principales conclusions de cette \u00e9tude sont les suivantes:<\/p>\n\n\n\n<ul class=\"wp-block-list\"><li>L&rsquo;\u00e9levage s\u00e9lectif est efficace pour am\u00e9liorer la productivit\u00e9, r\u00e9duire les pertes des colonies et am\u00e9liorer la sant\u00e9 des abeilles.<\/li><li>Travailler avec des populations bien s\u00e9lectionn\u00e9es est un facteur de r\u00e9ussite \u00e9conomique pour l&rsquo;apiculture commerciale.<\/li><li>Il convient de mettre en place des structures d&rsquo;\u00e9levage au niveau r\u00e9gional&nbsp;:<ul><li>Le rendement et le comportement, r\u00e9sistance \u00e0 varroa comprise, d\u00e9pendent beaucoup de l&rsquo;acclimatation locale.<\/li><li>La \u00ab&nbsp;meilleure abeille&nbsp;\u00bb capable de s&rsquo;adapter partout n&rsquo;existe pas. <\/li><\/ul><\/li><li>La s\u00e9lection du caract\u00e8re r\u00e9sistant est efficace mais co\u00fbteuse. Des fonds publics sont n\u00e9cessaires.<\/li><li>Il faut am\u00e9liorer le march\u00e9 des reines&nbsp;: qualit\u00e9, prix et s\u00e9lection.<\/li><\/ul>\n\n\n\n<p class=\"has-text-align-justify\"><strong>\u00c9tant donn\u00e9 les r\u00e9sultats obtenus ces derni\u00e8res ann\u00e9es en mati\u00e8re de s\u00e9lection et au vu des grosses pertes caus\u00e9es par le varroa, ERBEL pense que le moment est venu d&rsquo;accro\u00eetre les efforts pour commencer \u00e0 s\u00e9lectionner une population locale pr\u00e9sentant des caract\u00e8res de r\u00e9sistance au varroa. C&rsquo;est un investissement n\u00e9cessaire pour l&rsquo;avenir de notre apiculture.<\/strong><\/p>\n","protected":false},"excerpt":{"rendered":"<p>L&rsquo;un des principaux probl\u00e8mes frappant l&rsquo;apiculture est d\u00fb \u00e0 l&rsquo;acarien Varroa destructor et aux virus qu&rsquo;il transmet : esp\u00e9rance de vie \u00e9court\u00e9e des abeilles parasit\u00e9es, diminution de la capacit\u00e9 de butinage de la colonie, augmentation de la mortalit\u00e9 des butineuses, le tout d\u00e9bouchant sur un stress nutritionnel qui bloque le remplacement normal des plus \u00e2g\u00e9es par des abeilles plus jeunes et bien aliment\u00e9es. Cela provoque, \u00e0 terme, une diminution de la population puis l&rsquo;effondrement de la colonie.<\/p>\n","protected":false},"author":2,"featured_media":626,"comment_status":"open","ping_status":"open","sticky":false,"template":"","format":"standard","meta":{"_bbp_topic_count":0,"_bbp_reply_count":0,"_bbp_total_topic_count":0,"_bbp_total_reply_count":0,"_bbp_voice_count":0,"_bbp_anonymous_reply_count":0,"_bbp_topic_count_hidden":0,"_bbp_reply_count_hidden":0,"_bbp_forum_subforum_count":0,"_jetpack_memberships_contains_paid_content":false,"footnotes":""},"categories":[39],"tags":[],"class_list":["post-1847","post","type-post","status-publish","format-standard","has-post-thumbnail","hentry","category-nouvelles","masonry-post","generate-columns","tablet-grid-50","mobile-grid-100","grid-parent","grid-50"],"yoast_head":"<!-- This site is optimized with the Yoast SEO plugin v26.8 - https:\/\/yoast.com\/product\/yoast-seo-wordpress\/ -->\n<title>S\u00e9lection d&#039;abeilles r\u00e9sistantes au varroa &#8226; ERBEL<\/title>\n<meta name=\"robots\" content=\"index, follow, max-snippet:-1, max-image-preview:large, max-video-preview:-1\" \/>\n<link rel=\"canonical\" href=\"https:\/\/erbel.eus\/2021\/04\/20\/seleccion-de-abejas-resistentes-a-varroa\/\" \/>\n<meta property=\"og:locale\" content=\"fr_FR\" \/>\n<meta property=\"og:type\" content=\"article\" \/>\n<meta property=\"og:title\" content=\"S\u00e9lection d&#039;abeilles r\u00e9sistantes au varroa &#8226; ERBEL\" \/>\n<meta property=\"og:description\" content=\"L&#039;un des principaux probl\u00e8mes frappant l&#039;apiculture est d\u00fb \u00e0 l&#039;acarien Varroa destructor et aux virus qu&#039;il transmet : esp\u00e9rance de vie \u00e9court\u00e9e des abeilles parasit\u00e9es, diminution de la capacit\u00e9 de butinage de la colonie, augmentation de la mortalit\u00e9 des butineuses, le tout d\u00e9bouchant sur un stress nutritionnel qui bloque le remplacement normal des plus \u00e2g\u00e9es par des abeilles plus jeunes et bien aliment\u00e9es. Cela provoque, \u00e0 terme, une diminution de la population puis l&#039;effondrement de la colonie.\" \/>\n<meta property=\"og:url\" content=\"https:\/\/erbel.eus\/2021\/04\/20\/seleccion-de-abejas-resistentes-a-varroa\/\" \/>\n<meta property=\"og:site_name\" content=\"ERBEL\" \/>\n<meta property=\"article:published_time\" content=\"2021-04-22T09:32:39+00:00\" \/>\n<meta property=\"article:modified_time\" content=\"2021-09-15T09:01:48+00:00\" \/>\n<meta property=\"og:image\" content=\"https:\/\/i0.wp.com\/erbel.eus\/wp-content\/uploads\/2019\/05\/1.5.1.jpg?fit=1920%2C1280&ssl=1\" \/>\n\t<meta property=\"og:image:width\" content=\"1920\" \/>\n\t<meta property=\"og:image:height\" content=\"1280\" \/>\n\t<meta property=\"og:image:type\" content=\"image\/jpeg\" \/>\n<meta name=\"author\" content=\"Egoitz Galartza\" \/>\n<meta name=\"twitter:card\" content=\"summary_large_image\" \/>\n<meta name=\"twitter:label1\" content=\"\u00c9crit par\" \/>\n\t<meta name=\"twitter:data1\" content=\"Egoitz Galartza\" \/>\n\t<meta name=\"twitter:label2\" content=\"Dur\u00e9e de lecture estim\u00e9e\" \/>\n\t<meta name=\"twitter:data2\" content=\"7 minutes\" \/>\n<script type=\"application\/ld+json\" class=\"yoast-schema-graph\">{\"@context\":\"https:\/\/schema.org\",\"@graph\":[{\"@type\":\"Article\",\"@id\":\"https:\/\/erbel.eus\/2021\/04\/20\/seleccion-de-abejas-resistentes-a-varroa\/#article\",\"isPartOf\":{\"@id\":\"https:\/\/erbel.eus\/2021\/04\/20\/seleccion-de-abejas-resistentes-a-varroa\/\"},\"author\":{\"name\":\"Egoitz Galartza\",\"@id\":\"https:\/\/erbel.eus\/#\/schema\/person\/ff2d1eacc8825f0e87a0d04848349a7c\"},\"headline\":\"S\u00e9lection d&rsquo;abeilles r\u00e9sistantes au varroa\",\"datePublished\":\"2021-04-22T09:32:39+00:00\",\"dateModified\":\"2021-09-15T09:01:48+00:00\",\"mainEntityOfPage\":{\"@id\":\"https:\/\/erbel.eus\/2021\/04\/20\/seleccion-de-abejas-resistentes-a-varroa\/\"},\"wordCount\":1443,\"commentCount\":0,\"publisher\":{\"@id\":\"https:\/\/erbel.eus\/#organization\"},\"image\":{\"@id\":\"https:\/\/erbel.eus\/2021\/04\/20\/seleccion-de-abejas-resistentes-a-varroa\/#primaryimage\"},\"thumbnailUrl\":\"https:\/\/i0.wp.com\/erbel.eus\/wp-content\/uploads\/2019\/05\/1.5.1.jpg?fit=1920%2C1280&ssl=1\",\"articleSection\":[\"nouvelles\"],\"inLanguage\":\"fr-FR\",\"potentialAction\":[{\"@type\":\"CommentAction\",\"name\":\"Comment\",\"target\":[\"https:\/\/erbel.eus\/2021\/04\/20\/seleccion-de-abejas-resistentes-a-varroa\/#respond\"]}]},{\"@type\":\"WebPage\",\"@id\":\"https:\/\/erbel.eus\/2021\/04\/20\/seleccion-de-abejas-resistentes-a-varroa\/\",\"url\":\"https:\/\/erbel.eus\/2021\/04\/20\/seleccion-de-abejas-resistentes-a-varroa\/\",\"name\":\"S\u00e9lection d'abeilles r\u00e9sistantes au varroa &#8226; ERBEL\",\"isPartOf\":{\"@id\":\"https:\/\/erbel.eus\/#website\"},\"primaryImageOfPage\":{\"@id\":\"https:\/\/erbel.eus\/2021\/04\/20\/seleccion-de-abejas-resistentes-a-varroa\/#primaryimage\"},\"image\":{\"@id\":\"https:\/\/erbel.eus\/2021\/04\/20\/seleccion-de-abejas-resistentes-a-varroa\/#primaryimage\"},\"thumbnailUrl\":\"https:\/\/i0.wp.com\/erbel.eus\/wp-content\/uploads\/2019\/05\/1.5.1.jpg?fit=1920%2C1280&ssl=1\",\"datePublished\":\"2021-04-22T09:32:39+00:00\",\"dateModified\":\"2021-09-15T09:01:48+00:00\",\"breadcrumb\":{\"@id\":\"https:\/\/erbel.eus\/2021\/04\/20\/seleccion-de-abejas-resistentes-a-varroa\/#breadcrumb\"},\"inLanguage\":\"fr-FR\",\"potentialAction\":[{\"@type\":\"ReadAction\",\"target\":[\"https:\/\/erbel.eus\/2021\/04\/20\/seleccion-de-abejas-resistentes-a-varroa\/\"]}]},{\"@type\":\"ImageObject\",\"inLanguage\":\"fr-FR\",\"@id\":\"https:\/\/erbel.eus\/2021\/04\/20\/seleccion-de-abejas-resistentes-a-varroa\/#primaryimage\",\"url\":\"https:\/\/i0.wp.com\/erbel.eus\/wp-content\/uploads\/2019\/05\/1.5.1.jpg?fit=1920%2C1280&ssl=1\",\"contentUrl\":\"https:\/\/i0.wp.com\/erbel.eus\/wp-content\/uploads\/2019\/05\/1.5.1.jpg?fit=1920%2C1280&ssl=1\",\"width\":1920,\"height\":1280,\"caption\":\"SONY DSC\"},{\"@type\":\"BreadcrumbList\",\"@id\":\"https:\/\/erbel.eus\/2021\/04\/20\/seleccion-de-abejas-resistentes-a-varroa\/#breadcrumb\",\"itemListElement\":[{\"@type\":\"ListItem\",\"position\":1,\"name\":\"Home\",\"item\":\"https:\/\/erbel.eus\/\"},{\"@type\":\"ListItem\",\"position\":2,\"name\":\"S\u00e9lection d&#8217;abeilles r\u00e9sistantes au varroa\"}]},{\"@type\":\"WebSite\",\"@id\":\"https:\/\/erbel.eus\/#website\",\"url\":\"https:\/\/erbel.eus\/\",\"name\":\"ERBEL\",\"description\":\" Erle Beltz Hazleen Elkartea - Asociacion de criadores de abeja Erle Beltza - Association d&#039;eleveurs d&#039;abeilles Erle Beltza\",\"publisher\":{\"@id\":\"https:\/\/erbel.eus\/#organization\"},\"potentialAction\":[{\"@type\":\"SearchAction\",\"target\":{\"@type\":\"EntryPoint\",\"urlTemplate\":\"https:\/\/erbel.eus\/?s={search_term_string}\"},\"query-input\":{\"@type\":\"PropertyValueSpecification\",\"valueRequired\":true,\"valueName\":\"search_term_string\"}}],\"inLanguage\":\"fr-FR\"},{\"@type\":\"Organization\",\"@id\":\"https:\/\/erbel.eus\/#organization\",\"name\":\"ERBEL Erle Beltza Hazleen Elkartea\",\"url\":\"https:\/\/erbel.eus\/\",\"logo\":{\"@type\":\"ImageObject\",\"inLanguage\":\"fr-FR\",\"@id\":\"https:\/\/erbel.eus\/#\/schema\/logo\/image\/\",\"url\":\"https:\/\/i0.wp.com\/erbel.eus\/wp-content\/uploads\/2019\/05\/erbel_erleak_denak-beltz.png?fit=300%2C316&ssl=1\",\"contentUrl\":\"https:\/\/i0.wp.com\/erbel.eus\/wp-content\/uploads\/2019\/05\/erbel_erleak_denak-beltz.png?fit=300%2C316&ssl=1\",\"width\":300,\"height\":316,\"caption\":\"ERBEL Erle Beltza Hazleen Elkartea\"},\"image\":{\"@id\":\"https:\/\/erbel.eus\/#\/schema\/logo\/image\/\"},\"sameAs\":[\"https:\/\/www.youtube.com\/channel\/UCNkgIS3GnpMESbnykKUIqgw\"]},{\"@type\":\"Person\",\"@id\":\"https:\/\/erbel.eus\/#\/schema\/person\/ff2d1eacc8825f0e87a0d04848349a7c\",\"name\":\"Egoitz Galartza\",\"image\":{\"@type\":\"ImageObject\",\"inLanguage\":\"fr-FR\",\"@id\":\"https:\/\/erbel.eus\/#\/schema\/person\/image\/\",\"url\":\"\/\/www.gravatar.com\/avatar\/2b6f40c945cfbd3dfdb8ec528a7534d9?s=96&#038;r=g&#038;d=mm\",\"contentUrl\":\"\/\/www.gravatar.com\/avatar\/2b6f40c945cfbd3dfdb8ec528a7534d9?s=96&#038;r=g&#038;d=mm\",\"caption\":\"Egoitz Galartza\"}}]}<\/script>\n<!-- \/ Yoast SEO plugin. -->","yoast_head_json":{"title":"S\u00e9lection d'abeilles r\u00e9sistantes au varroa &#8226; ERBEL","robots":{"index":"index","follow":"follow","max-snippet":"max-snippet:-1","max-image-preview":"max-image-preview:large","max-video-preview":"max-video-preview:-1"},"canonical":"https:\/\/erbel.eus\/2021\/04\/20\/seleccion-de-abejas-resistentes-a-varroa\/","og_locale":"fr_FR","og_type":"article","og_title":"S\u00e9lection d'abeilles r\u00e9sistantes au varroa &#8226; ERBEL","og_description":"L'un des principaux probl\u00e8mes frappant l'apiculture est d\u00fb \u00e0 l'acarien Varroa destructor et aux virus qu'il transmet : esp\u00e9rance de vie \u00e9court\u00e9e des abeilles parasit\u00e9es, diminution de la capacit\u00e9 de butinage de la colonie, augmentation de la mortalit\u00e9 des butineuses, le tout d\u00e9bouchant sur un stress nutritionnel qui bloque le remplacement normal des plus \u00e2g\u00e9es par des abeilles plus jeunes et bien aliment\u00e9es. Cela provoque, \u00e0 terme, une diminution de la population puis l'effondrement de la colonie.","og_url":"https:\/\/erbel.eus\/2021\/04\/20\/seleccion-de-abejas-resistentes-a-varroa\/","og_site_name":"ERBEL","article_published_time":"2021-04-22T09:32:39+00:00","article_modified_time":"2021-09-15T09:01:48+00:00","og_image":[{"width":1920,"height":1280,"url":"https:\/\/i0.wp.com\/erbel.eus\/wp-content\/uploads\/2019\/05\/1.5.1.jpg?fit=1920%2C1280&ssl=1","type":"image\/jpeg"}],"author":"Egoitz Galartza","twitter_card":"summary_large_image","twitter_misc":{"\u00c9crit par":"Egoitz Galartza","Dur\u00e9e de lecture estim\u00e9e":"7 minutes"},"schema":{"@context":"https:\/\/schema.org","@graph":[{"@type":"Article","@id":"https:\/\/erbel.eus\/2021\/04\/20\/seleccion-de-abejas-resistentes-a-varroa\/#article","isPartOf":{"@id":"https:\/\/erbel.eus\/2021\/04\/20\/seleccion-de-abejas-resistentes-a-varroa\/"},"author":{"name":"Egoitz Galartza","@id":"https:\/\/erbel.eus\/#\/schema\/person\/ff2d1eacc8825f0e87a0d04848349a7c"},"headline":"S\u00e9lection d&rsquo;abeilles r\u00e9sistantes au varroa","datePublished":"2021-04-22T09:32:39+00:00","dateModified":"2021-09-15T09:01:48+00:00","mainEntityOfPage":{"@id":"https:\/\/erbel.eus\/2021\/04\/20\/seleccion-de-abejas-resistentes-a-varroa\/"},"wordCount":1443,"commentCount":0,"publisher":{"@id":"https:\/\/erbel.eus\/#organization"},"image":{"@id":"https:\/\/erbel.eus\/2021\/04\/20\/seleccion-de-abejas-resistentes-a-varroa\/#primaryimage"},"thumbnailUrl":"https:\/\/i0.wp.com\/erbel.eus\/wp-content\/uploads\/2019\/05\/1.5.1.jpg?fit=1920%2C1280&ssl=1","articleSection":["nouvelles"],"inLanguage":"fr-FR","potentialAction":[{"@type":"CommentAction","name":"Comment","target":["https:\/\/erbel.eus\/2021\/04\/20\/seleccion-de-abejas-resistentes-a-varroa\/#respond"]}]},{"@type":"WebPage","@id":"https:\/\/erbel.eus\/2021\/04\/20\/seleccion-de-abejas-resistentes-a-varroa\/","url":"https:\/\/erbel.eus\/2021\/04\/20\/seleccion-de-abejas-resistentes-a-varroa\/","name":"S\u00e9lection d'abeilles r\u00e9sistantes au varroa &#8226; ERBEL","isPartOf":{"@id":"https:\/\/erbel.eus\/#website"},"primaryImageOfPage":{"@id":"https:\/\/erbel.eus\/2021\/04\/20\/seleccion-de-abejas-resistentes-a-varroa\/#primaryimage"},"image":{"@id":"https:\/\/erbel.eus\/2021\/04\/20\/seleccion-de-abejas-resistentes-a-varroa\/#primaryimage"},"thumbnailUrl":"https:\/\/i0.wp.com\/erbel.eus\/wp-content\/uploads\/2019\/05\/1.5.1.jpg?fit=1920%2C1280&ssl=1","datePublished":"2021-04-22T09:32:39+00:00","dateModified":"2021-09-15T09:01:48+00:00","breadcrumb":{"@id":"https:\/\/erbel.eus\/2021\/04\/20\/seleccion-de-abejas-resistentes-a-varroa\/#breadcrumb"},"inLanguage":"fr-FR","potentialAction":[{"@type":"ReadAction","target":["https:\/\/erbel.eus\/2021\/04\/20\/seleccion-de-abejas-resistentes-a-varroa\/"]}]},{"@type":"ImageObject","inLanguage":"fr-FR","@id":"https:\/\/erbel.eus\/2021\/04\/20\/seleccion-de-abejas-resistentes-a-varroa\/#primaryimage","url":"https:\/\/i0.wp.com\/erbel.eus\/wp-content\/uploads\/2019\/05\/1.5.1.jpg?fit=1920%2C1280&ssl=1","contentUrl":"https:\/\/i0.wp.com\/erbel.eus\/wp-content\/uploads\/2019\/05\/1.5.1.jpg?fit=1920%2C1280&ssl=1","width":1920,"height":1280,"caption":"SONY DSC"},{"@type":"BreadcrumbList","@id":"https:\/\/erbel.eus\/2021\/04\/20\/seleccion-de-abejas-resistentes-a-varroa\/#breadcrumb","itemListElement":[{"@type":"ListItem","position":1,"name":"Home","item":"https:\/\/erbel.eus\/"},{"@type":"ListItem","position":2,"name":"S\u00e9lection d&#8217;abeilles r\u00e9sistantes au varroa"}]},{"@type":"WebSite","@id":"https:\/\/erbel.eus\/#website","url":"https:\/\/erbel.eus\/","name":"ERBEL","description":" Erle Beltz Hazleen Elkartea - Asociacion de criadores de abeja Erle Beltza - Association d&#039;eleveurs d&#039;abeilles Erle Beltza","publisher":{"@id":"https:\/\/erbel.eus\/#organization"},"potentialAction":[{"@type":"SearchAction","target":{"@type":"EntryPoint","urlTemplate":"https:\/\/erbel.eus\/?s={search_term_string}"},"query-input":{"@type":"PropertyValueSpecification","valueRequired":true,"valueName":"search_term_string"}}],"inLanguage":"fr-FR"},{"@type":"Organization","@id":"https:\/\/erbel.eus\/#organization","name":"ERBEL Erle Beltza Hazleen Elkartea","url":"https:\/\/erbel.eus\/","logo":{"@type":"ImageObject","inLanguage":"fr-FR","@id":"https:\/\/erbel.eus\/#\/schema\/logo\/image\/","url":"https:\/\/i0.wp.com\/erbel.eus\/wp-content\/uploads\/2019\/05\/erbel_erleak_denak-beltz.png?fit=300%2C316&ssl=1","contentUrl":"https:\/\/i0.wp.com\/erbel.eus\/wp-content\/uploads\/2019\/05\/erbel_erleak_denak-beltz.png?fit=300%2C316&ssl=1","width":300,"height":316,"caption":"ERBEL Erle Beltza Hazleen Elkartea"},"image":{"@id":"https:\/\/erbel.eus\/#\/schema\/logo\/image\/"},"sameAs":["https:\/\/www.youtube.com\/channel\/UCNkgIS3GnpMESbnykKUIqgw"]},{"@type":"Person","@id":"https:\/\/erbel.eus\/#\/schema\/person\/ff2d1eacc8825f0e87a0d04848349a7c","name":"Egoitz Galartza","image":{"@type":"ImageObject","inLanguage":"fr-FR","@id":"https:\/\/erbel.eus\/#\/schema\/person\/image\/","url":"\/\/www.gravatar.com\/avatar\/2b6f40c945cfbd3dfdb8ec528a7534d9?s=96&#038;r=g&#038;d=mm","contentUrl":"\/\/www.gravatar.com\/avatar\/2b6f40c945cfbd3dfdb8ec528a7534d9?s=96&#038;r=g&#038;d=mm","caption":"Egoitz Galartza"}}]}},"jetpack_featured_media_url":"https:\/\/i0.wp.com\/erbel.eus\/wp-content\/uploads\/2019\/05\/1.5.1.jpg?fit=1920%2C1280&ssl=1","jetpack_sharing_enabled":true,"_links":{"self":[{"href":"https:\/\/erbel.eus\/fr\/wp-json\/wp\/v2\/posts\/1847","targetHints":{"allow":["GET"]}}],"collection":[{"href":"https:\/\/erbel.eus\/fr\/wp-json\/wp\/v2\/posts"}],"about":[{"href":"https:\/\/erbel.eus\/fr\/wp-json\/wp\/v2\/types\/post"}],"author":[{"embeddable":true,"href":"https:\/\/erbel.eus\/fr\/wp-json\/wp\/v2\/users\/2"}],"replies":[{"embeddable":true,"href":"https:\/\/erbel.eus\/fr\/wp-json\/wp\/v2\/comments?post=1847"}],"version-history":[{"count":3,"href":"https:\/\/erbel.eus\/fr\/wp-json\/wp\/v2\/posts\/1847\/revisions"}],"predecessor-version":[{"id":1904,"href":"https:\/\/erbel.eus\/fr\/wp-json\/wp\/v2\/posts\/1847\/revisions\/1904"}],"wp:featuredmedia":[{"embeddable":true,"href":"https:\/\/erbel.eus\/fr\/wp-json\/wp\/v2\/media\/626"}],"wp:attachment":[{"href":"https:\/\/erbel.eus\/fr\/wp-json\/wp\/v2\/media?parent=1847"}],"wp:term":[{"taxonomy":"category","embeddable":true,"href":"https:\/\/erbel.eus\/fr\/wp-json\/wp\/v2\/categories?post=1847"},{"taxonomy":"post_tag","embeddable":true,"href":"https:\/\/erbel.eus\/fr\/wp-json\/wp\/v2\/tags?post=1847"}],"curies":[{"name":"wp","href":"https:\/\/api.w.org\/{rel}","templated":true}]}}