{"id":1784,"date":"2021-01-26T14:12:34","date_gmt":"2021-01-26T13:12:34","guid":{"rendered":"https:\/\/www.erbel.eus\/?p=1784"},"modified":"2021-09-15T10:02:09","modified_gmt":"2021-09-15T09:02:09","slug":"resultats-des-analyses-genetiques-a-la-station-daccouplement","status":"publish","type":"post","link":"https:\/\/erbel.eus\/fr\/2021\/01\/26\/resultats-des-analyses-genetiques-a-la-station-daccouplement\/","title":{"rendered":"R\u00e9sultats des analyses g\u00e9n\u00e9tiques \u00e0 la station d&rsquo;accouplement"},"content":{"rendered":"\n<p class=\"has-text-align-justify\"><strong>Egoitz Galartza Garaialde <\/strong><\/p>\n\n\n\n<p class=\"has-text-align-justify\">Pour la reproduction de l&rsquo;esp\u00e8ce <em>Apis mellifera<\/em>, les m\u00e2les ou faux bourdons se rassemblent dans les zones de congr\u00e9gation des faux bourdons (Drone Congregation Areas, DCA), o\u00f9 ils s&rsquo;accouplent en plein vol avec les reines vierges. L&#8217;emplacement de la plupart des DCA reste inconnue. Les faux bourdons constituant une DCA viennent en g\u00e9n\u00e9ral des stations proches\u00a0; on pense qu&rsquo;il faut quelques 15\u00a0000 faux bourdons pour stabiliser une DCA. Les reines, quant \u00e0 elles, se rendent sur des DCA plus \u00e9loign\u00e9es de leur rucher d&rsquo;origine, afin d&rsquo;\u00e9viter de s&rsquo;accoupler avec leurs fr\u00e8res. Le m\u00e9canisme de l&rsquo;accouplement des abeilles est donc con\u00e7u pour \u00e9viter la consanguinit\u00e9 et pour augmenter la variabilit\u00e9 g\u00e9n\u00e9tique.<\/p>\n\n\n\n<p class=\"has-text-align-justify\">Pendant l&rsquo;\u00e9t\u00e9 2019, 55 reines productrices de m\u00e2les et issues de 5 reines m\u00e8res aux caract\u00e9ristiques int\u00e9ressantes ont \u00e9t\u00e9 transf\u00e9r\u00e9es dans des ruchers de la vall\u00e9e o\u00f9 se trouve la station d&rsquo;accouplement d&rsquo;ERBEL. Les reines productrices de m\u00e2les ont \u00e9t\u00e9 install\u00e9es dans les colonies d&rsquo;apiculteur.trices locales mais \u00e9galement dans un rucher d\u00e9di\u00e9 \u00e0 la production de faux bourdons implant\u00e9 non loin de la DCA.  Nous avions pour objectif de saturer la vall\u00e9e de faux bourdons fils desdites reines, afin que la ou les DCA de la vall\u00e9e soient form\u00e9es de m\u00e2les porteurs du bagage g\u00e9n\u00e9tique souhait\u00e9 par ERBEL pour f\u00e9conder les reines vierges de l&rsquo;association issues de la station d&rsquo;accouplement, au cours des vols nuptiaux du printemps et de l&rsquo;\u00e9t\u00e9 2020.  Cette DCA a vu s&rsquo;accoupler quelques 155 reines vierges du programme d&rsquo;\u00e9levage d&rsquo;ERBEL. Ainsi, nous voulions mat\u00e9rialiser les croisements entre les reines et les faux bourdons souhait\u00e9s par l&rsquo;association et s\u00e9lectionn\u00e9s sur la base de leurs qualit\u00e9s, afin d&rsquo;optimiser la transmission desdits caract\u00e8res \u00e0 la descendance tant par la voie maternelle que paternelle.  Bien que complexe \u00e0 mettre en place chez l&rsquo;abeille mellif\u00e8re, ce syst\u00e8me de croisements dirig\u00e9s, dont les apports g\u00e9n\u00e9tiques maternels et paternels sont contr\u00f4l\u00e9s, assure une s\u00e9lection g\u00e9n\u00e9tique plus efficace et plus rapide.<\/p>\n\n\n\n<figure class=\"wp-block-image size-large\"><img data-recalc-dims=\"1\" fetchpriority=\"high\" decoding=\"async\" width=\"1024\" height=\"430\" src=\"https:\/\/i0.wp.com\/www.erbel.eus\/wp-content\/uploads\/2021\/01\/DSC_07421-min-1024x430.jpg?resize=1024%2C430&#038;ssl=1\" alt=\"\" class=\"wp-image-1758\" srcset=\"https:\/\/i0.wp.com\/erbel.eus\/wp-content\/uploads\/2021\/01\/DSC_07421-min-scaled.jpg?resize=1024%2C430&amp;ssl=1 1024w, https:\/\/i0.wp.com\/erbel.eus\/wp-content\/uploads\/2021\/01\/DSC_07421-min-scaled.jpg?resize=300%2C126&amp;ssl=1 300w, https:\/\/i0.wp.com\/erbel.eus\/wp-content\/uploads\/2021\/01\/DSC_07421-min-scaled.jpg?resize=768%2C322&amp;ssl=1 768w, https:\/\/i0.wp.com\/erbel.eus\/wp-content\/uploads\/2021\/01\/DSC_07421-min-scaled.jpg?resize=1536%2C645&amp;ssl=1 1536w, https:\/\/i0.wp.com\/erbel.eus\/wp-content\/uploads\/2021\/01\/DSC_07421-min-scaled.jpg?w=2048&amp;ssl=1 2048w\" sizes=\"(max-width: 1024px) 100vw, 1024px\" \/><figcaption><em>Cellule de faux-bourdon.<\/em><\/figcaption><\/figure>\n\n\n\n<p class=\"has-text-align-justify\">Pour certifier que la station d&rsquo;accouplement remplit la fonction que l&rsquo;on attend d&rsquo;elle, une analyse g\u00e9n\u00e9tique parentale a \u00e9t\u00e9 effectu\u00e9e (voir info sur le site Web). Ainsi, des \u00e9chantillons ont \u00e9t\u00e9 pr\u00e9lev\u00e9s dans 32 colonies dont on pouvait pr\u00e9voir que les faux bourdons allaient \u00eatre pr\u00e9sents sur la DCA de la vall\u00e9e. Nous disposons actuellement des r\u00e9sultats de 26 colonies seulement, sur les 32 analys\u00e9es. Pour diff\u00e9rentes raisons, les \u00e9chantillons de 23 autres colonies, \u00e9galement pr\u00e9sentes dans la vall\u00e9e \u00e0 la saison des accouplements, n&rsquo;ont pu \u00eatre pr\u00e9lev\u00e9s. M\u00eame si ces colonies sont regroup\u00e9es dans un unique rucher situ\u00e9 \u00e0 presque 8&nbsp;km de la station d&rsquo;accouplement, on ne peut pas \u00e9carter que les faux bourdons issues de ces colonies aient particip\u00e9 aux accouplements. En 2021, des \u00e9chantillons de ces colonies seront pr\u00e9lev\u00e9s pour compl\u00e9ter l&rsquo;analyse de paternit\u00e9 de l&rsquo;ann\u00e9e 2020.<\/p>\n\n\n\n<p class=\"has-text-align-justify\">Par ailleurs, sur les 155 reines f\u00e9cond\u00e9es sur la station en 2020, des \u00e9chantillons ont \u00e9t\u00e9 pr\u00e9lev\u00e9s sur 18 d&rsquo;entre elles, soit 10 ouvri\u00e8res de chacune des reines.  Sur les 180 \u00e9chantillons envoy\u00e9s aux laboratoires Eurofins, nous disposons des r\u00e9sultats de 150. Les donn\u00e9es des 30 derniers \u00e9chantillons ne nous ont pas encore \u00e9t\u00e9 communiqu\u00e9s. L&rsquo;information g\u00e9n\u00e9tique issue du c\u00f4t\u00e9 maternel de ces ouvri\u00e8res, soit celle de la reine de la colonie, est connue, tandis que l&rsquo;information du c\u00f4t\u00e9 paternel est obtenue en comparant l&rsquo;information g\u00e9n\u00e9tique de l&rsquo;ouvri\u00e8re et celle de la reine productrice de faux bourdons. Si les deux profils g\u00e9n\u00e9tiques pr\u00e9sentent un niveau de co\u00efncidence suffisant, la paternit\u00e9 est assign\u00e9e, ce qui signifie que les ouvri\u00e8res ont un p\u00e8re connu et que ce p\u00e8re n&rsquo;est autre que l&rsquo;un des faux bourdons issus de l&rsquo;une des 26 (55) reines productrices de m\u00e2les d&rsquo;ERBEL pr\u00e9sentes dans la vall\u00e9e. En l&rsquo;absence de co\u00efncidence, le p\u00e8re est inconnu, c&rsquo;est \u00e0 dire que soit le p\u00e8re est fils de l&rsquo;une des 29 reines productrices de m\u00e2les d&rsquo;ERBEL pour lesquelles nous ne disposons pas d&rsquo;information g\u00e9n\u00e9tique, soit vient de l&rsquo;ext\u00e9rieur.<\/p>\n\n\n\n<p>R\u00c9SULTATS<\/p>\n\n\n\n<p class=\"has-text-align-justify\">En appliquant une puce \u00e0 ADN contenant 4000 SNP localis\u00e9s sur tout le g\u00e9nome des abeilles, on a pu identifier le g\u00e9notype correspondant \u00e0 42 colonies implant\u00e9es dans la vall\u00e9e (26 productrices de m\u00e2les et 16 reines de la station). Sur la base de ces informations g\u00e9n\u00e9tiques, nous en d\u00e9duisons les \u00e9l\u00e9ments suivants.<\/p>\n\n\n\n<ol class=\"wp-block-list\"><li> Quant \u00e0 la sous-esp\u00e8ce de nos colonies, les analyses g\u00e9n\u00e9tiques indiquent qu&rsquo;il s&rsquo;agit de la sous-esp\u00e8ce locale <em>A. m. ibenriensis<\/em>. En cons\u00e9quence, dans la vall\u00e9e d&rsquo;Ataun, <strong>nous pouvons garantir la puret\u00e9 de la f\u00e9condation \u00e0 100&nbsp;%.<\/strong> <\/li><li> En mati\u00e8re de paternit\u00e9 des filles des reines d&rsquo;ERBEL f\u00e9cond\u00e9es dans la vall\u00e9e, nous avons pu assigner un p\u00e8re \u00e0 (environ) 50&nbsp;% des 150 ouvri\u00e8res analys\u00e9es. En d&rsquo;autres termes, <strong>nous pouvons garantir qu&rsquo;au moins 50&nbsp;% des p\u00e8res de ces ouvri\u00e8res sont des faux bourdons d&rsquo;ERBEL<\/strong> (fils des reines productrices de m\u00e2les install\u00e9es dans la vall\u00e9e par l&rsquo;association). Le fait que 50&nbsp;% des accouplements aient lieu avec des faux bourdons contr\u00f4l\u00e9s est un bon point de d\u00e9part. Selon Marla Spivak, l&rsquo;une des instigatrices de la lign\u00e9e de l&rsquo;abeille hygi\u00e9nique du Minnesota, il faut qu&rsquo;au moins la moiti\u00e9 des faux bourdons participant \u00e0 l&rsquo;accouplement soient hygi\u00e9niques pour que la descendance soit \u00e9galement hygi\u00e9nique. En revanche, si moins de la moiti\u00e9 des m\u00e2les qui s&rsquo;accouplent avec une reine hygi\u00e9nique l&rsquo;est aussi, la colonie NE manifestera PAS de comportement hygi\u00e9nique. <\/li><\/ol>\n\n\n\n<p class=\"has-text-align-justify\"> En tout \u00e9tat de cause, l&rsquo;analyse du r\u00e9sultat obtenu, c&rsquo;est-\u00e0-dire le fait que l&rsquo;assignation de paternit\u00e9 soit de 50&nbsp;%, doit tenir compte du fait qu&rsquo;ERBEL a install\u00e9 55 reines productrices de faux bourdons dans la vall\u00e9e mais que nous n&rsquo;avons eu acc\u00e8s qu&rsquo;\u00e0 26 dans le cadre de cette \u00e9tude. En outre, certaines donn\u00e9es des reines analys\u00e9es n&rsquo;ont pas pu \u00eatre utilis\u00e9es car trop peu stables. Cela signifie que nous ignorons le g\u00e9notype d&rsquo;une grande partie des reines productrices de m\u00e2les et, partant, des faux bourdons issus de ces reines. D&rsquo;autant plus que, ignorant le g\u00e9notype de plus de la moiti\u00e9 des faux bourdons, il nous est impossible de les reconna\u00eetre en tant que p\u00e8res. Ainsi, admettant (ce qui est un peu os\u00e9) que toutes les reines productrices de m\u00e2les produisent le m\u00eame nombre de m\u00e2les et que tous les m\u00e2les ont la m\u00eame capacit\u00e9 d&rsquo;accouplement, nous pourrions pr\u00e9voir que plus de la moiti\u00e9 des paternit\u00e9s \u00e9tudi\u00e9es soient inconnues, quand bien m\u00eame toutes les f\u00e9condations des reines de la station auraient \u00e9t\u00e9 le fait de faux bourdons d&rsquo;ERBEL. Or, nous ne pouvons pas \u00e9carter le fait que des faux bourdons de hors de la vall\u00e9e y soient entr\u00e9s en traversant la montagne ou que des faux bourdons issus de colonies sauvages pr\u00e9sentes dans la vall\u00e9e aient particip\u00e9 \u00e0 ces f\u00e9condations.<\/p>\n\n\n\n<figure class=\"wp-block-image size-large\"><img data-recalc-dims=\"1\" decoding=\"async\" width=\"1024\" height=\"431\" src=\"https:\/\/i0.wp.com\/www.erbel.eus\/wp-content\/uploads\/2021\/01\/DSC_07482-min-1024x431.jpg?resize=1024%2C431&#038;ssl=1\" alt=\"\" class=\"wp-image-1755\" srcset=\"https:\/\/i0.wp.com\/erbel.eus\/wp-content\/uploads\/2021\/01\/DSC_07482-min-scaled.jpg?resize=1024%2C431&amp;ssl=1 1024w, https:\/\/i0.wp.com\/erbel.eus\/wp-content\/uploads\/2021\/01\/DSC_07482-min-scaled.jpg?resize=300%2C126&amp;ssl=1 300w, https:\/\/i0.wp.com\/erbel.eus\/wp-content\/uploads\/2021\/01\/DSC_07482-min-scaled.jpg?resize=768%2C323&amp;ssl=1 768w, https:\/\/i0.wp.com\/erbel.eus\/wp-content\/uploads\/2021\/01\/DSC_07482-min-scaled.jpg?resize=1536%2C647&amp;ssl=1 1536w, https:\/\/i0.wp.com\/erbel.eus\/wp-content\/uploads\/2021\/01\/DSC_07482-min-scaled.jpg?w=2048&amp;ssl=1 2048w\" sizes=\"(max-width: 1024px) 100vw, 1024px\" \/><figcaption><em>Faux-bourdon nouvellement \u00e9merg\u00e9 et d&rsquo;autres sur le point de le faire.<\/em><\/figcaption><\/figure>\n\n\n\n<p class=\"has-text-align-justify\"> Au cours de l&rsquo;ann\u00e9e 2021, nous aurons acc\u00e8s \u00e0 l&rsquo;information g\u00e9n\u00e9tique de la plupart des reines productrices de faux bourdons, ce qui nous permettra de compl\u00e9ter l&rsquo;analyse de paternit\u00e9. Les analyses devront \u00eatre r\u00e9p\u00e9t\u00e9es plusieurs ann\u00e9es de suite pour confirmer les conclusions obtenues. En outre, il serait extr\u00eamement int\u00e9ressant de localiser les zones de congr\u00e9gation des faux bourdons (DCA) de la vall\u00e9e car cela nous apporterait de pr\u00e9cieuses donn\u00e9es. Car, \u00e0 ce jour, aucune DCA n&rsquo;a jamais \u00e9t\u00e9 d\u00e9crite pour <em>Apis mellifera iberiensis<\/em>.<\/p>\n","protected":false},"excerpt":{"rendered":"<p>Pour la reproduction de l&rsquo;esp\u00e8ce Apis mellifera, les m\u00e2les ou faux bourdons se rassemblent dans les zones de congr\u00e9gation des faux bourdons (Drone Congregation Areas, DCA), o\u00f9 ils s&rsquo;accouplent en plein vol avec les reines vierges. L&#8217;emplacement de la plupart des DCA reste inconnue. Les faux bourdons constituant une DCA viennent en g\u00e9n\u00e9ral des stations proches\u00a0; on pense qu&rsquo;il faut quelques 15\u00a0000 faux bourdons pour stabiliser une DCA. Les reines, quant \u00e0 elles, se rendent sur des DCA plus \u00e9loign\u00e9es de leur rucher d&rsquo;origine, afin d&rsquo;\u00e9viter de s&rsquo;accoupler avec leurs fr\u00e8res. Le m\u00e9canisme de l&rsquo;accouplement des abeilles est donc con\u00e7u pour \u00e9viter la consanguinit\u00e9 et pour augmenter la variabilit\u00e9 g\u00e9n\u00e9tique.<\/p>\n","protected":false},"author":2,"featured_media":1754,"comment_status":"open","ping_status":"open","sticky":false,"template":"","format":"standard","meta":{"_bbp_topic_count":0,"_bbp_reply_count":0,"_bbp_total_topic_count":0,"_bbp_total_reply_count":0,"_bbp_voice_count":0,"_bbp_anonymous_reply_count":0,"_bbp_topic_count_hidden":0,"_bbp_reply_count_hidden":0,"_bbp_forum_subforum_count":0,"_jetpack_memberships_contains_paid_content":false,"footnotes":""},"categories":[39],"tags":[],"class_list":["post-1784","post","type-post","status-publish","format-standard","has-post-thumbnail","hentry","category-nouvelles","masonry-post","generate-columns","tablet-grid-50","mobile-grid-100","grid-parent","grid-50"],"yoast_head":"<!-- This site is optimized with the Yoast SEO plugin v26.8 - https:\/\/yoast.com\/product\/yoast-seo-wordpress\/ -->\n<title>R\u00e9sultats des analyses g\u00e9n\u00e9tiques \u00e0 la station d&#039;accouplement &#8226; ERBEL<\/title>\n<meta name=\"robots\" content=\"index, follow, max-snippet:-1, max-image-preview:large, max-video-preview:-1\" \/>\n<link rel=\"canonical\" href=\"https:\/\/erbel.eus\/2021\/01\/26\/resultados-de-los-analisis-geneticos-en-la-estacion-de-apareamiento-de-erbel\/\" \/>\n<meta property=\"og:locale\" content=\"fr_FR\" \/>\n<meta property=\"og:type\" content=\"article\" \/>\n<meta property=\"og:title\" content=\"R\u00e9sultats des analyses g\u00e9n\u00e9tiques \u00e0 la station d&#039;accouplement &#8226; ERBEL\" \/>\n<meta property=\"og:description\" content=\"Pour la reproduction de l&#039;esp\u00e8ce Apis mellifera, les m\u00e2les ou faux bourdons se rassemblent dans les zones de congr\u00e9gation des faux bourdons (Drone Congregation Areas, DCA), o\u00f9 ils s&#039;accouplent en plein vol avec les reines vierges. L&#039;emplacement de la plupart des DCA reste inconnue. Les faux bourdons constituant une DCA viennent en g\u00e9n\u00e9ral des stations proches\u00a0; on pense qu&#039;il faut quelques 15\u00a0000 faux bourdons pour stabiliser une DCA. Les reines, quant \u00e0 elles, se rendent sur des DCA plus \u00e9loign\u00e9es de leur rucher d&#039;origine, afin d&#039;\u00e9viter de s&#039;accoupler avec leurs fr\u00e8res. Le m\u00e9canisme de l&#039;accouplement des abeilles est donc con\u00e7u pour \u00e9viter la consanguinit\u00e9 et pour augmenter la variabilit\u00e9 g\u00e9n\u00e9tique.\" \/>\n<meta property=\"og:url\" content=\"https:\/\/erbel.eus\/2021\/01\/26\/resultados-de-los-analisis-geneticos-en-la-estacion-de-apareamiento-de-erbel\/\" \/>\n<meta property=\"og:site_name\" content=\"ERBEL\" \/>\n<meta property=\"article:published_time\" content=\"2021-01-26T13:12:34+00:00\" \/>\n<meta property=\"article:modified_time\" content=\"2021-09-15T09:02:09+00:00\" \/>\n<meta property=\"og:image\" content=\"https:\/\/erbel.eus\/wp-content\/uploads\/2021\/01\/DSC_0715-min-1024x683.jpg\" \/>\n\t<meta property=\"og:image:width\" content=\"1024\" \/>\n\t<meta property=\"og:image:height\" content=\"683\" \/>\n\t<meta property=\"og:image:type\" content=\"image\/jpeg\" \/>\n<meta name=\"author\" content=\"Egoitz Galartza\" \/>\n<meta name=\"twitter:card\" content=\"summary_large_image\" \/>\n<meta name=\"twitter:label1\" content=\"\u00c9crit par\" \/>\n\t<meta name=\"twitter:data1\" content=\"Egoitz Galartza\" \/>\n\t<meta name=\"twitter:label2\" content=\"Dur\u00e9e de lecture estim\u00e9e\" \/>\n\t<meta name=\"twitter:data2\" content=\"7 minutes\" \/>\n<script type=\"application\/ld+json\" class=\"yoast-schema-graph\">{\"@context\":\"https:\/\/schema.org\",\"@graph\":[{\"@type\":\"Article\",\"@id\":\"https:\/\/erbel.eus\/2021\/01\/26\/resultados-de-los-analisis-geneticos-en-la-estacion-de-apareamiento-de-erbel\/#article\",\"isPartOf\":{\"@id\":\"https:\/\/erbel.eus\/2021\/01\/26\/resultados-de-los-analisis-geneticos-en-la-estacion-de-apareamiento-de-erbel\/\"},\"author\":{\"name\":\"Egoitz Galartza\",\"@id\":\"https:\/\/erbel.eus\/#\/schema\/person\/ff2d1eacc8825f0e87a0d04848349a7c\"},\"headline\":\"R\u00e9sultats des analyses g\u00e9n\u00e9tiques \u00e0 la station d&rsquo;accouplement\",\"datePublished\":\"2021-01-26T13:12:34+00:00\",\"dateModified\":\"2021-09-15T09:02:09+00:00\",\"mainEntityOfPage\":{\"@id\":\"https:\/\/erbel.eus\/2021\/01\/26\/resultados-de-los-analisis-geneticos-en-la-estacion-de-apareamiento-de-erbel\/\"},\"wordCount\":1411,\"commentCount\":0,\"publisher\":{\"@id\":\"https:\/\/erbel.eus\/#organization\"},\"image\":{\"@id\":\"https:\/\/erbel.eus\/2021\/01\/26\/resultados-de-los-analisis-geneticos-en-la-estacion-de-apareamiento-de-erbel\/#primaryimage\"},\"thumbnailUrl\":\"https:\/\/i0.wp.com\/erbel.eus\/wp-content\/uploads\/2021\/01\/DSC_0715-min.jpg?fit=2048%2C1365&ssl=1\",\"articleSection\":[\"nouvelles\"],\"inLanguage\":\"fr-FR\",\"potentialAction\":[{\"@type\":\"CommentAction\",\"name\":\"Comment\",\"target\":[\"https:\/\/erbel.eus\/2021\/01\/26\/resultados-de-los-analisis-geneticos-en-la-estacion-de-apareamiento-de-erbel\/#respond\"]}]},{\"@type\":\"WebPage\",\"@id\":\"https:\/\/erbel.eus\/2021\/01\/26\/resultados-de-los-analisis-geneticos-en-la-estacion-de-apareamiento-de-erbel\/\",\"url\":\"https:\/\/erbel.eus\/2021\/01\/26\/resultados-de-los-analisis-geneticos-en-la-estacion-de-apareamiento-de-erbel\/\",\"name\":\"R\u00e9sultats des analyses g\u00e9n\u00e9tiques \u00e0 la station d'accouplement &#8226; ERBEL\",\"isPartOf\":{\"@id\":\"https:\/\/erbel.eus\/#website\"},\"primaryImageOfPage\":{\"@id\":\"https:\/\/erbel.eus\/2021\/01\/26\/resultados-de-los-analisis-geneticos-en-la-estacion-de-apareamiento-de-erbel\/#primaryimage\"},\"image\":{\"@id\":\"https:\/\/erbel.eus\/2021\/01\/26\/resultados-de-los-analisis-geneticos-en-la-estacion-de-apareamiento-de-erbel\/#primaryimage\"},\"thumbnailUrl\":\"https:\/\/i0.wp.com\/erbel.eus\/wp-content\/uploads\/2021\/01\/DSC_0715-min.jpg?fit=2048%2C1365&ssl=1\",\"datePublished\":\"2021-01-26T13:12:34+00:00\",\"dateModified\":\"2021-09-15T09:02:09+00:00\",\"breadcrumb\":{\"@id\":\"https:\/\/erbel.eus\/2021\/01\/26\/resultados-de-los-analisis-geneticos-en-la-estacion-de-apareamiento-de-erbel\/#breadcrumb\"},\"inLanguage\":\"fr-FR\",\"potentialAction\":[{\"@type\":\"ReadAction\",\"target\":[\"https:\/\/erbel.eus\/2021\/01\/26\/resultados-de-los-analisis-geneticos-en-la-estacion-de-apareamiento-de-erbel\/\"]}]},{\"@type\":\"ImageObject\",\"inLanguage\":\"fr-FR\",\"@id\":\"https:\/\/erbel.eus\/2021\/01\/26\/resultados-de-los-analisis-geneticos-en-la-estacion-de-apareamiento-de-erbel\/#primaryimage\",\"url\":\"https:\/\/i0.wp.com\/erbel.eus\/wp-content\/uploads\/2021\/01\/DSC_0715-min.jpg?fit=2048%2C1365&ssl=1\",\"contentUrl\":\"https:\/\/i0.wp.com\/erbel.eus\/wp-content\/uploads\/2021\/01\/DSC_0715-min.jpg?fit=2048%2C1365&ssl=1\",\"width\":2048,\"height\":1365},{\"@type\":\"BreadcrumbList\",\"@id\":\"https:\/\/erbel.eus\/2021\/01\/26\/resultados-de-los-analisis-geneticos-en-la-estacion-de-apareamiento-de-erbel\/#breadcrumb\",\"itemListElement\":[{\"@type\":\"ListItem\",\"position\":1,\"name\":\"Home\",\"item\":\"https:\/\/erbel.eus\/\"},{\"@type\":\"ListItem\",\"position\":2,\"name\":\"R\u00e9sultats des analyses g\u00e9n\u00e9tiques \u00e0 la station d&#8217;accouplement\"}]},{\"@type\":\"WebSite\",\"@id\":\"https:\/\/erbel.eus\/#website\",\"url\":\"https:\/\/erbel.eus\/\",\"name\":\"ERBEL\",\"description\":\" Erle Beltz Hazleen Elkartea - Asociacion de criadores de abeja Erle Beltza - Association d&#039;eleveurs d&#039;abeilles Erle Beltza\",\"publisher\":{\"@id\":\"https:\/\/erbel.eus\/#organization\"},\"potentialAction\":[{\"@type\":\"SearchAction\",\"target\":{\"@type\":\"EntryPoint\",\"urlTemplate\":\"https:\/\/erbel.eus\/?s={search_term_string}\"},\"query-input\":{\"@type\":\"PropertyValueSpecification\",\"valueRequired\":true,\"valueName\":\"search_term_string\"}}],\"inLanguage\":\"fr-FR\"},{\"@type\":\"Organization\",\"@id\":\"https:\/\/erbel.eus\/#organization\",\"name\":\"ERBEL Erle Beltza Hazleen Elkartea\",\"url\":\"https:\/\/erbel.eus\/\",\"logo\":{\"@type\":\"ImageObject\",\"inLanguage\":\"fr-FR\",\"@id\":\"https:\/\/erbel.eus\/#\/schema\/logo\/image\/\",\"url\":\"https:\/\/i0.wp.com\/erbel.eus\/wp-content\/uploads\/2019\/05\/erbel_erleak_denak-beltz.png?fit=300%2C316&ssl=1\",\"contentUrl\":\"https:\/\/i0.wp.com\/erbel.eus\/wp-content\/uploads\/2019\/05\/erbel_erleak_denak-beltz.png?fit=300%2C316&ssl=1\",\"width\":300,\"height\":316,\"caption\":\"ERBEL Erle Beltza Hazleen Elkartea\"},\"image\":{\"@id\":\"https:\/\/erbel.eus\/#\/schema\/logo\/image\/\"},\"sameAs\":[\"https:\/\/www.youtube.com\/channel\/UCNkgIS3GnpMESbnykKUIqgw\"]},{\"@type\":\"Person\",\"@id\":\"https:\/\/erbel.eus\/#\/schema\/person\/ff2d1eacc8825f0e87a0d04848349a7c\",\"name\":\"Egoitz Galartza\",\"image\":{\"@type\":\"ImageObject\",\"inLanguage\":\"fr-FR\",\"@id\":\"https:\/\/erbel.eus\/#\/schema\/person\/image\/\",\"url\":\"\/\/www.gravatar.com\/avatar\/2b6f40c945cfbd3dfdb8ec528a7534d9?s=96&#038;r=g&#038;d=mm\",\"contentUrl\":\"\/\/www.gravatar.com\/avatar\/2b6f40c945cfbd3dfdb8ec528a7534d9?s=96&#038;r=g&#038;d=mm\",\"caption\":\"Egoitz Galartza\"}}]}<\/script>\n<!-- \/ Yoast SEO plugin. -->","yoast_head_json":{"title":"R\u00e9sultats des analyses g\u00e9n\u00e9tiques \u00e0 la station d'accouplement &#8226; ERBEL","robots":{"index":"index","follow":"follow","max-snippet":"max-snippet:-1","max-image-preview":"max-image-preview:large","max-video-preview":"max-video-preview:-1"},"canonical":"https:\/\/erbel.eus\/2021\/01\/26\/resultados-de-los-analisis-geneticos-en-la-estacion-de-apareamiento-de-erbel\/","og_locale":"fr_FR","og_type":"article","og_title":"R\u00e9sultats des analyses g\u00e9n\u00e9tiques \u00e0 la station d'accouplement &#8226; ERBEL","og_description":"Pour la reproduction de l'esp\u00e8ce Apis mellifera, les m\u00e2les ou faux bourdons se rassemblent dans les zones de congr\u00e9gation des faux bourdons (Drone Congregation Areas, DCA), o\u00f9 ils s'accouplent en plein vol avec les reines vierges. L'emplacement de la plupart des DCA reste inconnue. Les faux bourdons constituant une DCA viennent en g\u00e9n\u00e9ral des stations proches\u00a0; on pense qu'il faut quelques 15\u00a0000 faux bourdons pour stabiliser une DCA. Les reines, quant \u00e0 elles, se rendent sur des DCA plus \u00e9loign\u00e9es de leur rucher d'origine, afin d'\u00e9viter de s'accoupler avec leurs fr\u00e8res. Le m\u00e9canisme de l'accouplement des abeilles est donc con\u00e7u pour \u00e9viter la consanguinit\u00e9 et pour augmenter la variabilit\u00e9 g\u00e9n\u00e9tique.","og_url":"https:\/\/erbel.eus\/2021\/01\/26\/resultados-de-los-analisis-geneticos-en-la-estacion-de-apareamiento-de-erbel\/","og_site_name":"ERBEL","article_published_time":"2021-01-26T13:12:34+00:00","article_modified_time":"2021-09-15T09:02:09+00:00","og_image":[{"width":1024,"height":683,"url":"https:\/\/erbel.eus\/wp-content\/uploads\/2021\/01\/DSC_0715-min-1024x683.jpg","type":"image\/jpeg"}],"author":"Egoitz Galartza","twitter_card":"summary_large_image","twitter_misc":{"\u00c9crit par":"Egoitz Galartza","Dur\u00e9e de lecture estim\u00e9e":"7 minutes"},"schema":{"@context":"https:\/\/schema.org","@graph":[{"@type":"Article","@id":"https:\/\/erbel.eus\/2021\/01\/26\/resultados-de-los-analisis-geneticos-en-la-estacion-de-apareamiento-de-erbel\/#article","isPartOf":{"@id":"https:\/\/erbel.eus\/2021\/01\/26\/resultados-de-los-analisis-geneticos-en-la-estacion-de-apareamiento-de-erbel\/"},"author":{"name":"Egoitz Galartza","@id":"https:\/\/erbel.eus\/#\/schema\/person\/ff2d1eacc8825f0e87a0d04848349a7c"},"headline":"R\u00e9sultats des analyses g\u00e9n\u00e9tiques \u00e0 la station d&rsquo;accouplement","datePublished":"2021-01-26T13:12:34+00:00","dateModified":"2021-09-15T09:02:09+00:00","mainEntityOfPage":{"@id":"https:\/\/erbel.eus\/2021\/01\/26\/resultados-de-los-analisis-geneticos-en-la-estacion-de-apareamiento-de-erbel\/"},"wordCount":1411,"commentCount":0,"publisher":{"@id":"https:\/\/erbel.eus\/#organization"},"image":{"@id":"https:\/\/erbel.eus\/2021\/01\/26\/resultados-de-los-analisis-geneticos-en-la-estacion-de-apareamiento-de-erbel\/#primaryimage"},"thumbnailUrl":"https:\/\/i0.wp.com\/erbel.eus\/wp-content\/uploads\/2021\/01\/DSC_0715-min.jpg?fit=2048%2C1365&ssl=1","articleSection":["nouvelles"],"inLanguage":"fr-FR","potentialAction":[{"@type":"CommentAction","name":"Comment","target":["https:\/\/erbel.eus\/2021\/01\/26\/resultados-de-los-analisis-geneticos-en-la-estacion-de-apareamiento-de-erbel\/#respond"]}]},{"@type":"WebPage","@id":"https:\/\/erbel.eus\/2021\/01\/26\/resultados-de-los-analisis-geneticos-en-la-estacion-de-apareamiento-de-erbel\/","url":"https:\/\/erbel.eus\/2021\/01\/26\/resultados-de-los-analisis-geneticos-en-la-estacion-de-apareamiento-de-erbel\/","name":"R\u00e9sultats des analyses g\u00e9n\u00e9tiques \u00e0 la station d'accouplement &#8226; ERBEL","isPartOf":{"@id":"https:\/\/erbel.eus\/#website"},"primaryImageOfPage":{"@id":"https:\/\/erbel.eus\/2021\/01\/26\/resultados-de-los-analisis-geneticos-en-la-estacion-de-apareamiento-de-erbel\/#primaryimage"},"image":{"@id":"https:\/\/erbel.eus\/2021\/01\/26\/resultados-de-los-analisis-geneticos-en-la-estacion-de-apareamiento-de-erbel\/#primaryimage"},"thumbnailUrl":"https:\/\/i0.wp.com\/erbel.eus\/wp-content\/uploads\/2021\/01\/DSC_0715-min.jpg?fit=2048%2C1365&ssl=1","datePublished":"2021-01-26T13:12:34+00:00","dateModified":"2021-09-15T09:02:09+00:00","breadcrumb":{"@id":"https:\/\/erbel.eus\/2021\/01\/26\/resultados-de-los-analisis-geneticos-en-la-estacion-de-apareamiento-de-erbel\/#breadcrumb"},"inLanguage":"fr-FR","potentialAction":[{"@type":"ReadAction","target":["https:\/\/erbel.eus\/2021\/01\/26\/resultados-de-los-analisis-geneticos-en-la-estacion-de-apareamiento-de-erbel\/"]}]},{"@type":"ImageObject","inLanguage":"fr-FR","@id":"https:\/\/erbel.eus\/2021\/01\/26\/resultados-de-los-analisis-geneticos-en-la-estacion-de-apareamiento-de-erbel\/#primaryimage","url":"https:\/\/i0.wp.com\/erbel.eus\/wp-content\/uploads\/2021\/01\/DSC_0715-min.jpg?fit=2048%2C1365&ssl=1","contentUrl":"https:\/\/i0.wp.com\/erbel.eus\/wp-content\/uploads\/2021\/01\/DSC_0715-min.jpg?fit=2048%2C1365&ssl=1","width":2048,"height":1365},{"@type":"BreadcrumbList","@id":"https:\/\/erbel.eus\/2021\/01\/26\/resultados-de-los-analisis-geneticos-en-la-estacion-de-apareamiento-de-erbel\/#breadcrumb","itemListElement":[{"@type":"ListItem","position":1,"name":"Home","item":"https:\/\/erbel.eus\/"},{"@type":"ListItem","position":2,"name":"R\u00e9sultats des analyses g\u00e9n\u00e9tiques \u00e0 la station d&#8217;accouplement"}]},{"@type":"WebSite","@id":"https:\/\/erbel.eus\/#website","url":"https:\/\/erbel.eus\/","name":"ERBEL","description":" Erle Beltz Hazleen Elkartea - Asociacion de criadores de abeja Erle Beltza - Association d&#039;eleveurs d&#039;abeilles Erle Beltza","publisher":{"@id":"https:\/\/erbel.eus\/#organization"},"potentialAction":[{"@type":"SearchAction","target":{"@type":"EntryPoint","urlTemplate":"https:\/\/erbel.eus\/?s={search_term_string}"},"query-input":{"@type":"PropertyValueSpecification","valueRequired":true,"valueName":"search_term_string"}}],"inLanguage":"fr-FR"},{"@type":"Organization","@id":"https:\/\/erbel.eus\/#organization","name":"ERBEL Erle Beltza Hazleen Elkartea","url":"https:\/\/erbel.eus\/","logo":{"@type":"ImageObject","inLanguage":"fr-FR","@id":"https:\/\/erbel.eus\/#\/schema\/logo\/image\/","url":"https:\/\/i0.wp.com\/erbel.eus\/wp-content\/uploads\/2019\/05\/erbel_erleak_denak-beltz.png?fit=300%2C316&ssl=1","contentUrl":"https:\/\/i0.wp.com\/erbel.eus\/wp-content\/uploads\/2019\/05\/erbel_erleak_denak-beltz.png?fit=300%2C316&ssl=1","width":300,"height":316,"caption":"ERBEL Erle Beltza Hazleen Elkartea"},"image":{"@id":"https:\/\/erbel.eus\/#\/schema\/logo\/image\/"},"sameAs":["https:\/\/www.youtube.com\/channel\/UCNkgIS3GnpMESbnykKUIqgw"]},{"@type":"Person","@id":"https:\/\/erbel.eus\/#\/schema\/person\/ff2d1eacc8825f0e87a0d04848349a7c","name":"Egoitz Galartza","image":{"@type":"ImageObject","inLanguage":"fr-FR","@id":"https:\/\/erbel.eus\/#\/schema\/person\/image\/","url":"\/\/www.gravatar.com\/avatar\/2b6f40c945cfbd3dfdb8ec528a7534d9?s=96&#038;r=g&#038;d=mm","contentUrl":"\/\/www.gravatar.com\/avatar\/2b6f40c945cfbd3dfdb8ec528a7534d9?s=96&#038;r=g&#038;d=mm","caption":"Egoitz Galartza"}}]}},"jetpack_featured_media_url":"https:\/\/i0.wp.com\/erbel.eus\/wp-content\/uploads\/2021\/01\/DSC_0715-min.jpg?fit=2048%2C1365&ssl=1","jetpack_sharing_enabled":true,"_links":{"self":[{"href":"https:\/\/erbel.eus\/fr\/wp-json\/wp\/v2\/posts\/1784","targetHints":{"allow":["GET"]}}],"collection":[{"href":"https:\/\/erbel.eus\/fr\/wp-json\/wp\/v2\/posts"}],"about":[{"href":"https:\/\/erbel.eus\/fr\/wp-json\/wp\/v2\/types\/post"}],"author":[{"embeddable":true,"href":"https:\/\/erbel.eus\/fr\/wp-json\/wp\/v2\/users\/2"}],"replies":[{"embeddable":true,"href":"https:\/\/erbel.eus\/fr\/wp-json\/wp\/v2\/comments?post=1784"}],"version-history":[{"count":6,"href":"https:\/\/erbel.eus\/fr\/wp-json\/wp\/v2\/posts\/1784\/revisions"}],"predecessor-version":[{"id":1905,"href":"https:\/\/erbel.eus\/fr\/wp-json\/wp\/v2\/posts\/1784\/revisions\/1905"}],"wp:featuredmedia":[{"embeddable":true,"href":"https:\/\/erbel.eus\/fr\/wp-json\/wp\/v2\/media\/1754"}],"wp:attachment":[{"href":"https:\/\/erbel.eus\/fr\/wp-json\/wp\/v2\/media?parent=1784"}],"wp:term":[{"taxonomy":"category","embeddable":true,"href":"https:\/\/erbel.eus\/fr\/wp-json\/wp\/v2\/categories?post=1784"},{"taxonomy":"post_tag","embeddable":true,"href":"https:\/\/erbel.eus\/fr\/wp-json\/wp\/v2\/tags?post=1784"}],"curies":[{"name":"wp","href":"https:\/\/api.w.org\/{rel}","templated":true}]}}