{"id":1663,"date":"2020-10-08T11:05:06","date_gmt":"2020-10-08T10:05:06","guid":{"rendered":"https:\/\/www.erbel.eus\/?p=1663"},"modified":"2021-09-15T10:02:35","modified_gmt":"2021-09-15T09:02:35","slug":"journees-dautomne-erbel-2020","status":"publish","type":"post","link":"https:\/\/erbel.eus\/fr\/2020\/10\/08\/journees-dautomne-erbel-2020\/","title":{"rendered":"Journ\u00e9es d&rsquo;automne ERBEL 2020"},"content":{"rendered":"\n<p><strong>Egoitz Galartza Garaialde <\/strong><\/p>\n\n\n\n<p>Suite au succ\u00e8s remport\u00e9 l&rsquo;an dernier lors des journ\u00e9es d&rsquo;automne, nous avons pr\u00e9vu d&rsquo;organiser une s\u00e9rie de conf\u00e9rences sur la g\u00e9n\u00e9tique et la s\u00e9lection apicole. Cette ann\u00e9e cependant, suite \u00e0 la situation li\u00e9e au COVID-19, il s&rsquo;agira de journ\u00e9es en ligne. Les dates choisies sont les 21 et 28 novembre. <\/p>\n\n\n\n<p>Le 21 sera exclusivement r\u00e9serv\u00e9 aux membres d&rsquo;ERBEL. Apr\u00e8s l&rsquo;assembl\u00e9e extraordinaire, des sujets internes seront abord\u00e9s, tels que le programme d&rsquo;\u00e9levage, le plan de commercialisation des reines, la formation pour 2021, etc.<\/p>\n\n\n\n<p>Le 28, en revanche, sera une journ\u00e9e ouverte au public. Une inscription pr\u00e9alable est n\u00e9cessaire et la somme de 10\u20ac sera demand\u00e9e aux non-membres pour assister \u00e0 la journ\u00e9e. Les personnes inscrites recevront un message \u00e9lectronique contenant tous les renseignements n\u00e9cessaires pour assister aux interventions. Il suffira de cliquer sur le lien fourni pour se connecter.<\/p>\n\n\n\n<div class=\"wp-block-image\"><figure class=\"aligncenter size-large\"><img data-recalc-dims=\"1\" fetchpriority=\"high\" decoding=\"async\" width=\"724\" height=\"1024\" src=\"https:\/\/i0.wp.com\/www.erbel.eus\/wp-content\/uploads\/2020\/10\/ERBEL-JARDUNALDIAK-2020-1-724x1024.jpg?resize=724%2C1024&#038;ssl=1\" alt=\"\" class=\"wp-image-1699\" srcset=\"https:\/\/i0.wp.com\/erbel.eus\/wp-content\/uploads\/2020\/10\/ERBEL-JARDUNALDIAK-2020-1.jpg?resize=724%2C1024&amp;ssl=1 724w, https:\/\/i0.wp.com\/erbel.eus\/wp-content\/uploads\/2020\/10\/ERBEL-JARDUNALDIAK-2020-1.jpg?resize=212%2C300&amp;ssl=1 212w, https:\/\/i0.wp.com\/erbel.eus\/wp-content\/uploads\/2020\/10\/ERBEL-JARDUNALDIAK-2020-1.jpg?resize=768%2C1086&amp;ssl=1 768w, https:\/\/i0.wp.com\/erbel.eus\/wp-content\/uploads\/2020\/10\/ERBEL-JARDUNALDIAK-2020-1.jpg?resize=1086%2C1536&amp;ssl=1 1086w, https:\/\/i0.wp.com\/erbel.eus\/wp-content\/uploads\/2020\/10\/ERBEL-JARDUNALDIAK-2020-1.jpg?w=1448&amp;ssl=1 1448w\" sizes=\"(max-width: 724px) 100vw, 724px\" \/><\/figure><\/div>\n\n\n\n<div class=\"wp-block-image\"><figure class=\"aligncenter size-large\"><img data-recalc-dims=\"1\" decoding=\"async\" width=\"724\" height=\"1024\" src=\"https:\/\/i0.wp.com\/www.erbel.eus\/wp-content\/uploads\/2020\/10\/JORNADAS-OTO%C3%91O-programa2020_FR-1-1-724x1024.jpg?resize=724%2C1024&#038;ssl=1\" alt=\"\" class=\"wp-image-1689\" srcset=\"https:\/\/i0.wp.com\/erbel.eus\/wp-content\/uploads\/2020\/10\/JORNADAS-OTO%C3%91O-programa2020_FR-1-1.jpg?resize=724%2C1024&amp;ssl=1 724w, https:\/\/i0.wp.com\/erbel.eus\/wp-content\/uploads\/2020\/10\/JORNADAS-OTO%C3%91O-programa2020_FR-1-1.jpg?resize=212%2C300&amp;ssl=1 212w, https:\/\/i0.wp.com\/erbel.eus\/wp-content\/uploads\/2020\/10\/JORNADAS-OTO%C3%91O-programa2020_FR-1-1.jpg?resize=768%2C1086&amp;ssl=1 768w, https:\/\/i0.wp.com\/erbel.eus\/wp-content\/uploads\/2020\/10\/JORNADAS-OTO%C3%91O-programa2020_FR-1-1.jpg?resize=1086%2C1536&amp;ssl=1 1086w, https:\/\/i0.wp.com\/erbel.eus\/wp-content\/uploads\/2020\/10\/JORNADAS-OTO%C3%91O-programa2020_FR-1-1.jpg?w=1448&amp;ssl=1 1448w\" sizes=\"(max-width: 724px) 100vw, 724px\" \/><\/figure><\/div>\n","protected":false},"excerpt":{"rendered":"<p>Suite au succ\u00e8s remport\u00e9 l&rsquo;an dernier lors des journ\u00e9es d&rsquo;automne, nous avons pr\u00e9vu d&rsquo;organiser une s\u00e9rie de conf\u00e9rences sur la g\u00e9n\u00e9tique et la s\u00e9lection apicole. Cette ann\u00e9e cependant, suite \u00e0 la situation li\u00e9e au COVID-19, il s&rsquo;agira de journ\u00e9es en ligne. Les dates choisies sont les 21 et 28 novembre. <\/p>\n","protected":false},"author":2,"featured_media":620,"comment_status":"open","ping_status":"open","sticky":false,"template":"","format":"standard","meta":{"_bbp_topic_count":0,"_bbp_reply_count":0,"_bbp_total_topic_count":0,"_bbp_total_reply_count":0,"_bbp_voice_count":0,"_bbp_anonymous_reply_count":0,"_bbp_topic_count_hidden":0,"_bbp_reply_count_hidden":0,"_bbp_forum_subforum_count":0,"_jetpack_memberships_contains_paid_content":false,"footnotes":""},"categories":[26,39],"tags":[],"class_list":["post-1663","post","type-post","status-publish","format-standard","has-post-thumbnail","hentry","category-non-classifiee","category-nouvelles","masonry-post","generate-columns","tablet-grid-50","mobile-grid-100","grid-parent","grid-50"],"yoast_head":"<!-- This site is optimized with the Yoast SEO plugin v26.8 - https:\/\/yoast.com\/product\/yoast-seo-wordpress\/ -->\n<title>Journ\u00e9es d&#039;automne ERBEL 2020 &#8226; ERBEL<\/title>\n<meta name=\"robots\" content=\"index, follow, max-snippet:-1, max-image-preview:large, max-video-preview:-1\" \/>\n<link rel=\"canonical\" href=\"https:\/\/erbel.eus\/2020\/10\/08\/jornadas-de-otono-de-erbel-2020\/\" \/>\n<meta property=\"og:locale\" content=\"fr_FR\" \/>\n<meta property=\"og:type\" content=\"article\" \/>\n<meta property=\"og:title\" content=\"Journ\u00e9es d&#039;automne ERBEL 2020 &#8226; ERBEL\" \/>\n<meta property=\"og:description\" content=\"Suite au succ\u00e8s remport\u00e9 l&#039;an dernier lors des journ\u00e9es d&#039;automne, nous avons pr\u00e9vu d&#039;organiser une s\u00e9rie de conf\u00e9rences sur la g\u00e9n\u00e9tique et la s\u00e9lection apicole. Cette ann\u00e9e cependant, suite \u00e0 la situation li\u00e9e au COVID-19, il s&#039;agira de journ\u00e9es en ligne. Les dates choisies sont les 21 et 28 novembre.\" \/>\n<meta property=\"og:url\" content=\"https:\/\/erbel.eus\/2020\/10\/08\/jornadas-de-otono-de-erbel-2020\/\" \/>\n<meta property=\"og:site_name\" content=\"ERBEL\" \/>\n<meta property=\"article:published_time\" content=\"2020-10-08T10:05:06+00:00\" \/>\n<meta property=\"article:modified_time\" content=\"2021-09-15T09:02:35+00:00\" \/>\n<meta property=\"og:image\" content=\"https:\/\/i0.wp.com\/erbel.eus\/wp-content\/uploads\/2019\/05\/1.3.3..jpg?fit=2048%2C1365&ssl=1\" \/>\n\t<meta property=\"og:image:width\" content=\"2048\" \/>\n\t<meta property=\"og:image:height\" content=\"1365\" \/>\n\t<meta property=\"og:image:type\" content=\"image\/jpeg\" \/>\n<meta name=\"author\" content=\"Egoitz Galartza\" \/>\n<meta name=\"twitter:card\" content=\"summary_large_image\" \/>\n<meta name=\"twitter:label1\" content=\"\u00c9crit par\" \/>\n\t<meta name=\"twitter:data1\" content=\"Egoitz Galartza\" \/>\n\t<meta name=\"twitter:label2\" content=\"Dur\u00e9e de lecture estim\u00e9e\" \/>\n\t<meta name=\"twitter:data2\" content=\"1 minute\" \/>\n<script type=\"application\/ld+json\" class=\"yoast-schema-graph\">{\"@context\":\"https:\/\/schema.org\",\"@graph\":[{\"@type\":\"Article\",\"@id\":\"https:\/\/erbel.eus\/2020\/10\/08\/jornadas-de-otono-de-erbel-2020\/#article\",\"isPartOf\":{\"@id\":\"https:\/\/erbel.eus\/2020\/10\/08\/jornadas-de-otono-de-erbel-2020\/\"},\"author\":{\"name\":\"Egoitz Galartza\",\"@id\":\"https:\/\/erbel.eus\/#\/schema\/person\/ff2d1eacc8825f0e87a0d04848349a7c\"},\"headline\":\"Journ\u00e9es d&rsquo;automne ERBEL 2020\",\"datePublished\":\"2020-10-08T10:05:06+00:00\",\"dateModified\":\"2021-09-15T09:02:35+00:00\",\"mainEntityOfPage\":{\"@id\":\"https:\/\/erbel.eus\/2020\/10\/08\/jornadas-de-otono-de-erbel-2020\/\"},\"wordCount\":166,\"commentCount\":0,\"publisher\":{\"@id\":\"https:\/\/erbel.eus\/#organization\"},\"image\":{\"@id\":\"https:\/\/erbel.eus\/2020\/10\/08\/jornadas-de-otono-de-erbel-2020\/#primaryimage\"},\"thumbnailUrl\":\"https:\/\/i0.wp.com\/erbel.eus\/wp-content\/uploads\/2019\/05\/1.3.3..jpg?fit=2048%2C1365&ssl=1\",\"articleSection\":[\"Non classifi\u00e9(e)\",\"nouvelles\"],\"inLanguage\":\"fr-FR\",\"potentialAction\":[{\"@type\":\"CommentAction\",\"name\":\"Comment\",\"target\":[\"https:\/\/erbel.eus\/2020\/10\/08\/jornadas-de-otono-de-erbel-2020\/#respond\"]}]},{\"@type\":\"WebPage\",\"@id\":\"https:\/\/erbel.eus\/2020\/10\/08\/jornadas-de-otono-de-erbel-2020\/\",\"url\":\"https:\/\/erbel.eus\/2020\/10\/08\/jornadas-de-otono-de-erbel-2020\/\",\"name\":\"Journ\u00e9es d'automne ERBEL 2020 &#8226; ERBEL\",\"isPartOf\":{\"@id\":\"https:\/\/erbel.eus\/#website\"},\"primaryImageOfPage\":{\"@id\":\"https:\/\/erbel.eus\/2020\/10\/08\/jornadas-de-otono-de-erbel-2020\/#primaryimage\"},\"image\":{\"@id\":\"https:\/\/erbel.eus\/2020\/10\/08\/jornadas-de-otono-de-erbel-2020\/#primaryimage\"},\"thumbnailUrl\":\"https:\/\/i0.wp.com\/erbel.eus\/wp-content\/uploads\/2019\/05\/1.3.3..jpg?fit=2048%2C1365&ssl=1\",\"datePublished\":\"2020-10-08T10:05:06+00:00\",\"dateModified\":\"2021-09-15T09:02:35+00:00\",\"breadcrumb\":{\"@id\":\"https:\/\/erbel.eus\/2020\/10\/08\/jornadas-de-otono-de-erbel-2020\/#breadcrumb\"},\"inLanguage\":\"fr-FR\",\"potentialAction\":[{\"@type\":\"ReadAction\",\"target\":[\"https:\/\/erbel.eus\/2020\/10\/08\/jornadas-de-otono-de-erbel-2020\/\"]}]},{\"@type\":\"ImageObject\",\"inLanguage\":\"fr-FR\",\"@id\":\"https:\/\/erbel.eus\/2020\/10\/08\/jornadas-de-otono-de-erbel-2020\/#primaryimage\",\"url\":\"https:\/\/i0.wp.com\/erbel.eus\/wp-content\/uploads\/2019\/05\/1.3.3..jpg?fit=2048%2C1365&ssl=1\",\"contentUrl\":\"https:\/\/i0.wp.com\/erbel.eus\/wp-content\/uploads\/2019\/05\/1.3.3..jpg?fit=2048%2C1365&ssl=1\",\"width\":2048,\"height\":1365},{\"@type\":\"BreadcrumbList\",\"@id\":\"https:\/\/erbel.eus\/2020\/10\/08\/jornadas-de-otono-de-erbel-2020\/#breadcrumb\",\"itemListElement\":[{\"@type\":\"ListItem\",\"position\":1,\"name\":\"Home\",\"item\":\"https:\/\/erbel.eus\/\"},{\"@type\":\"ListItem\",\"position\":2,\"name\":\"Journ\u00e9es d&#8217;automne ERBEL 2020\"}]},{\"@type\":\"WebSite\",\"@id\":\"https:\/\/erbel.eus\/#website\",\"url\":\"https:\/\/erbel.eus\/\",\"name\":\"ERBEL\",\"description\":\" Erle Beltz Hazleen Elkartea - Asociacion de criadores de abeja Erle Beltza - Association d&#039;eleveurs d&#039;abeilles Erle Beltza\",\"publisher\":{\"@id\":\"https:\/\/erbel.eus\/#organization\"},\"potentialAction\":[{\"@type\":\"SearchAction\",\"target\":{\"@type\":\"EntryPoint\",\"urlTemplate\":\"https:\/\/erbel.eus\/?s={search_term_string}\"},\"query-input\":{\"@type\":\"PropertyValueSpecification\",\"valueRequired\":true,\"valueName\":\"search_term_string\"}}],\"inLanguage\":\"fr-FR\"},{\"@type\":\"Organization\",\"@id\":\"https:\/\/erbel.eus\/#organization\",\"name\":\"ERBEL Erle Beltza Hazleen Elkartea\",\"url\":\"https:\/\/erbel.eus\/\",\"logo\":{\"@type\":\"ImageObject\",\"inLanguage\":\"fr-FR\",\"@id\":\"https:\/\/erbel.eus\/#\/schema\/logo\/image\/\",\"url\":\"https:\/\/i0.wp.com\/erbel.eus\/wp-content\/uploads\/2019\/05\/erbel_erleak_denak-beltz.png?fit=300%2C316&ssl=1\",\"contentUrl\":\"https:\/\/i0.wp.com\/erbel.eus\/wp-content\/uploads\/2019\/05\/erbel_erleak_denak-beltz.png?fit=300%2C316&ssl=1\",\"width\":300,\"height\":316,\"caption\":\"ERBEL Erle Beltza Hazleen Elkartea\"},\"image\":{\"@id\":\"https:\/\/erbel.eus\/#\/schema\/logo\/image\/\"},\"sameAs\":[\"https:\/\/www.youtube.com\/channel\/UCNkgIS3GnpMESbnykKUIqgw\"]},{\"@type\":\"Person\",\"@id\":\"https:\/\/erbel.eus\/#\/schema\/person\/ff2d1eacc8825f0e87a0d04848349a7c\",\"name\":\"Egoitz Galartza\",\"image\":{\"@type\":\"ImageObject\",\"inLanguage\":\"fr-FR\",\"@id\":\"https:\/\/erbel.eus\/#\/schema\/person\/image\/\",\"url\":\"\/\/www.gravatar.com\/avatar\/2b6f40c945cfbd3dfdb8ec528a7534d9?s=96&#038;r=g&#038;d=mm\",\"contentUrl\":\"\/\/www.gravatar.com\/avatar\/2b6f40c945cfbd3dfdb8ec528a7534d9?s=96&#038;r=g&#038;d=mm\",\"caption\":\"Egoitz Galartza\"}}]}<\/script>\n<!-- \/ Yoast SEO plugin. -->","yoast_head_json":{"title":"Journ\u00e9es d'automne ERBEL 2020 &#8226; ERBEL","robots":{"index":"index","follow":"follow","max-snippet":"max-snippet:-1","max-image-preview":"max-image-preview:large","max-video-preview":"max-video-preview:-1"},"canonical":"https:\/\/erbel.eus\/2020\/10\/08\/jornadas-de-otono-de-erbel-2020\/","og_locale":"fr_FR","og_type":"article","og_title":"Journ\u00e9es d'automne ERBEL 2020 &#8226; ERBEL","og_description":"Suite au succ\u00e8s remport\u00e9 l'an dernier lors des journ\u00e9es d'automne, nous avons pr\u00e9vu d'organiser une s\u00e9rie de conf\u00e9rences sur la g\u00e9n\u00e9tique et la s\u00e9lection apicole. Cette ann\u00e9e cependant, suite \u00e0 la situation li\u00e9e au COVID-19, il s'agira de journ\u00e9es en ligne. Les dates choisies sont les 21 et 28 novembre.","og_url":"https:\/\/erbel.eus\/2020\/10\/08\/jornadas-de-otono-de-erbel-2020\/","og_site_name":"ERBEL","article_published_time":"2020-10-08T10:05:06+00:00","article_modified_time":"2021-09-15T09:02:35+00:00","og_image":[{"width":2048,"height":1365,"url":"https:\/\/i0.wp.com\/erbel.eus\/wp-content\/uploads\/2019\/05\/1.3.3..jpg?fit=2048%2C1365&ssl=1","type":"image\/jpeg"}],"author":"Egoitz Galartza","twitter_card":"summary_large_image","twitter_misc":{"\u00c9crit par":"Egoitz Galartza","Dur\u00e9e de lecture estim\u00e9e":"1 minute"},"schema":{"@context":"https:\/\/schema.org","@graph":[{"@type":"Article","@id":"https:\/\/erbel.eus\/2020\/10\/08\/jornadas-de-otono-de-erbel-2020\/#article","isPartOf":{"@id":"https:\/\/erbel.eus\/2020\/10\/08\/jornadas-de-otono-de-erbel-2020\/"},"author":{"name":"Egoitz Galartza","@id":"https:\/\/erbel.eus\/#\/schema\/person\/ff2d1eacc8825f0e87a0d04848349a7c"},"headline":"Journ\u00e9es d&rsquo;automne ERBEL 2020","datePublished":"2020-10-08T10:05:06+00:00","dateModified":"2021-09-15T09:02:35+00:00","mainEntityOfPage":{"@id":"https:\/\/erbel.eus\/2020\/10\/08\/jornadas-de-otono-de-erbel-2020\/"},"wordCount":166,"commentCount":0,"publisher":{"@id":"https:\/\/erbel.eus\/#organization"},"image":{"@id":"https:\/\/erbel.eus\/2020\/10\/08\/jornadas-de-otono-de-erbel-2020\/#primaryimage"},"thumbnailUrl":"https:\/\/i0.wp.com\/erbel.eus\/wp-content\/uploads\/2019\/05\/1.3.3..jpg?fit=2048%2C1365&ssl=1","articleSection":["Non classifi\u00e9(e)","nouvelles"],"inLanguage":"fr-FR","potentialAction":[{"@type":"CommentAction","name":"Comment","target":["https:\/\/erbel.eus\/2020\/10\/08\/jornadas-de-otono-de-erbel-2020\/#respond"]}]},{"@type":"WebPage","@id":"https:\/\/erbel.eus\/2020\/10\/08\/jornadas-de-otono-de-erbel-2020\/","url":"https:\/\/erbel.eus\/2020\/10\/08\/jornadas-de-otono-de-erbel-2020\/","name":"Journ\u00e9es d'automne ERBEL 2020 &#8226; ERBEL","isPartOf":{"@id":"https:\/\/erbel.eus\/#website"},"primaryImageOfPage":{"@id":"https:\/\/erbel.eus\/2020\/10\/08\/jornadas-de-otono-de-erbel-2020\/#primaryimage"},"image":{"@id":"https:\/\/erbel.eus\/2020\/10\/08\/jornadas-de-otono-de-erbel-2020\/#primaryimage"},"thumbnailUrl":"https:\/\/i0.wp.com\/erbel.eus\/wp-content\/uploads\/2019\/05\/1.3.3..jpg?fit=2048%2C1365&ssl=1","datePublished":"2020-10-08T10:05:06+00:00","dateModified":"2021-09-15T09:02:35+00:00","breadcrumb":{"@id":"https:\/\/erbel.eus\/2020\/10\/08\/jornadas-de-otono-de-erbel-2020\/#breadcrumb"},"inLanguage":"fr-FR","potentialAction":[{"@type":"ReadAction","target":["https:\/\/erbel.eus\/2020\/10\/08\/jornadas-de-otono-de-erbel-2020\/"]}]},{"@type":"ImageObject","inLanguage":"fr-FR","@id":"https:\/\/erbel.eus\/2020\/10\/08\/jornadas-de-otono-de-erbel-2020\/#primaryimage","url":"https:\/\/i0.wp.com\/erbel.eus\/wp-content\/uploads\/2019\/05\/1.3.3..jpg?fit=2048%2C1365&ssl=1","contentUrl":"https:\/\/i0.wp.com\/erbel.eus\/wp-content\/uploads\/2019\/05\/1.3.3..jpg?fit=2048%2C1365&ssl=1","width":2048,"height":1365},{"@type":"BreadcrumbList","@id":"https:\/\/erbel.eus\/2020\/10\/08\/jornadas-de-otono-de-erbel-2020\/#breadcrumb","itemListElement":[{"@type":"ListItem","position":1,"name":"Home","item":"https:\/\/erbel.eus\/"},{"@type":"ListItem","position":2,"name":"Journ\u00e9es d&#8217;automne ERBEL 2020"}]},{"@type":"WebSite","@id":"https:\/\/erbel.eus\/#website","url":"https:\/\/erbel.eus\/","name":"ERBEL","description":" Erle Beltz Hazleen Elkartea - Asociacion de criadores de abeja Erle Beltza - Association d&#039;eleveurs d&#039;abeilles Erle Beltza","publisher":{"@id":"https:\/\/erbel.eus\/#organization"},"potentialAction":[{"@type":"SearchAction","target":{"@type":"EntryPoint","urlTemplate":"https:\/\/erbel.eus\/?s={search_term_string}"},"query-input":{"@type":"PropertyValueSpecification","valueRequired":true,"valueName":"search_term_string"}}],"inLanguage":"fr-FR"},{"@type":"Organization","@id":"https:\/\/erbel.eus\/#organization","name":"ERBEL Erle Beltza Hazleen Elkartea","url":"https:\/\/erbel.eus\/","logo":{"@type":"ImageObject","inLanguage":"fr-FR","@id":"https:\/\/erbel.eus\/#\/schema\/logo\/image\/","url":"https:\/\/i0.wp.com\/erbel.eus\/wp-content\/uploads\/2019\/05\/erbel_erleak_denak-beltz.png?fit=300%2C316&ssl=1","contentUrl":"https:\/\/i0.wp.com\/erbel.eus\/wp-content\/uploads\/2019\/05\/erbel_erleak_denak-beltz.png?fit=300%2C316&ssl=1","width":300,"height":316,"caption":"ERBEL Erle Beltza Hazleen Elkartea"},"image":{"@id":"https:\/\/erbel.eus\/#\/schema\/logo\/image\/"},"sameAs":["https:\/\/www.youtube.com\/channel\/UCNkgIS3GnpMESbnykKUIqgw"]},{"@type":"Person","@id":"https:\/\/erbel.eus\/#\/schema\/person\/ff2d1eacc8825f0e87a0d04848349a7c","name":"Egoitz Galartza","image":{"@type":"ImageObject","inLanguage":"fr-FR","@id":"https:\/\/erbel.eus\/#\/schema\/person\/image\/","url":"\/\/www.gravatar.com\/avatar\/2b6f40c945cfbd3dfdb8ec528a7534d9?s=96&#038;r=g&#038;d=mm","contentUrl":"\/\/www.gravatar.com\/avatar\/2b6f40c945cfbd3dfdb8ec528a7534d9?s=96&#038;r=g&#038;d=mm","caption":"Egoitz Galartza"}}]}},"jetpack_featured_media_url":"https:\/\/i0.wp.com\/erbel.eus\/wp-content\/uploads\/2019\/05\/1.3.3..jpg?fit=2048%2C1365&ssl=1","jetpack_sharing_enabled":true,"_links":{"self":[{"href":"https:\/\/erbel.eus\/fr\/wp-json\/wp\/v2\/posts\/1663","targetHints":{"allow":["GET"]}}],"collection":[{"href":"https:\/\/erbel.eus\/fr\/wp-json\/wp\/v2\/posts"}],"about":[{"href":"https:\/\/erbel.eus\/fr\/wp-json\/wp\/v2\/types\/post"}],"author":[{"embeddable":true,"href":"https:\/\/erbel.eus\/fr\/wp-json\/wp\/v2\/users\/2"}],"replies":[{"embeddable":true,"href":"https:\/\/erbel.eus\/fr\/wp-json\/wp\/v2\/comments?post=1663"}],"version-history":[{"count":9,"href":"https:\/\/erbel.eus\/fr\/wp-json\/wp\/v2\/posts\/1663\/revisions"}],"predecessor-version":[{"id":1906,"href":"https:\/\/erbel.eus\/fr\/wp-json\/wp\/v2\/posts\/1663\/revisions\/1906"}],"wp:featuredmedia":[{"embeddable":true,"href":"https:\/\/erbel.eus\/fr\/wp-json\/wp\/v2\/media\/620"}],"wp:attachment":[{"href":"https:\/\/erbel.eus\/fr\/wp-json\/wp\/v2\/media?parent=1663"}],"wp:term":[{"taxonomy":"category","embeddable":true,"href":"https:\/\/erbel.eus\/fr\/wp-json\/wp\/v2\/categories?post=1663"},{"taxonomy":"post_tag","embeddable":true,"href":"https:\/\/erbel.eus\/fr\/wp-json\/wp\/v2\/tags?post=1663"}],"curies":[{"name":"wp","href":"https:\/\/api.w.org\/{rel}","templated":true}]}}