{"id":1531,"date":"2020-04-10T08:51:39","date_gmt":"2020-04-10T07:51:39","guid":{"rendered":"https:\/\/www.erbel.eus\/2020\/04\/10\/projet-erbelgen\/"},"modified":"2021-09-15T10:03:03","modified_gmt":"2021-09-15T09:03:03","slug":"projet-erbelgen","status":"publish","type":"post","link":"https:\/\/erbel.eus\/fr\/2020\/04\/10\/projet-erbelgen\/","title":{"rendered":"Projet ERBELGEN"},"content":{"rendered":"\n<p><strong>Egoitz Galartza Garaialde <\/strong><\/p>\n\n\n\n<p>Le contr\u00f4le des accouplements figure parmi les principales \u00e9tapes d&rsquo;un programme d&rsquo;am\u00e9lioration. En effet, un programme d&rsquo;\u00e9levage s\u00e9rieux et digne de ce nom doit pouvoir, apr\u00e8s s\u00e9lection de la meilleure parent\u00e8le sur la base de crit\u00e8res g\u00e9n\u00e9tiques, f\u00e9conder les reines vierges avec les faux bourdons, les deux cat\u00e9gories \u00e9tant issues des meilleures m\u00e8res. L&rsquo;ins\u00e9mination instrumentale et les stations d&rsquo;accouplement sont au nombre des m\u00e9thodes utilis\u00e9es par ERBEL pour exercer ce contr\u00f4le. R\u00e9cemment, pour effectuer un contr\u00f4le naturel de la f\u00e9condation offrant des garanties g\u00e9n\u00e9tiques, le <strong>Projet ERBELGEN<\/strong> a \u00e9t\u00e9 lanc\u00e9.<\/p>\n\n\n\n<p>&nbsp;<\/p>\n\n\n\n<p>  <\/p>\n\n\n\n<p>La f\u00e9condation dirig\u00e9e, relativement simple chez d&rsquo;autres esp\u00e8ces d&rsquo;\u00e9levage, est plus complexe chez les abeilles \u00e9tant donn\u00e9 le comportement reproductif de l&rsquo;esp\u00e8ce. L&rsquo;accouplement entre la reine vierge et de nombreux faux bourdons \u00e0 maturit\u00e9 se fait en vol, \u00e0 une certaine distance du rucher, sur des sites de rencontre appel\u00e9s zones de congr\u00e9gation des faux bourdons (Drone Congregation Areas, DCA). Cet \u00e9tat de fait constitue un \u00e9norme obstacle \u00e0 la reproduction dirig\u00e9e de reines vierges par des m\u00e2les s\u00e9lectionn\u00e9s.<\/p>\n\n\n\n<p>Pour obtenir la certification et une reconnaissance compl\u00e8te de la station de f\u00e9condation d&rsquo;ERBEL, en fonctionnement depuis 2019, le projet ERBELGEN a \u00e9t\u00e9 lanc\u00e9. Y participent les associations ERBEL (chef de file du projet), Euskal Erle Beltza et Apidemia, l&rsquo;Universit\u00e9 du Pays Basque EHU-UPV et l&rsquo;institut Neiker. En outre, le projet a \u00e9t\u00e9 pr\u00e9sent\u00e9 \u00e0 l&rsquo;Euror\u00e9gion Nouvelle-Aquitaine &#8211; Euskadi &#8211; Navarre, qui d\u00e9veloppe et soutient des initiatives port\u00e9es par le territoire dans diff\u00e9rents domaines aussi divers que l&rsquo;\u00e9conomie, l&#8217;emploi, l&rsquo;\u00e9ducation, la mobilit\u00e9, l&rsquo;Environnement, etc. Le projet ERBELGEN a re\u00e7u un financement de 31 835,89 \u20ac pour une dur\u00e9e d&rsquo;ex\u00e9cution de 18 mois.<\/p>\n\n\n\n<p>Il a pour objectif de valider, au moyen d&rsquo;analyses g\u00e9n\u00e9tiques, la Station d&rsquo;Accouplement des reines s\u00e9lectionn\u00e9es ainsi que le Rucher d&rsquo;Accouplement en Puret\u00e9 G\u00e9n\u00e9tique du Pays Basque Nord.<\/p>\n\n\n\n<figure class=\"wp-block-image size-large\"><img data-recalc-dims=\"1\" fetchpriority=\"high\" decoding=\"async\" width=\"1024\" height=\"768\" src=\"https:\/\/i0.wp.com\/www.erbel.eus\/wp-content\/uploads\/2020\/04\/3573318Master-min-1024x768.jpg?resize=1024%2C768&#038;ssl=1\" alt=\"\" class=\"wp-image-1501\" srcset=\"https:\/\/i0.wp.com\/erbel.eus\/wp-content\/uploads\/2020\/04\/3573318Master-min.jpg?resize=1024%2C768&amp;ssl=1 1024w, https:\/\/i0.wp.com\/erbel.eus\/wp-content\/uploads\/2020\/04\/3573318Master-min.jpg?resize=300%2C225&amp;ssl=1 300w, https:\/\/i0.wp.com\/erbel.eus\/wp-content\/uploads\/2020\/04\/3573318Master-min.jpg?resize=768%2C576&amp;ssl=1 768w, https:\/\/i0.wp.com\/erbel.eus\/wp-content\/uploads\/2020\/04\/3573318Master-min.jpg?resize=1536%2C1152&amp;ssl=1 1536w, https:\/\/i0.wp.com\/erbel.eus\/wp-content\/uploads\/2020\/04\/3573318Master-min.jpg?w=1600&amp;ssl=1 1600w\" sizes=\"(max-width: 1024px) 100vw, 1024px\" \/><\/figure>\n\n\n\n<p><strong>LA STATION D&rsquo;ACCOUPLEMENT DES REINES DE TESTAGE<\/strong><\/p>\n\n\n\n<p>Les stations d&rsquo;accouplement isol\u00e9es peuvent constituer une technique efficace pour le contr\u00f4le de l&rsquo;accouplement des abeilles, combin\u00e9e \u00e0 l&rsquo;\u00e9levage dirig\u00e9 de faux bourdons s\u00e9lectionn\u00e9s. <\/p>\n\n\n\n<p><strong>La validation de la station d&rsquo;accouplement vise \u00e0 garantir et \u00e0 certifier que les reines sont bien f\u00e9cond\u00e9es sur le site par des faux bourdons \u00e9lev\u00e9s \u00e0 cet effet par ERBEL.<\/strong><\/p>\n\n\n\n<p>Pour cela, diff\u00e9rentes analyses g\u00e9n\u00e9tiques sont men\u00e9es:<\/p>\n\n\n\n<ul class=\"wp-block-list\"><li>Pour conna\u00eetre l&rsquo;ascendant paternel&nbsp;: 30 faux bourdons issus de chacune des 57 reines (4e) productrices de m\u00e2les feront l&rsquo;objet d&rsquo;une analyse. 57 analyses.<\/li><li>Pour conna\u00eetre l&rsquo;ascendant maternel&nbsp;: sur les plus de 200 reines appel\u00e9es \u00e0 s&rsquo;accoupler dans la station, 30 seront analys\u00e9es apr\u00e8s f\u00e9condation. Des \u00e9chantillons de 10 ouvri\u00e8res et 30 faux bourdons seront pr\u00e9lev\u00e9s. 330 analyses au total.<\/li><li>Les reines m\u00e8res (2e) utilis\u00e9es cette ann\u00e9e seront \u00e9galement analys\u00e9es, soit 30 faux bourdons issus de chacune d&rsquo;entre elles.<\/li><li>Soit, au total, 407 analyses.<\/li><\/ul>\n\n\n\n<p><strong>RUCHER D&rsquo;ACCOUPLEMENT EN PURET\u00c9 G\u00c9N\u00c9TIQUE D&rsquo;IRATI<\/strong><\/p>\n\n\n\n<p>Pour garantir la puret\u00e9 g\u00e9n\u00e9tique de l&rsquo;abeille locale au Pays Basque Nord, territoire fortement hybrid\u00e9 et d\u00e9pourvu de zones \u00e0 garantie g\u00e9n\u00e9tique pour les accouplements, un Rucher de F\u00e9condation sera install\u00e9 dans la vall\u00e9e isol\u00e9e d&rsquo;Irati. <\/p>\n\n\n\n<p><strong>Les apiculteurs pourront apporter leurs reines pour qu&rsquo;elles s&rsquo;accouplent avec des m\u00e2les d&rsquo;abeilles noires.<\/strong><\/p>\n\n\n\n<p>Une validation g\u00e9n\u00e9tique de ce rucher d&rsquo;accouplement sera \u00e9galement r\u00e9alis\u00e9e:<\/p>\n\n\n\n<ul class=\"wp-block-list\"><li>Au printemps, des ouvri\u00e8res issues de 5 reines (1e) f\u00e9cond\u00e9es sur le site et 30 faux bourdons feront l&rsquo;objet d&rsquo;une analyse.<\/li><li>En \u00e9t\u00e9, des ouvri\u00e8res issues de 5 reines (1e) f\u00e9cond\u00e9es sur le site et 30 faux bourdons feront l&rsquo;objet d&rsquo;une analyse.<\/li><li>Soit, au total, 110 analyses.<\/li><\/ul>\n\n\n\n<p>Les analyses g\u00e9n\u00e9tiques seront r\u00e9alis\u00e9es par le laboratoire danois Eurofins genetics, par l&rsquo;interm\u00e9diaire du d\u00e9partement de g\u00e9n\u00e9tique de l&rsquo;EHU-UPV. Les travaux d&rsquo;\u00e9chantillonnage commenceront au cours des semaines \u00e0 venir et se prolongeront jusqu&rsquo;\u00e0 l&rsquo;automne, les premiers r\u00e9sultats \u00e9tant attendus pour la fin 2020.<\/p>\n","protected":false},"excerpt":{"rendered":"<p>Le contr\u00f4le des accouplements figure parmi les principales \u00e9tapes d&rsquo;un programme d&rsquo;am\u00e9lioration. En effet, un programme d&rsquo;\u00e9levage s\u00e9rieux et digne de ce nom doit pouvoir, apr\u00e8s s\u00e9lection de la meilleure parent\u00e8le sur la base de crit\u00e8res g\u00e9n\u00e9tiques, f\u00e9conder les reines vierges avec les faux bourdons, les deux cat\u00e9gories \u00e9tant issues des meilleures m\u00e8res. L&rsquo;ins\u00e9mination instrumentale et les stations d&rsquo;accouplement sont au nombre des m\u00e9thodes utilis\u00e9es par ERBEL pour exercer ce contr\u00f4le. R\u00e9cemment, pour effectuer un contr\u00f4le naturel de la f\u00e9condation offrant des garanties g\u00e9n\u00e9tiques, le projet ERBELGEN a \u00e9t\u00e9 lanc\u00e9.<\/p>\n","protected":false},"author":2,"featured_media":1563,"comment_status":"open","ping_status":"open","sticky":false,"template":"","format":"standard","meta":{"_bbp_topic_count":0,"_bbp_reply_count":0,"_bbp_total_topic_count":0,"_bbp_total_reply_count":0,"_bbp_voice_count":0,"_bbp_anonymous_reply_count":0,"_bbp_topic_count_hidden":0,"_bbp_reply_count_hidden":0,"_bbp_forum_subforum_count":0,"_jetpack_memberships_contains_paid_content":false,"footnotes":""},"categories":[39],"tags":[],"class_list":["post-1531","post","type-post","status-publish","format-standard","has-post-thumbnail","hentry","category-nouvelles","masonry-post","generate-columns","tablet-grid-50","mobile-grid-100","grid-parent","grid-50"],"yoast_head":"<!-- This site is optimized with the Yoast SEO plugin v26.8 - https:\/\/yoast.com\/product\/yoast-seo-wordpress\/ -->\n<title>Projet ERBELGEN &#8226; ERBEL<\/title>\n<meta name=\"robots\" content=\"index, follow, max-snippet:-1, max-image-preview:large, max-video-preview:-1\" \/>\n<link rel=\"canonical\" href=\"https:\/\/erbel.eus\/2020\/04\/08\/proyecto-erbelgen\/\" \/>\n<meta property=\"og:locale\" content=\"fr_FR\" \/>\n<meta property=\"og:type\" content=\"article\" \/>\n<meta property=\"og:title\" content=\"Projet ERBELGEN &#8226; ERBEL\" \/>\n<meta property=\"og:description\" content=\"Le contr\u00f4le des accouplements figure parmi les principales \u00e9tapes d&#039;un programme d&#039;am\u00e9lioration. En effet, un programme d&#039;\u00e9levage s\u00e9rieux et digne de ce nom doit pouvoir, apr\u00e8s s\u00e9lection de la meilleure parent\u00e8le sur la base de crit\u00e8res g\u00e9n\u00e9tiques, f\u00e9conder les reines vierges avec les faux bourdons, les deux cat\u00e9gories \u00e9tant issues des meilleures m\u00e8res. L&#039;ins\u00e9mination instrumentale et les stations d&#039;accouplement sont au nombre des m\u00e9thodes utilis\u00e9es par ERBEL pour exercer ce contr\u00f4le. R\u00e9cemment, pour effectuer un contr\u00f4le naturel de la f\u00e9condation offrant des garanties g\u00e9n\u00e9tiques, le projet ERBELGEN a \u00e9t\u00e9 lanc\u00e9.\" \/>\n<meta property=\"og:url\" content=\"https:\/\/erbel.eus\/2020\/04\/08\/proyecto-erbelgen\/\" \/>\n<meta property=\"og:site_name\" content=\"ERBEL\" \/>\n<meta property=\"article:published_time\" content=\"2020-04-10T07:51:39+00:00\" \/>\n<meta property=\"article:modified_time\" content=\"2021-09-15T09:03:03+00:00\" \/>\n<meta property=\"og:image\" content=\"https:\/\/i0.wp.com\/erbel.eus\/wp-content\/uploads\/2020\/04\/NAEN_LOGO_GENERIQUE_RVB_BLEU-min.png?fit=3508%2C2481&ssl=1\" \/>\n\t<meta property=\"og:image:width\" content=\"3508\" \/>\n\t<meta property=\"og:image:height\" content=\"2481\" \/>\n\t<meta property=\"og:image:type\" content=\"image\/png\" \/>\n<meta name=\"author\" content=\"Egoitz Galartza\" \/>\n<meta name=\"twitter:card\" content=\"summary_large_image\" \/>\n<meta name=\"twitter:label1\" content=\"\u00c9crit par\" \/>\n\t<meta name=\"twitter:data1\" content=\"Egoitz Galartza\" \/>\n\t<meta name=\"twitter:label2\" content=\"Dur\u00e9e de lecture estim\u00e9e\" \/>\n\t<meta name=\"twitter:data2\" content=\"3 minutes\" \/>\n<script type=\"application\/ld+json\" class=\"yoast-schema-graph\">{\"@context\":\"https:\/\/schema.org\",\"@graph\":[{\"@type\":\"Article\",\"@id\":\"https:\/\/erbel.eus\/2020\/04\/08\/proyecto-erbelgen\/#article\",\"isPartOf\":{\"@id\":\"https:\/\/erbel.eus\/2020\/04\/08\/proyecto-erbelgen\/\"},\"author\":{\"name\":\"Egoitz Galartza\",\"@id\":\"https:\/\/erbel.eus\/#\/schema\/person\/ff2d1eacc8825f0e87a0d04848349a7c\"},\"headline\":\"Projet ERBELGEN\",\"datePublished\":\"2020-04-10T07:51:39+00:00\",\"dateModified\":\"2021-09-15T09:03:03+00:00\",\"mainEntityOfPage\":{\"@id\":\"https:\/\/erbel.eus\/2020\/04\/08\/proyecto-erbelgen\/\"},\"wordCount\":734,\"commentCount\":0,\"publisher\":{\"@id\":\"https:\/\/erbel.eus\/#organization\"},\"image\":{\"@id\":\"https:\/\/erbel.eus\/2020\/04\/08\/proyecto-erbelgen\/#primaryimage\"},\"thumbnailUrl\":\"https:\/\/i0.wp.com\/erbel.eus\/wp-content\/uploads\/2020\/04\/NAEN_LOGO_GENERIQUE_RVB_BLEU-min.png?fit=3508%2C2481&ssl=1\",\"articleSection\":[\"nouvelles\"],\"inLanguage\":\"fr-FR\",\"potentialAction\":[{\"@type\":\"CommentAction\",\"name\":\"Comment\",\"target\":[\"https:\/\/erbel.eus\/2020\/04\/08\/proyecto-erbelgen\/#respond\"]}]},{\"@type\":\"WebPage\",\"@id\":\"https:\/\/erbel.eus\/2020\/04\/08\/proyecto-erbelgen\/\",\"url\":\"https:\/\/erbel.eus\/2020\/04\/08\/proyecto-erbelgen\/\",\"name\":\"Projet ERBELGEN &#8226; ERBEL\",\"isPartOf\":{\"@id\":\"https:\/\/erbel.eus\/#website\"},\"primaryImageOfPage\":{\"@id\":\"https:\/\/erbel.eus\/2020\/04\/08\/proyecto-erbelgen\/#primaryimage\"},\"image\":{\"@id\":\"https:\/\/erbel.eus\/2020\/04\/08\/proyecto-erbelgen\/#primaryimage\"},\"thumbnailUrl\":\"https:\/\/i0.wp.com\/erbel.eus\/wp-content\/uploads\/2020\/04\/NAEN_LOGO_GENERIQUE_RVB_BLEU-min.png?fit=3508%2C2481&ssl=1\",\"datePublished\":\"2020-04-10T07:51:39+00:00\",\"dateModified\":\"2021-09-15T09:03:03+00:00\",\"breadcrumb\":{\"@id\":\"https:\/\/erbel.eus\/2020\/04\/08\/proyecto-erbelgen\/#breadcrumb\"},\"inLanguage\":\"fr-FR\",\"potentialAction\":[{\"@type\":\"ReadAction\",\"target\":[\"https:\/\/erbel.eus\/2020\/04\/08\/proyecto-erbelgen\/\"]}]},{\"@type\":\"ImageObject\",\"inLanguage\":\"fr-FR\",\"@id\":\"https:\/\/erbel.eus\/2020\/04\/08\/proyecto-erbelgen\/#primaryimage\",\"url\":\"https:\/\/i0.wp.com\/erbel.eus\/wp-content\/uploads\/2020\/04\/NAEN_LOGO_GENERIQUE_RVB_BLEU-min.png?fit=3508%2C2481&ssl=1\",\"contentUrl\":\"https:\/\/i0.wp.com\/erbel.eus\/wp-content\/uploads\/2020\/04\/NAEN_LOGO_GENERIQUE_RVB_BLEU-min.png?fit=3508%2C2481&ssl=1\",\"width\":3508,\"height\":2481},{\"@type\":\"BreadcrumbList\",\"@id\":\"https:\/\/erbel.eus\/2020\/04\/08\/proyecto-erbelgen\/#breadcrumb\",\"itemListElement\":[{\"@type\":\"ListItem\",\"position\":1,\"name\":\"Home\",\"item\":\"https:\/\/erbel.eus\/\"},{\"@type\":\"ListItem\",\"position\":2,\"name\":\"Projet ERBELGEN\"}]},{\"@type\":\"WebSite\",\"@id\":\"https:\/\/erbel.eus\/#website\",\"url\":\"https:\/\/erbel.eus\/\",\"name\":\"ERBEL\",\"description\":\" Erle Beltz Hazleen Elkartea - Asociacion de criadores de abeja Erle Beltza - Association d&#039;eleveurs d&#039;abeilles Erle Beltza\",\"publisher\":{\"@id\":\"https:\/\/erbel.eus\/#organization\"},\"potentialAction\":[{\"@type\":\"SearchAction\",\"target\":{\"@type\":\"EntryPoint\",\"urlTemplate\":\"https:\/\/erbel.eus\/?s={search_term_string}\"},\"query-input\":{\"@type\":\"PropertyValueSpecification\",\"valueRequired\":true,\"valueName\":\"search_term_string\"}}],\"inLanguage\":\"fr-FR\"},{\"@type\":\"Organization\",\"@id\":\"https:\/\/erbel.eus\/#organization\",\"name\":\"ERBEL Erle Beltza Hazleen Elkartea\",\"url\":\"https:\/\/erbel.eus\/\",\"logo\":{\"@type\":\"ImageObject\",\"inLanguage\":\"fr-FR\",\"@id\":\"https:\/\/erbel.eus\/#\/schema\/logo\/image\/\",\"url\":\"https:\/\/i0.wp.com\/erbel.eus\/wp-content\/uploads\/2019\/05\/erbel_erleak_denak-beltz.png?fit=300%2C316&ssl=1\",\"contentUrl\":\"https:\/\/i0.wp.com\/erbel.eus\/wp-content\/uploads\/2019\/05\/erbel_erleak_denak-beltz.png?fit=300%2C316&ssl=1\",\"width\":300,\"height\":316,\"caption\":\"ERBEL Erle Beltza Hazleen Elkartea\"},\"image\":{\"@id\":\"https:\/\/erbel.eus\/#\/schema\/logo\/image\/\"},\"sameAs\":[\"https:\/\/www.youtube.com\/channel\/UCNkgIS3GnpMESbnykKUIqgw\"]},{\"@type\":\"Person\",\"@id\":\"https:\/\/erbel.eus\/#\/schema\/person\/ff2d1eacc8825f0e87a0d04848349a7c\",\"name\":\"Egoitz Galartza\",\"image\":{\"@type\":\"ImageObject\",\"inLanguage\":\"fr-FR\",\"@id\":\"https:\/\/erbel.eus\/#\/schema\/person\/image\/\",\"url\":\"\/\/www.gravatar.com\/avatar\/2b6f40c945cfbd3dfdb8ec528a7534d9?s=96&#038;r=g&#038;d=mm\",\"contentUrl\":\"\/\/www.gravatar.com\/avatar\/2b6f40c945cfbd3dfdb8ec528a7534d9?s=96&#038;r=g&#038;d=mm\",\"caption\":\"Egoitz Galartza\"}}]}<\/script>\n<!-- \/ Yoast SEO plugin. -->","yoast_head_json":{"title":"Projet ERBELGEN &#8226; ERBEL","robots":{"index":"index","follow":"follow","max-snippet":"max-snippet:-1","max-image-preview":"max-image-preview:large","max-video-preview":"max-video-preview:-1"},"canonical":"https:\/\/erbel.eus\/2020\/04\/08\/proyecto-erbelgen\/","og_locale":"fr_FR","og_type":"article","og_title":"Projet ERBELGEN &#8226; ERBEL","og_description":"Le contr\u00f4le des accouplements figure parmi les principales \u00e9tapes d'un programme d'am\u00e9lioration. En effet, un programme d'\u00e9levage s\u00e9rieux et digne de ce nom doit pouvoir, apr\u00e8s s\u00e9lection de la meilleure parent\u00e8le sur la base de crit\u00e8res g\u00e9n\u00e9tiques, f\u00e9conder les reines vierges avec les faux bourdons, les deux cat\u00e9gories \u00e9tant issues des meilleures m\u00e8res. L'ins\u00e9mination instrumentale et les stations d'accouplement sont au nombre des m\u00e9thodes utilis\u00e9es par ERBEL pour exercer ce contr\u00f4le. R\u00e9cemment, pour effectuer un contr\u00f4le naturel de la f\u00e9condation offrant des garanties g\u00e9n\u00e9tiques, le projet ERBELGEN a \u00e9t\u00e9 lanc\u00e9.","og_url":"https:\/\/erbel.eus\/2020\/04\/08\/proyecto-erbelgen\/","og_site_name":"ERBEL","article_published_time":"2020-04-10T07:51:39+00:00","article_modified_time":"2021-09-15T09:03:03+00:00","og_image":[{"width":3508,"height":2481,"url":"https:\/\/i0.wp.com\/erbel.eus\/wp-content\/uploads\/2020\/04\/NAEN_LOGO_GENERIQUE_RVB_BLEU-min.png?fit=3508%2C2481&ssl=1","type":"image\/png"}],"author":"Egoitz Galartza","twitter_card":"summary_large_image","twitter_misc":{"\u00c9crit par":"Egoitz Galartza","Dur\u00e9e de lecture estim\u00e9e":"3 minutes"},"schema":{"@context":"https:\/\/schema.org","@graph":[{"@type":"Article","@id":"https:\/\/erbel.eus\/2020\/04\/08\/proyecto-erbelgen\/#article","isPartOf":{"@id":"https:\/\/erbel.eus\/2020\/04\/08\/proyecto-erbelgen\/"},"author":{"name":"Egoitz Galartza","@id":"https:\/\/erbel.eus\/#\/schema\/person\/ff2d1eacc8825f0e87a0d04848349a7c"},"headline":"Projet ERBELGEN","datePublished":"2020-04-10T07:51:39+00:00","dateModified":"2021-09-15T09:03:03+00:00","mainEntityOfPage":{"@id":"https:\/\/erbel.eus\/2020\/04\/08\/proyecto-erbelgen\/"},"wordCount":734,"commentCount":0,"publisher":{"@id":"https:\/\/erbel.eus\/#organization"},"image":{"@id":"https:\/\/erbel.eus\/2020\/04\/08\/proyecto-erbelgen\/#primaryimage"},"thumbnailUrl":"https:\/\/i0.wp.com\/erbel.eus\/wp-content\/uploads\/2020\/04\/NAEN_LOGO_GENERIQUE_RVB_BLEU-min.png?fit=3508%2C2481&ssl=1","articleSection":["nouvelles"],"inLanguage":"fr-FR","potentialAction":[{"@type":"CommentAction","name":"Comment","target":["https:\/\/erbel.eus\/2020\/04\/08\/proyecto-erbelgen\/#respond"]}]},{"@type":"WebPage","@id":"https:\/\/erbel.eus\/2020\/04\/08\/proyecto-erbelgen\/","url":"https:\/\/erbel.eus\/2020\/04\/08\/proyecto-erbelgen\/","name":"Projet ERBELGEN &#8226; ERBEL","isPartOf":{"@id":"https:\/\/erbel.eus\/#website"},"primaryImageOfPage":{"@id":"https:\/\/erbel.eus\/2020\/04\/08\/proyecto-erbelgen\/#primaryimage"},"image":{"@id":"https:\/\/erbel.eus\/2020\/04\/08\/proyecto-erbelgen\/#primaryimage"},"thumbnailUrl":"https:\/\/i0.wp.com\/erbel.eus\/wp-content\/uploads\/2020\/04\/NAEN_LOGO_GENERIQUE_RVB_BLEU-min.png?fit=3508%2C2481&ssl=1","datePublished":"2020-04-10T07:51:39+00:00","dateModified":"2021-09-15T09:03:03+00:00","breadcrumb":{"@id":"https:\/\/erbel.eus\/2020\/04\/08\/proyecto-erbelgen\/#breadcrumb"},"inLanguage":"fr-FR","potentialAction":[{"@type":"ReadAction","target":["https:\/\/erbel.eus\/2020\/04\/08\/proyecto-erbelgen\/"]}]},{"@type":"ImageObject","inLanguage":"fr-FR","@id":"https:\/\/erbel.eus\/2020\/04\/08\/proyecto-erbelgen\/#primaryimage","url":"https:\/\/i0.wp.com\/erbel.eus\/wp-content\/uploads\/2020\/04\/NAEN_LOGO_GENERIQUE_RVB_BLEU-min.png?fit=3508%2C2481&ssl=1","contentUrl":"https:\/\/i0.wp.com\/erbel.eus\/wp-content\/uploads\/2020\/04\/NAEN_LOGO_GENERIQUE_RVB_BLEU-min.png?fit=3508%2C2481&ssl=1","width":3508,"height":2481},{"@type":"BreadcrumbList","@id":"https:\/\/erbel.eus\/2020\/04\/08\/proyecto-erbelgen\/#breadcrumb","itemListElement":[{"@type":"ListItem","position":1,"name":"Home","item":"https:\/\/erbel.eus\/"},{"@type":"ListItem","position":2,"name":"Projet ERBELGEN"}]},{"@type":"WebSite","@id":"https:\/\/erbel.eus\/#website","url":"https:\/\/erbel.eus\/","name":"ERBEL","description":" Erle Beltz Hazleen Elkartea - Asociacion de criadores de abeja Erle Beltza - Association d&#039;eleveurs d&#039;abeilles Erle Beltza","publisher":{"@id":"https:\/\/erbel.eus\/#organization"},"potentialAction":[{"@type":"SearchAction","target":{"@type":"EntryPoint","urlTemplate":"https:\/\/erbel.eus\/?s={search_term_string}"},"query-input":{"@type":"PropertyValueSpecification","valueRequired":true,"valueName":"search_term_string"}}],"inLanguage":"fr-FR"},{"@type":"Organization","@id":"https:\/\/erbel.eus\/#organization","name":"ERBEL Erle Beltza Hazleen Elkartea","url":"https:\/\/erbel.eus\/","logo":{"@type":"ImageObject","inLanguage":"fr-FR","@id":"https:\/\/erbel.eus\/#\/schema\/logo\/image\/","url":"https:\/\/i0.wp.com\/erbel.eus\/wp-content\/uploads\/2019\/05\/erbel_erleak_denak-beltz.png?fit=300%2C316&ssl=1","contentUrl":"https:\/\/i0.wp.com\/erbel.eus\/wp-content\/uploads\/2019\/05\/erbel_erleak_denak-beltz.png?fit=300%2C316&ssl=1","width":300,"height":316,"caption":"ERBEL Erle Beltza Hazleen Elkartea"},"image":{"@id":"https:\/\/erbel.eus\/#\/schema\/logo\/image\/"},"sameAs":["https:\/\/www.youtube.com\/channel\/UCNkgIS3GnpMESbnykKUIqgw"]},{"@type":"Person","@id":"https:\/\/erbel.eus\/#\/schema\/person\/ff2d1eacc8825f0e87a0d04848349a7c","name":"Egoitz Galartza","image":{"@type":"ImageObject","inLanguage":"fr-FR","@id":"https:\/\/erbel.eus\/#\/schema\/person\/image\/","url":"\/\/www.gravatar.com\/avatar\/2b6f40c945cfbd3dfdb8ec528a7534d9?s=96&#038;r=g&#038;d=mm","contentUrl":"\/\/www.gravatar.com\/avatar\/2b6f40c945cfbd3dfdb8ec528a7534d9?s=96&#038;r=g&#038;d=mm","caption":"Egoitz Galartza"}}]}},"jetpack_featured_media_url":"https:\/\/i0.wp.com\/erbel.eus\/wp-content\/uploads\/2020\/04\/NAEN_LOGO_GENERIQUE_RVB_BLEU-min.png?fit=3508%2C2481&ssl=1","jetpack_sharing_enabled":true,"_links":{"self":[{"href":"https:\/\/erbel.eus\/fr\/wp-json\/wp\/v2\/posts\/1531","targetHints":{"allow":["GET"]}}],"collection":[{"href":"https:\/\/erbel.eus\/fr\/wp-json\/wp\/v2\/posts"}],"about":[{"href":"https:\/\/erbel.eus\/fr\/wp-json\/wp\/v2\/types\/post"}],"author":[{"embeddable":true,"href":"https:\/\/erbel.eus\/fr\/wp-json\/wp\/v2\/users\/2"}],"replies":[{"embeddable":true,"href":"https:\/\/erbel.eus\/fr\/wp-json\/wp\/v2\/comments?post=1531"}],"version-history":[{"count":5,"href":"https:\/\/erbel.eus\/fr\/wp-json\/wp\/v2\/posts\/1531\/revisions"}],"predecessor-version":[{"id":1907,"href":"https:\/\/erbel.eus\/fr\/wp-json\/wp\/v2\/posts\/1531\/revisions\/1907"}],"wp:featuredmedia":[{"embeddable":true,"href":"https:\/\/erbel.eus\/fr\/wp-json\/wp\/v2\/media\/1563"}],"wp:attachment":[{"href":"https:\/\/erbel.eus\/fr\/wp-json\/wp\/v2\/media?parent=1531"}],"wp:term":[{"taxonomy":"category","embeddable":true,"href":"https:\/\/erbel.eus\/fr\/wp-json\/wp\/v2\/categories?post=1531"},{"taxonomy":"post_tag","embeddable":true,"href":"https:\/\/erbel.eus\/fr\/wp-json\/wp\/v2\/tags?post=1531"}],"curies":[{"name":"wp","href":"https:\/\/api.w.org\/{rel}","templated":true}]}}