{"id":1422,"date":"2020-02-18T10:54:48","date_gmt":"2020-02-18T09:54:48","guid":{"rendered":"https:\/\/www.erbel.eus\/2020\/02\/18\/stage-de-formation-integrale-2\/"},"modified":"2020-02-18T11:18:47","modified_gmt":"2020-02-18T10:18:47","slug":"stage-de-formation-integrale-2","status":"publish","type":"post","link":"https:\/\/erbel.eus\/fr\/2020\/02\/18\/stage-de-formation-integrale-2\/","title":{"rendered":"Stage de Formation Int\u00e9grale"},"content":{"rendered":"\n<p>Gr\u00e2ce au programme d&rsquo;am\u00e9lioration, nous souhaitons s\u00e9lectionner des abeilles vigoureuses et r\u00e9sistantes, douces et bonnes productrices de miel. Dans un tel but, les membres d&rsquo;ERBEL effectuent des essais et suivent les reines distribu\u00e9es pour obtenir des donn\u00e9es de rendement. Ces donn\u00e9es sont ensuite trait\u00e9es selon des m\u00e9thodes statistiques par l&rsquo;institut allemand LIB (Beebreed). Et c&rsquo;est sur la base des r\u00e9sultats g\u00e9n\u00e9tiques des reines transmis par l&rsquo;institut que nous r\u00e9alisons la s\u00e9lection.<\/p>\n\n\n\n<p>Pour l&rsquo;accomplissement de cette phase avec toutes les garanties, il est indispensable de savoir comment r\u00e9aliser les essais et comment \u00e9valuer les diff\u00e9rentes caract\u00e9ristiques des reines. Il convient aussi de g\u00e9rer les colonies pour qu&rsquo;elles n&rsquo;essaiment pas, qu&rsquo;elles soient le plus productives possible et qu&rsquo;elles passent l&rsquo;hiver sans probl\u00e8mes.<\/p>\n\n\n\n<p>Pour diffuser ces apprentissages parmi ses membres, nous organisons le Stage de Formation Int\u00e9grale 2020.<\/p>\n\n\n\n<p><p align=\"justify\"><span style=\"font-family: CALIBRI, sans-serif;\"><span style=\"font-size: medium;\"><b>Objectifs du stage:<\/b><\/span><\/span><\/p><\/p>\n\n\n\n<ul class=\"wp-block-list\"><li>Uniformiser les crit\u00e8res des testeurs\/membres et homog\u00e9n\u00e9iser les \u00e9valuations.<\/li><\/ul>\n\n\n\n<ul class=\"wp-block-list\"><li>S&rsquo;assurer que les essais de rendement sont r\u00e9alis\u00e9s correctement.<\/li><\/ul>\n\n\n\n<ul class=\"wp-block-list\"><li>Proposer une m\u00e9thode de collecte des donn\u00e9es et d&rsquo;\u00e9tablissement des fiches.<\/li><\/ul>\n\n\n\n<ul class=\"wp-block-list\"><li>Apprendre \u00e0 g\u00e9rer les colonies en vue d&rsquo;obtenir les meilleurs r\u00e9sultats possibles.<\/li><\/ul>\n\n\n\n<ul class=\"wp-block-list\"><li>Minimiser la perte de reines (au cours de l&rsquo;introduction, pendant le premier hiver, par essaimage et pendant le deuxi\u00e8me hiver).<\/li><\/ul>\n\n\n\n<ul class=\"wp-block-list\"><li>Accro\u00eetre la motivation des testeurs et augmenter leurs connaissances \u00e0 propos du projet.<\/li><\/ul>\n\n\n\n<ul class=\"wp-block-list\"><li>Promouvoir, par zones, la cr\u00e9ation de petits groupes de testeurs (de proximit\u00e9).<\/li><\/ul>\n\n\n\n<p>Voici le programme du cours:<\/p>\n\n\n\n<figure class=\"wp-block-image\"><img data-recalc-dims=\"1\" fetchpriority=\"high\" decoding=\"async\" width=\"724\" height=\"1024\" src=\"https:\/\/i0.wp.com\/www.erbel.eus\/wp-content\/uploads\/2020\/02\/FR_Capacitaci%C3%B3n-Integral-PROGRAMA-2020-1-724x1024.jpg?resize=724%2C1024&#038;ssl=1\" alt=\"\" class=\"wp-image-1399\" srcset=\"https:\/\/i0.wp.com\/erbel.eus\/wp-content\/uploads\/2020\/02\/FR_Capacitaci%C3%B3n-Integral-PROGRAMA-2020-1.jpg?resize=724%2C1024&amp;ssl=1 724w, https:\/\/i0.wp.com\/erbel.eus\/wp-content\/uploads\/2020\/02\/FR_Capacitaci%C3%B3n-Integral-PROGRAMA-2020-1.jpg?resize=212%2C300&amp;ssl=1 212w, https:\/\/i0.wp.com\/erbel.eus\/wp-content\/uploads\/2020\/02\/FR_Capacitaci%C3%B3n-Integral-PROGRAMA-2020-1.jpg?resize=768%2C1086&amp;ssl=1 768w, https:\/\/i0.wp.com\/erbel.eus\/wp-content\/uploads\/2020\/02\/FR_Capacitaci%C3%B3n-Integral-PROGRAMA-2020-1.jpg?w=1654&amp;ssl=1 1654w\" sizes=\"(max-width: 724px) 100vw, 724px\" \/><\/figure>\n\n\n\n<figure class=\"wp-block-image\"><img data-recalc-dims=\"1\" decoding=\"async\" width=\"724\" height=\"1024\" src=\"https:\/\/i0.wp.com\/www.erbel.eus\/wp-content\/uploads\/2020\/02\/FR_Capacitaci%C3%B3n-Integral-PROGRAMA-2020-2-724x1024.jpg?resize=724%2C1024&#038;ssl=1\" alt=\"\" class=\"wp-image-1402\" srcset=\"https:\/\/i0.wp.com\/erbel.eus\/wp-content\/uploads\/2020\/02\/FR_Capacitaci%C3%B3n-Integral-PROGRAMA-2020-2.jpg?resize=724%2C1024&amp;ssl=1 724w, https:\/\/i0.wp.com\/erbel.eus\/wp-content\/uploads\/2020\/02\/FR_Capacitaci%C3%B3n-Integral-PROGRAMA-2020-2.jpg?resize=212%2C300&amp;ssl=1 212w, https:\/\/i0.wp.com\/erbel.eus\/wp-content\/uploads\/2020\/02\/FR_Capacitaci%C3%B3n-Integral-PROGRAMA-2020-2.jpg?resize=768%2C1086&amp;ssl=1 768w, https:\/\/i0.wp.com\/erbel.eus\/wp-content\/uploads\/2020\/02\/FR_Capacitaci%C3%B3n-Integral-PROGRAMA-2020-2.jpg?w=1654&amp;ssl=1 1654w\" sizes=\"(max-width: 724px) 100vw, 724px\" \/><\/figure>\n","protected":false},"excerpt":{"rendered":"<p>Gr\u00e2ce au programme d&rsquo;am\u00e9lioration, nous souhaitons s\u00e9lectionner des abeilles vigoureuses et r\u00e9sistantes, douces et bonnes productrices de miel. Dans un tel but, les membres d&rsquo;ERBEL effectuent des essais et suivent les reines distribu\u00e9es pour obtenir des donn\u00e9es de rendement. Ces donn\u00e9es sont ensuite trait\u00e9es selon des m\u00e9thodes statistiques par l&rsquo;institut allemand LIB (Beebreed). Et c&rsquo;est sur la base des r\u00e9sultats g\u00e9n\u00e9tiques des reines transmis par l&rsquo;institut que nous r\u00e9alisons la s\u00e9lection.<\/p>\n","protected":false},"author":2,"featured_media":638,"comment_status":"open","ping_status":"open","sticky":false,"template":"","format":"standard","meta":{"_bbp_topic_count":0,"_bbp_reply_count":0,"_bbp_total_topic_count":0,"_bbp_total_reply_count":0,"_bbp_voice_count":0,"_bbp_anonymous_reply_count":0,"_bbp_topic_count_hidden":0,"_bbp_reply_count_hidden":0,"_bbp_forum_subforum_count":0,"_jetpack_memberships_contains_paid_content":false,"footnotes":""},"categories":[39],"tags":[],"class_list":["post-1422","post","type-post","status-publish","format-standard","has-post-thumbnail","hentry","category-nouvelles","masonry-post","generate-columns","tablet-grid-50","mobile-grid-100","grid-parent","grid-50"],"yoast_head":"<!-- This site is optimized with the Yoast SEO plugin v26.8 - https:\/\/yoast.com\/product\/yoast-seo-wordpress\/ -->\n<title>Stage de Formation Int\u00e9grale &#8226; ERBEL<\/title>\n<meta name=\"robots\" content=\"index, follow, max-snippet:-1, max-image-preview:large, max-video-preview:-1\" \/>\n<link rel=\"canonical\" href=\"https:\/\/erbel.eus\/2020\/02\/18\/curso-de-capacitacion-integral\/\" \/>\n<meta property=\"og:locale\" content=\"fr_FR\" \/>\n<meta property=\"og:type\" content=\"article\" \/>\n<meta property=\"og:title\" content=\"Stage de Formation Int\u00e9grale &#8226; ERBEL\" \/>\n<meta property=\"og:description\" content=\"Gr\u00e2ce au programme d&#039;am\u00e9lioration, nous souhaitons s\u00e9lectionner des abeilles vigoureuses et r\u00e9sistantes, douces et bonnes productrices de miel. Dans un tel but, les membres d&#039;ERBEL effectuent des essais et suivent les reines distribu\u00e9es pour obtenir des donn\u00e9es de rendement. Ces donn\u00e9es sont ensuite trait\u00e9es selon des m\u00e9thodes statistiques par l&#039;institut allemand LIB (Beebreed). Et c&#039;est sur la base des r\u00e9sultats g\u00e9n\u00e9tiques des reines transmis par l&#039;institut que nous r\u00e9alisons la s\u00e9lection.\" \/>\n<meta property=\"og:url\" content=\"https:\/\/erbel.eus\/2020\/02\/18\/curso-de-capacitacion-integral\/\" \/>\n<meta property=\"og:site_name\" content=\"ERBEL\" \/>\n<meta property=\"article:published_time\" content=\"2020-02-18T09:54:48+00:00\" \/>\n<meta property=\"article:modified_time\" content=\"2020-02-18T10:18:47+00:00\" \/>\n<meta property=\"og:image\" content=\"https:\/\/i0.wp.com\/erbel.eus\/wp-content\/uploads\/2019\/05\/1.5.6..jpg?fit=2048%2C1860&ssl=1\" \/>\n\t<meta property=\"og:image:width\" content=\"2048\" \/>\n\t<meta property=\"og:image:height\" content=\"1860\" \/>\n\t<meta property=\"og:image:type\" content=\"image\/jpeg\" \/>\n<meta name=\"author\" content=\"Egoitz Galartza\" \/>\n<meta name=\"twitter:card\" content=\"summary_large_image\" \/>\n<meta name=\"twitter:label1\" content=\"\u00c9crit par\" \/>\n\t<meta name=\"twitter:data1\" content=\"Egoitz Galartza\" \/>\n\t<meta name=\"twitter:label2\" content=\"Dur\u00e9e de lecture estim\u00e9e\" \/>\n\t<meta name=\"twitter:data2\" content=\"1 minute\" \/>\n<script type=\"application\/ld+json\" class=\"yoast-schema-graph\">{\"@context\":\"https:\/\/schema.org\",\"@graph\":[{\"@type\":\"Article\",\"@id\":\"https:\/\/erbel.eus\/2020\/02\/18\/curso-de-capacitacion-integral\/#article\",\"isPartOf\":{\"@id\":\"https:\/\/erbel.eus\/2020\/02\/18\/curso-de-capacitacion-integral\/\"},\"author\":{\"name\":\"Egoitz Galartza\",\"@id\":\"https:\/\/erbel.eus\/#\/schema\/person\/ff2d1eacc8825f0e87a0d04848349a7c\"},\"headline\":\"Stage de Formation Int\u00e9grale\",\"datePublished\":\"2020-02-18T09:54:48+00:00\",\"dateModified\":\"2020-02-18T10:18:47+00:00\",\"mainEntityOfPage\":{\"@id\":\"https:\/\/erbel.eus\/2020\/02\/18\/curso-de-capacitacion-integral\/\"},\"wordCount\":279,\"commentCount\":0,\"publisher\":{\"@id\":\"https:\/\/erbel.eus\/#organization\"},\"image\":{\"@id\":\"https:\/\/erbel.eus\/2020\/02\/18\/curso-de-capacitacion-integral\/#primaryimage\"},\"thumbnailUrl\":\"https:\/\/i0.wp.com\/erbel.eus\/wp-content\/uploads\/2019\/05\/1.5.6..jpg?fit=2048%2C1860&ssl=1\",\"articleSection\":[\"nouvelles\"],\"inLanguage\":\"fr-FR\",\"potentialAction\":[{\"@type\":\"CommentAction\",\"name\":\"Comment\",\"target\":[\"https:\/\/erbel.eus\/2020\/02\/18\/curso-de-capacitacion-integral\/#respond\"]}]},{\"@type\":\"WebPage\",\"@id\":\"https:\/\/erbel.eus\/2020\/02\/18\/curso-de-capacitacion-integral\/\",\"url\":\"https:\/\/erbel.eus\/2020\/02\/18\/curso-de-capacitacion-integral\/\",\"name\":\"Stage de Formation Int\u00e9grale &#8226; ERBEL\",\"isPartOf\":{\"@id\":\"https:\/\/erbel.eus\/#website\"},\"primaryImageOfPage\":{\"@id\":\"https:\/\/erbel.eus\/2020\/02\/18\/curso-de-capacitacion-integral\/#primaryimage\"},\"image\":{\"@id\":\"https:\/\/erbel.eus\/2020\/02\/18\/curso-de-capacitacion-integral\/#primaryimage\"},\"thumbnailUrl\":\"https:\/\/i0.wp.com\/erbel.eus\/wp-content\/uploads\/2019\/05\/1.5.6..jpg?fit=2048%2C1860&ssl=1\",\"datePublished\":\"2020-02-18T09:54:48+00:00\",\"dateModified\":\"2020-02-18T10:18:47+00:00\",\"breadcrumb\":{\"@id\":\"https:\/\/erbel.eus\/2020\/02\/18\/curso-de-capacitacion-integral\/#breadcrumb\"},\"inLanguage\":\"fr-FR\",\"potentialAction\":[{\"@type\":\"ReadAction\",\"target\":[\"https:\/\/erbel.eus\/2020\/02\/18\/curso-de-capacitacion-integral\/\"]}]},{\"@type\":\"ImageObject\",\"inLanguage\":\"fr-FR\",\"@id\":\"https:\/\/erbel.eus\/2020\/02\/18\/curso-de-capacitacion-integral\/#primaryimage\",\"url\":\"https:\/\/i0.wp.com\/erbel.eus\/wp-content\/uploads\/2019\/05\/1.5.6..jpg?fit=2048%2C1860&ssl=1\",\"contentUrl\":\"https:\/\/i0.wp.com\/erbel.eus\/wp-content\/uploads\/2019\/05\/1.5.6..jpg?fit=2048%2C1860&ssl=1\",\"width\":2048,\"height\":1860},{\"@type\":\"BreadcrumbList\",\"@id\":\"https:\/\/erbel.eus\/2020\/02\/18\/curso-de-capacitacion-integral\/#breadcrumb\",\"itemListElement\":[{\"@type\":\"ListItem\",\"position\":1,\"name\":\"Home\",\"item\":\"https:\/\/erbel.eus\/\"},{\"@type\":\"ListItem\",\"position\":2,\"name\":\"Stage de Formation Int\u00e9grale\"}]},{\"@type\":\"WebSite\",\"@id\":\"https:\/\/erbel.eus\/#website\",\"url\":\"https:\/\/erbel.eus\/\",\"name\":\"ERBEL\",\"description\":\" Erle Beltz Hazleen Elkartea - Asociacion de criadores de abeja Erle Beltza - Association d&#039;eleveurs d&#039;abeilles Erle Beltza\",\"publisher\":{\"@id\":\"https:\/\/erbel.eus\/#organization\"},\"potentialAction\":[{\"@type\":\"SearchAction\",\"target\":{\"@type\":\"EntryPoint\",\"urlTemplate\":\"https:\/\/erbel.eus\/?s={search_term_string}\"},\"query-input\":{\"@type\":\"PropertyValueSpecification\",\"valueRequired\":true,\"valueName\":\"search_term_string\"}}],\"inLanguage\":\"fr-FR\"},{\"@type\":\"Organization\",\"@id\":\"https:\/\/erbel.eus\/#organization\",\"name\":\"ERBEL Erle Beltza Hazleen Elkartea\",\"url\":\"https:\/\/erbel.eus\/\",\"logo\":{\"@type\":\"ImageObject\",\"inLanguage\":\"fr-FR\",\"@id\":\"https:\/\/erbel.eus\/#\/schema\/logo\/image\/\",\"url\":\"https:\/\/i0.wp.com\/erbel.eus\/wp-content\/uploads\/2019\/05\/erbel_erleak_denak-beltz.png?fit=300%2C316&ssl=1\",\"contentUrl\":\"https:\/\/i0.wp.com\/erbel.eus\/wp-content\/uploads\/2019\/05\/erbel_erleak_denak-beltz.png?fit=300%2C316&ssl=1\",\"width\":300,\"height\":316,\"caption\":\"ERBEL Erle Beltza Hazleen Elkartea\"},\"image\":{\"@id\":\"https:\/\/erbel.eus\/#\/schema\/logo\/image\/\"},\"sameAs\":[\"https:\/\/www.youtube.com\/channel\/UCNkgIS3GnpMESbnykKUIqgw\"]},{\"@type\":\"Person\",\"@id\":\"https:\/\/erbel.eus\/#\/schema\/person\/ff2d1eacc8825f0e87a0d04848349a7c\",\"name\":\"Egoitz Galartza\",\"image\":{\"@type\":\"ImageObject\",\"inLanguage\":\"fr-FR\",\"@id\":\"https:\/\/erbel.eus\/#\/schema\/person\/image\/\",\"url\":\"\/\/www.gravatar.com\/avatar\/2b6f40c945cfbd3dfdb8ec528a7534d9?s=96&#038;r=g&#038;d=mm\",\"contentUrl\":\"\/\/www.gravatar.com\/avatar\/2b6f40c945cfbd3dfdb8ec528a7534d9?s=96&#038;r=g&#038;d=mm\",\"caption\":\"Egoitz Galartza\"}}]}<\/script>\n<!-- \/ Yoast SEO plugin. -->","yoast_head_json":{"title":"Stage de Formation Int\u00e9grale &#8226; ERBEL","robots":{"index":"index","follow":"follow","max-snippet":"max-snippet:-1","max-image-preview":"max-image-preview:large","max-video-preview":"max-video-preview:-1"},"canonical":"https:\/\/erbel.eus\/2020\/02\/18\/curso-de-capacitacion-integral\/","og_locale":"fr_FR","og_type":"article","og_title":"Stage de Formation Int\u00e9grale &#8226; ERBEL","og_description":"Gr\u00e2ce au programme d'am\u00e9lioration, nous souhaitons s\u00e9lectionner des abeilles vigoureuses et r\u00e9sistantes, douces et bonnes productrices de miel. Dans un tel but, les membres d'ERBEL effectuent des essais et suivent les reines distribu\u00e9es pour obtenir des donn\u00e9es de rendement. Ces donn\u00e9es sont ensuite trait\u00e9es selon des m\u00e9thodes statistiques par l'institut allemand LIB (Beebreed). Et c'est sur la base des r\u00e9sultats g\u00e9n\u00e9tiques des reines transmis par l'institut que nous r\u00e9alisons la s\u00e9lection.","og_url":"https:\/\/erbel.eus\/2020\/02\/18\/curso-de-capacitacion-integral\/","og_site_name":"ERBEL","article_published_time":"2020-02-18T09:54:48+00:00","article_modified_time":"2020-02-18T10:18:47+00:00","og_image":[{"width":2048,"height":1860,"url":"https:\/\/i0.wp.com\/erbel.eus\/wp-content\/uploads\/2019\/05\/1.5.6..jpg?fit=2048%2C1860&ssl=1","type":"image\/jpeg"}],"author":"Egoitz Galartza","twitter_card":"summary_large_image","twitter_misc":{"\u00c9crit par":"Egoitz Galartza","Dur\u00e9e de lecture estim\u00e9e":"1 minute"},"schema":{"@context":"https:\/\/schema.org","@graph":[{"@type":"Article","@id":"https:\/\/erbel.eus\/2020\/02\/18\/curso-de-capacitacion-integral\/#article","isPartOf":{"@id":"https:\/\/erbel.eus\/2020\/02\/18\/curso-de-capacitacion-integral\/"},"author":{"name":"Egoitz Galartza","@id":"https:\/\/erbel.eus\/#\/schema\/person\/ff2d1eacc8825f0e87a0d04848349a7c"},"headline":"Stage de Formation Int\u00e9grale","datePublished":"2020-02-18T09:54:48+00:00","dateModified":"2020-02-18T10:18:47+00:00","mainEntityOfPage":{"@id":"https:\/\/erbel.eus\/2020\/02\/18\/curso-de-capacitacion-integral\/"},"wordCount":279,"commentCount":0,"publisher":{"@id":"https:\/\/erbel.eus\/#organization"},"image":{"@id":"https:\/\/erbel.eus\/2020\/02\/18\/curso-de-capacitacion-integral\/#primaryimage"},"thumbnailUrl":"https:\/\/i0.wp.com\/erbel.eus\/wp-content\/uploads\/2019\/05\/1.5.6..jpg?fit=2048%2C1860&ssl=1","articleSection":["nouvelles"],"inLanguage":"fr-FR","potentialAction":[{"@type":"CommentAction","name":"Comment","target":["https:\/\/erbel.eus\/2020\/02\/18\/curso-de-capacitacion-integral\/#respond"]}]},{"@type":"WebPage","@id":"https:\/\/erbel.eus\/2020\/02\/18\/curso-de-capacitacion-integral\/","url":"https:\/\/erbel.eus\/2020\/02\/18\/curso-de-capacitacion-integral\/","name":"Stage de Formation Int\u00e9grale &#8226; ERBEL","isPartOf":{"@id":"https:\/\/erbel.eus\/#website"},"primaryImageOfPage":{"@id":"https:\/\/erbel.eus\/2020\/02\/18\/curso-de-capacitacion-integral\/#primaryimage"},"image":{"@id":"https:\/\/erbel.eus\/2020\/02\/18\/curso-de-capacitacion-integral\/#primaryimage"},"thumbnailUrl":"https:\/\/i0.wp.com\/erbel.eus\/wp-content\/uploads\/2019\/05\/1.5.6..jpg?fit=2048%2C1860&ssl=1","datePublished":"2020-02-18T09:54:48+00:00","dateModified":"2020-02-18T10:18:47+00:00","breadcrumb":{"@id":"https:\/\/erbel.eus\/2020\/02\/18\/curso-de-capacitacion-integral\/#breadcrumb"},"inLanguage":"fr-FR","potentialAction":[{"@type":"ReadAction","target":["https:\/\/erbel.eus\/2020\/02\/18\/curso-de-capacitacion-integral\/"]}]},{"@type":"ImageObject","inLanguage":"fr-FR","@id":"https:\/\/erbel.eus\/2020\/02\/18\/curso-de-capacitacion-integral\/#primaryimage","url":"https:\/\/i0.wp.com\/erbel.eus\/wp-content\/uploads\/2019\/05\/1.5.6..jpg?fit=2048%2C1860&ssl=1","contentUrl":"https:\/\/i0.wp.com\/erbel.eus\/wp-content\/uploads\/2019\/05\/1.5.6..jpg?fit=2048%2C1860&ssl=1","width":2048,"height":1860},{"@type":"BreadcrumbList","@id":"https:\/\/erbel.eus\/2020\/02\/18\/curso-de-capacitacion-integral\/#breadcrumb","itemListElement":[{"@type":"ListItem","position":1,"name":"Home","item":"https:\/\/erbel.eus\/"},{"@type":"ListItem","position":2,"name":"Stage de Formation Int\u00e9grale"}]},{"@type":"WebSite","@id":"https:\/\/erbel.eus\/#website","url":"https:\/\/erbel.eus\/","name":"ERBEL","description":" Erle Beltz Hazleen Elkartea - Asociacion de criadores de abeja Erle Beltza - Association d&#039;eleveurs d&#039;abeilles Erle Beltza","publisher":{"@id":"https:\/\/erbel.eus\/#organization"},"potentialAction":[{"@type":"SearchAction","target":{"@type":"EntryPoint","urlTemplate":"https:\/\/erbel.eus\/?s={search_term_string}"},"query-input":{"@type":"PropertyValueSpecification","valueRequired":true,"valueName":"search_term_string"}}],"inLanguage":"fr-FR"},{"@type":"Organization","@id":"https:\/\/erbel.eus\/#organization","name":"ERBEL Erle Beltza Hazleen Elkartea","url":"https:\/\/erbel.eus\/","logo":{"@type":"ImageObject","inLanguage":"fr-FR","@id":"https:\/\/erbel.eus\/#\/schema\/logo\/image\/","url":"https:\/\/i0.wp.com\/erbel.eus\/wp-content\/uploads\/2019\/05\/erbel_erleak_denak-beltz.png?fit=300%2C316&ssl=1","contentUrl":"https:\/\/i0.wp.com\/erbel.eus\/wp-content\/uploads\/2019\/05\/erbel_erleak_denak-beltz.png?fit=300%2C316&ssl=1","width":300,"height":316,"caption":"ERBEL Erle Beltza Hazleen Elkartea"},"image":{"@id":"https:\/\/erbel.eus\/#\/schema\/logo\/image\/"},"sameAs":["https:\/\/www.youtube.com\/channel\/UCNkgIS3GnpMESbnykKUIqgw"]},{"@type":"Person","@id":"https:\/\/erbel.eus\/#\/schema\/person\/ff2d1eacc8825f0e87a0d04848349a7c","name":"Egoitz Galartza","image":{"@type":"ImageObject","inLanguage":"fr-FR","@id":"https:\/\/erbel.eus\/#\/schema\/person\/image\/","url":"\/\/www.gravatar.com\/avatar\/2b6f40c945cfbd3dfdb8ec528a7534d9?s=96&#038;r=g&#038;d=mm","contentUrl":"\/\/www.gravatar.com\/avatar\/2b6f40c945cfbd3dfdb8ec528a7534d9?s=96&#038;r=g&#038;d=mm","caption":"Egoitz Galartza"}}]}},"jetpack_featured_media_url":"https:\/\/i0.wp.com\/erbel.eus\/wp-content\/uploads\/2019\/05\/1.5.6..jpg?fit=2048%2C1860&ssl=1","jetpack_sharing_enabled":true,"_links":{"self":[{"href":"https:\/\/erbel.eus\/fr\/wp-json\/wp\/v2\/posts\/1422","targetHints":{"allow":["GET"]}}],"collection":[{"href":"https:\/\/erbel.eus\/fr\/wp-json\/wp\/v2\/posts"}],"about":[{"href":"https:\/\/erbel.eus\/fr\/wp-json\/wp\/v2\/types\/post"}],"author":[{"embeddable":true,"href":"https:\/\/erbel.eus\/fr\/wp-json\/wp\/v2\/users\/2"}],"replies":[{"embeddable":true,"href":"https:\/\/erbel.eus\/fr\/wp-json\/wp\/v2\/comments?post=1422"}],"version-history":[{"count":2,"href":"https:\/\/erbel.eus\/fr\/wp-json\/wp\/v2\/posts\/1422\/revisions"}],"predecessor-version":[{"id":1424,"href":"https:\/\/erbel.eus\/fr\/wp-json\/wp\/v2\/posts\/1422\/revisions\/1424"}],"wp:featuredmedia":[{"embeddable":true,"href":"https:\/\/erbel.eus\/fr\/wp-json\/wp\/v2\/media\/638"}],"wp:attachment":[{"href":"https:\/\/erbel.eus\/fr\/wp-json\/wp\/v2\/media?parent=1422"}],"wp:term":[{"taxonomy":"category","embeddable":true,"href":"https:\/\/erbel.eus\/fr\/wp-json\/wp\/v2\/categories?post=1422"},{"taxonomy":"post_tag","embeddable":true,"href":"https:\/\/erbel.eus\/fr\/wp-json\/wp\/v2\/tags?post=1422"}],"curies":[{"name":"wp","href":"https:\/\/api.w.org\/{rel}","templated":true}]}}