{"id":1315,"date":"2019-10-08T18:14:55","date_gmt":"2019-10-08T17:14:55","guid":{"rendered":"https:\/\/www.erbel.eus\/?p=1315"},"modified":"2019-11-28T18:08:59","modified_gmt":"2019-11-28T17:08:59","slug":"journees-dautomne-de-lerbel","status":"publish","type":"post","link":"https:\/\/erbel.eus\/fr\/2019\/10\/08\/journees-dautomne-de-lerbel\/","title":{"rendered":"Journ\u00e9es d&rsquo;automne de l&rsquo;ERBEL"},"content":{"rendered":"\n<p style=\"text-align:justify\">Les 23 et 24 novembre, la conf\u00e9rence sur la g\u00e9n\u00e9tique et l&rsquo;apiculture organis\u00e9e par ERBEL se tiendra au si\u00e8ge de l&rsquo;association de Zaldibia (Gipuzkoa).<\/p>\n\n\n\n<p style=\"text-align:justify\">Le 23, journ\u00e9e ouverte au public, <strong>Andone Estonba<\/strong>, professeur de g\u00e9n\u00e9tique \u00e0 l&rsquo;UPV \/ EHU, <strong>Gilles Fert<\/strong>, apiculteur professionnel et \u00e9leveur et <strong>Mikela Untsain<\/strong>, apiculteur professionnel, interviendront en tant qu&rsquo;orateurs. Le m\u00eame jour, le travail effectu\u00e9 par ERBEL et son programme d&rsquo;am\u00e9lioration g\u00e9n\u00e9tique seront \u00e9galement pr\u00e9sent\u00e9s. Enfin, tous les orateurs organiseront une table ronde sur les questions de s\u00e9lection et d\u2019apiculture.<\/p>\n\n\n\n<p style=\"text-align:justify\">L&rsquo;inscription \u00e0 la journ\u00e9e est n\u00e9cessaire (10 \u20ac pour les non-membres d&rsquo;ERBEL), mais vous devez \u00e9galement vous inscrire si vous souhaitez r\u00e9server une place pour le d\u00e9jeuner (15 \u20ac). Vous pouvez \u00e9crire \u00e0 <strong>info@erbel.eus<\/strong>.<\/p>\n\n\n\n<p style=\"text-align:justify\">Le 24, journ\u00e9e portes ouvertes r\u00e9serv\u00e9e aux membres d&rsquo;ERBEL, une assembl\u00e9e extraordinaire sera organis\u00e9e. Ensuite, divers sujets li\u00e9s au fonctionnement interne de l&rsquo;association seront discut\u00e9s et les nouvelles qui seront propos\u00e9es aux partenaires seront pr\u00e9sent\u00e9es \u00e0 partir de l&rsquo;ann\u00e9e prochaine.<\/p>\n\n\n\n<p>La journ\u00e9e se terminera par un repas de jumelage.<\/p>\n\n\n\n<div class=\"wp-block-image\"><figure class=\"aligncenter\"><img data-recalc-dims=\"1\" fetchpriority=\"high\" decoding=\"async\" width=\"724\" height=\"1024\" src=\"https:\/\/i0.wp.com\/www.erbel.eus\/wp-content\/uploads\/2019\/10\/1-3-724x1024.jpg?resize=724%2C1024&#038;ssl=1\" alt=\"\" class=\"wp-image-1308\" srcset=\"https:\/\/i0.wp.com\/erbel.eus\/wp-content\/uploads\/2019\/10\/1-3.jpg?resize=724%2C1024&amp;ssl=1 724w, https:\/\/i0.wp.com\/erbel.eus\/wp-content\/uploads\/2019\/10\/1-3.jpg?resize=212%2C300&amp;ssl=1 212w, https:\/\/i0.wp.com\/erbel.eus\/wp-content\/uploads\/2019\/10\/1-3.jpg?resize=768%2C1086&amp;ssl=1 768w, https:\/\/i0.wp.com\/erbel.eus\/wp-content\/uploads\/2019\/10\/1-3.jpg?w=794&amp;ssl=1 794w\" sizes=\"(max-width: 724px) 100vw, 724px\" \/><\/figure><\/div>\n\n\n\n<div class=\"wp-block-image\"><figure class=\"aligncenter\"><img data-recalc-dims=\"1\" decoding=\"async\" width=\"724\" height=\"1024\" src=\"https:\/\/i0.wp.com\/www.erbel.eus\/wp-content\/uploads\/2019\/10\/2-2-724x1024.jpg?resize=724%2C1024&#038;ssl=1\" alt=\"\" class=\"wp-image-1311\" srcset=\"https:\/\/i0.wp.com\/erbel.eus\/wp-content\/uploads\/2019\/10\/2-2.jpg?resize=724%2C1024&amp;ssl=1 724w, https:\/\/i0.wp.com\/erbel.eus\/wp-content\/uploads\/2019\/10\/2-2.jpg?resize=212%2C300&amp;ssl=1 212w, https:\/\/i0.wp.com\/erbel.eus\/wp-content\/uploads\/2019\/10\/2-2.jpg?resize=768%2C1086&amp;ssl=1 768w, https:\/\/i0.wp.com\/erbel.eus\/wp-content\/uploads\/2019\/10\/2-2.jpg?w=794&amp;ssl=1 794w\" sizes=\"(max-width: 724px) 100vw, 724px\" \/><\/figure><\/div>\n\n\n\n<div class=\"wp-block-image\"><figure class=\"aligncenter\"><img data-recalc-dims=\"1\" decoding=\"async\" width=\"724\" height=\"1024\" src=\"https:\/\/i0.wp.com\/www.erbel.eus\/wp-content\/uploads\/2019\/10\/3-2-724x1024.jpg?resize=724%2C1024&#038;ssl=1\" alt=\"\" class=\"wp-image-1314\" srcset=\"https:\/\/i0.wp.com\/erbel.eus\/wp-content\/uploads\/2019\/10\/3-2.jpg?resize=724%2C1024&amp;ssl=1 724w, https:\/\/i0.wp.com\/erbel.eus\/wp-content\/uploads\/2019\/10\/3-2.jpg?resize=212%2C300&amp;ssl=1 212w, https:\/\/i0.wp.com\/erbel.eus\/wp-content\/uploads\/2019\/10\/3-2.jpg?resize=768%2C1086&amp;ssl=1 768w, https:\/\/i0.wp.com\/erbel.eus\/wp-content\/uploads\/2019\/10\/3-2.jpg?w=794&amp;ssl=1 794w\" sizes=\"(max-width: 724px) 100vw, 724px\" \/><\/figure><\/div>\n","protected":false},"excerpt":{"rendered":"<p>Le 23, journ\u00e9e ouverte au public, Andone Estonba, professeur de g\u00e9n\u00e9tique \u00e0 l&rsquo;UPV \/ EHU, Gilles Fert, apiculteur professionnel et \u00e9leveur et Mikela Untsain, apiculteur professionnel, interviendront en tant qu&rsquo;orateurs. Le m\u00eame jour, le travail effectu\u00e9 par ERBEL et son programme d&rsquo;am\u00e9lioration g\u00e9n\u00e9tique seront \u00e9galement pr\u00e9sent\u00e9s. Enfin, tous les orateurs organiseront une table ronde sur les questions de s\u00e9lection et d\u2019apiculture.<\/p>\n","protected":false},"author":2,"featured_media":926,"comment_status":"open","ping_status":"open","sticky":false,"template":"","format":"standard","meta":{"_bbp_topic_count":0,"_bbp_reply_count":0,"_bbp_total_topic_count":0,"_bbp_total_reply_count":0,"_bbp_voice_count":0,"_bbp_anonymous_reply_count":0,"_bbp_topic_count_hidden":0,"_bbp_reply_count_hidden":0,"_bbp_forum_subforum_count":0,"_jetpack_memberships_contains_paid_content":false,"footnotes":""},"categories":[39],"tags":[],"class_list":["post-1315","post","type-post","status-publish","format-standard","has-post-thumbnail","hentry","category-nouvelles","masonry-post","generate-columns","tablet-grid-50","mobile-grid-100","grid-parent","grid-50"],"yoast_head":"<!-- This site is optimized with the Yoast SEO plugin v26.8 - https:\/\/yoast.com\/product\/yoast-seo-wordpress\/ -->\n<title>Journ\u00e9es d&#039;automne de l&#039;ERBEL &#8226; ERBEL<\/title>\n<meta name=\"robots\" content=\"index, follow, max-snippet:-1, max-image-preview:large, max-video-preview:-1\" \/>\n<link rel=\"canonical\" href=\"https:\/\/erbel.eus\/2019\/10\/08\/jornadas-de-otono-de-erbel\/\" \/>\n<meta property=\"og:locale\" content=\"fr_FR\" \/>\n<meta property=\"og:type\" content=\"article\" \/>\n<meta property=\"og:title\" content=\"Journ\u00e9es d&#039;automne de l&#039;ERBEL &#8226; ERBEL\" \/>\n<meta property=\"og:description\" content=\"Le 23, journ\u00e9e ouverte au public, Andone Estonba, professeur de g\u00e9n\u00e9tique \u00e0 l&#039;UPV \/ EHU, Gilles Fert, apiculteur professionnel et \u00e9leveur et Mikela Untsain, apiculteur professionnel, interviendront en tant qu&#039;orateurs. Le m\u00eame jour, le travail effectu\u00e9 par ERBEL et son programme d&#039;am\u00e9lioration g\u00e9n\u00e9tique seront \u00e9galement pr\u00e9sent\u00e9s. Enfin, tous les orateurs organiseront une table ronde sur les questions de s\u00e9lection et d\u2019apiculture.\" \/>\n<meta property=\"og:url\" content=\"https:\/\/erbel.eus\/2019\/10\/08\/jornadas-de-otono-de-erbel\/\" \/>\n<meta property=\"og:site_name\" content=\"ERBEL\" \/>\n<meta property=\"article:published_time\" content=\"2019-10-08T17:14:55+00:00\" \/>\n<meta property=\"article:modified_time\" content=\"2019-11-28T17:08:59+00:00\" \/>\n<meta property=\"og:image\" content=\"https:\/\/i0.wp.com\/erbel.eus\/wp-content\/uploads\/2019\/05\/2.4.-1.jpg?fit=2048%2C1149&ssl=1\" \/>\n\t<meta property=\"og:image:width\" content=\"2048\" \/>\n\t<meta property=\"og:image:height\" content=\"1149\" \/>\n\t<meta property=\"og:image:type\" content=\"image\/jpeg\" \/>\n<meta name=\"author\" content=\"Egoitz Galartza\" \/>\n<meta name=\"twitter:card\" content=\"summary_large_image\" \/>\n<meta name=\"twitter:label1\" content=\"\u00c9crit par\" \/>\n\t<meta name=\"twitter:data1\" content=\"Egoitz Galartza\" \/>\n\t<meta name=\"twitter:label2\" content=\"Dur\u00e9e de lecture estim\u00e9e\" \/>\n\t<meta name=\"twitter:data2\" content=\"1 minute\" \/>\n<script type=\"application\/ld+json\" class=\"yoast-schema-graph\">{\"@context\":\"https:\/\/schema.org\",\"@graph\":[{\"@type\":\"Article\",\"@id\":\"https:\/\/erbel.eus\/2019\/10\/08\/jornadas-de-otono-de-erbel\/#article\",\"isPartOf\":{\"@id\":\"https:\/\/erbel.eus\/2019\/10\/08\/jornadas-de-otono-de-erbel\/\"},\"author\":{\"name\":\"Egoitz Galartza\",\"@id\":\"https:\/\/erbel.eus\/#\/schema\/person\/ff2d1eacc8825f0e87a0d04848349a7c\"},\"headline\":\"Journ\u00e9es d&rsquo;automne de l&rsquo;ERBEL\",\"datePublished\":\"2019-10-08T17:14:55+00:00\",\"dateModified\":\"2019-11-28T17:08:59+00:00\",\"mainEntityOfPage\":{\"@id\":\"https:\/\/erbel.eus\/2019\/10\/08\/jornadas-de-otono-de-erbel\/\"},\"wordCount\":206,\"commentCount\":0,\"publisher\":{\"@id\":\"https:\/\/erbel.eus\/#organization\"},\"image\":{\"@id\":\"https:\/\/erbel.eus\/2019\/10\/08\/jornadas-de-otono-de-erbel\/#primaryimage\"},\"thumbnailUrl\":\"https:\/\/i0.wp.com\/erbel.eus\/wp-content\/uploads\/2019\/05\/2.4.-1.jpg?fit=2048%2C1149&ssl=1\",\"articleSection\":[\"nouvelles\"],\"inLanguage\":\"fr-FR\",\"potentialAction\":[{\"@type\":\"CommentAction\",\"name\":\"Comment\",\"target\":[\"https:\/\/erbel.eus\/2019\/10\/08\/jornadas-de-otono-de-erbel\/#respond\"]}]},{\"@type\":\"WebPage\",\"@id\":\"https:\/\/erbel.eus\/2019\/10\/08\/jornadas-de-otono-de-erbel\/\",\"url\":\"https:\/\/erbel.eus\/2019\/10\/08\/jornadas-de-otono-de-erbel\/\",\"name\":\"Journ\u00e9es d'automne de l'ERBEL &#8226; ERBEL\",\"isPartOf\":{\"@id\":\"https:\/\/erbel.eus\/#website\"},\"primaryImageOfPage\":{\"@id\":\"https:\/\/erbel.eus\/2019\/10\/08\/jornadas-de-otono-de-erbel\/#primaryimage\"},\"image\":{\"@id\":\"https:\/\/erbel.eus\/2019\/10\/08\/jornadas-de-otono-de-erbel\/#primaryimage\"},\"thumbnailUrl\":\"https:\/\/i0.wp.com\/erbel.eus\/wp-content\/uploads\/2019\/05\/2.4.-1.jpg?fit=2048%2C1149&ssl=1\",\"datePublished\":\"2019-10-08T17:14:55+00:00\",\"dateModified\":\"2019-11-28T17:08:59+00:00\",\"breadcrumb\":{\"@id\":\"https:\/\/erbel.eus\/2019\/10\/08\/jornadas-de-otono-de-erbel\/#breadcrumb\"},\"inLanguage\":\"fr-FR\",\"potentialAction\":[{\"@type\":\"ReadAction\",\"target\":[\"https:\/\/erbel.eus\/2019\/10\/08\/jornadas-de-otono-de-erbel\/\"]}]},{\"@type\":\"ImageObject\",\"inLanguage\":\"fr-FR\",\"@id\":\"https:\/\/erbel.eus\/2019\/10\/08\/jornadas-de-otono-de-erbel\/#primaryimage\",\"url\":\"https:\/\/i0.wp.com\/erbel.eus\/wp-content\/uploads\/2019\/05\/2.4.-1.jpg?fit=2048%2C1149&ssl=1\",\"contentUrl\":\"https:\/\/i0.wp.com\/erbel.eus\/wp-content\/uploads\/2019\/05\/2.4.-1.jpg?fit=2048%2C1149&ssl=1\",\"width\":2048,\"height\":1149},{\"@type\":\"BreadcrumbList\",\"@id\":\"https:\/\/erbel.eus\/2019\/10\/08\/jornadas-de-otono-de-erbel\/#breadcrumb\",\"itemListElement\":[{\"@type\":\"ListItem\",\"position\":1,\"name\":\"Home\",\"item\":\"https:\/\/erbel.eus\/\"},{\"@type\":\"ListItem\",\"position\":2,\"name\":\"Journ\u00e9es d&#8217;automne de l&#8217;ERBEL\"}]},{\"@type\":\"WebSite\",\"@id\":\"https:\/\/erbel.eus\/#website\",\"url\":\"https:\/\/erbel.eus\/\",\"name\":\"ERBEL\",\"description\":\" Erle Beltz Hazleen Elkartea - Asociacion de criadores de abeja Erle Beltza - Association d&#039;eleveurs d&#039;abeilles Erle Beltza\",\"publisher\":{\"@id\":\"https:\/\/erbel.eus\/#organization\"},\"potentialAction\":[{\"@type\":\"SearchAction\",\"target\":{\"@type\":\"EntryPoint\",\"urlTemplate\":\"https:\/\/erbel.eus\/?s={search_term_string}\"},\"query-input\":{\"@type\":\"PropertyValueSpecification\",\"valueRequired\":true,\"valueName\":\"search_term_string\"}}],\"inLanguage\":\"fr-FR\"},{\"@type\":\"Organization\",\"@id\":\"https:\/\/erbel.eus\/#organization\",\"name\":\"ERBEL Erle Beltza Hazleen Elkartea\",\"url\":\"https:\/\/erbel.eus\/\",\"logo\":{\"@type\":\"ImageObject\",\"inLanguage\":\"fr-FR\",\"@id\":\"https:\/\/erbel.eus\/#\/schema\/logo\/image\/\",\"url\":\"https:\/\/i0.wp.com\/erbel.eus\/wp-content\/uploads\/2019\/05\/erbel_erleak_denak-beltz.png?fit=300%2C316&ssl=1\",\"contentUrl\":\"https:\/\/i0.wp.com\/erbel.eus\/wp-content\/uploads\/2019\/05\/erbel_erleak_denak-beltz.png?fit=300%2C316&ssl=1\",\"width\":300,\"height\":316,\"caption\":\"ERBEL Erle Beltza Hazleen Elkartea\"},\"image\":{\"@id\":\"https:\/\/erbel.eus\/#\/schema\/logo\/image\/\"},\"sameAs\":[\"https:\/\/www.youtube.com\/channel\/UCNkgIS3GnpMESbnykKUIqgw\"]},{\"@type\":\"Person\",\"@id\":\"https:\/\/erbel.eus\/#\/schema\/person\/ff2d1eacc8825f0e87a0d04848349a7c\",\"name\":\"Egoitz Galartza\",\"image\":{\"@type\":\"ImageObject\",\"inLanguage\":\"fr-FR\",\"@id\":\"https:\/\/erbel.eus\/#\/schema\/person\/image\/\",\"url\":\"\/\/www.gravatar.com\/avatar\/2b6f40c945cfbd3dfdb8ec528a7534d9?s=96&#038;r=g&#038;d=mm\",\"contentUrl\":\"\/\/www.gravatar.com\/avatar\/2b6f40c945cfbd3dfdb8ec528a7534d9?s=96&#038;r=g&#038;d=mm\",\"caption\":\"Egoitz Galartza\"}}]}<\/script>\n<!-- \/ Yoast SEO plugin. -->","yoast_head_json":{"title":"Journ\u00e9es d'automne de l'ERBEL &#8226; ERBEL","robots":{"index":"index","follow":"follow","max-snippet":"max-snippet:-1","max-image-preview":"max-image-preview:large","max-video-preview":"max-video-preview:-1"},"canonical":"https:\/\/erbel.eus\/2019\/10\/08\/jornadas-de-otono-de-erbel\/","og_locale":"fr_FR","og_type":"article","og_title":"Journ\u00e9es d'automne de l'ERBEL &#8226; ERBEL","og_description":"Le 23, journ\u00e9e ouverte au public, Andone Estonba, professeur de g\u00e9n\u00e9tique \u00e0 l'UPV \/ EHU, Gilles Fert, apiculteur professionnel et \u00e9leveur et Mikela Untsain, apiculteur professionnel, interviendront en tant qu'orateurs. Le m\u00eame jour, le travail effectu\u00e9 par ERBEL et son programme d'am\u00e9lioration g\u00e9n\u00e9tique seront \u00e9galement pr\u00e9sent\u00e9s. Enfin, tous les orateurs organiseront une table ronde sur les questions de s\u00e9lection et d\u2019apiculture.","og_url":"https:\/\/erbel.eus\/2019\/10\/08\/jornadas-de-otono-de-erbel\/","og_site_name":"ERBEL","article_published_time":"2019-10-08T17:14:55+00:00","article_modified_time":"2019-11-28T17:08:59+00:00","og_image":[{"width":2048,"height":1149,"url":"https:\/\/i0.wp.com\/erbel.eus\/wp-content\/uploads\/2019\/05\/2.4.-1.jpg?fit=2048%2C1149&ssl=1","type":"image\/jpeg"}],"author":"Egoitz Galartza","twitter_card":"summary_large_image","twitter_misc":{"\u00c9crit par":"Egoitz Galartza","Dur\u00e9e de lecture estim\u00e9e":"1 minute"},"schema":{"@context":"https:\/\/schema.org","@graph":[{"@type":"Article","@id":"https:\/\/erbel.eus\/2019\/10\/08\/jornadas-de-otono-de-erbel\/#article","isPartOf":{"@id":"https:\/\/erbel.eus\/2019\/10\/08\/jornadas-de-otono-de-erbel\/"},"author":{"name":"Egoitz Galartza","@id":"https:\/\/erbel.eus\/#\/schema\/person\/ff2d1eacc8825f0e87a0d04848349a7c"},"headline":"Journ\u00e9es d&rsquo;automne de l&rsquo;ERBEL","datePublished":"2019-10-08T17:14:55+00:00","dateModified":"2019-11-28T17:08:59+00:00","mainEntityOfPage":{"@id":"https:\/\/erbel.eus\/2019\/10\/08\/jornadas-de-otono-de-erbel\/"},"wordCount":206,"commentCount":0,"publisher":{"@id":"https:\/\/erbel.eus\/#organization"},"image":{"@id":"https:\/\/erbel.eus\/2019\/10\/08\/jornadas-de-otono-de-erbel\/#primaryimage"},"thumbnailUrl":"https:\/\/i0.wp.com\/erbel.eus\/wp-content\/uploads\/2019\/05\/2.4.-1.jpg?fit=2048%2C1149&ssl=1","articleSection":["nouvelles"],"inLanguage":"fr-FR","potentialAction":[{"@type":"CommentAction","name":"Comment","target":["https:\/\/erbel.eus\/2019\/10\/08\/jornadas-de-otono-de-erbel\/#respond"]}]},{"@type":"WebPage","@id":"https:\/\/erbel.eus\/2019\/10\/08\/jornadas-de-otono-de-erbel\/","url":"https:\/\/erbel.eus\/2019\/10\/08\/jornadas-de-otono-de-erbel\/","name":"Journ\u00e9es d'automne de l'ERBEL &#8226; ERBEL","isPartOf":{"@id":"https:\/\/erbel.eus\/#website"},"primaryImageOfPage":{"@id":"https:\/\/erbel.eus\/2019\/10\/08\/jornadas-de-otono-de-erbel\/#primaryimage"},"image":{"@id":"https:\/\/erbel.eus\/2019\/10\/08\/jornadas-de-otono-de-erbel\/#primaryimage"},"thumbnailUrl":"https:\/\/i0.wp.com\/erbel.eus\/wp-content\/uploads\/2019\/05\/2.4.-1.jpg?fit=2048%2C1149&ssl=1","datePublished":"2019-10-08T17:14:55+00:00","dateModified":"2019-11-28T17:08:59+00:00","breadcrumb":{"@id":"https:\/\/erbel.eus\/2019\/10\/08\/jornadas-de-otono-de-erbel\/#breadcrumb"},"inLanguage":"fr-FR","potentialAction":[{"@type":"ReadAction","target":["https:\/\/erbel.eus\/2019\/10\/08\/jornadas-de-otono-de-erbel\/"]}]},{"@type":"ImageObject","inLanguage":"fr-FR","@id":"https:\/\/erbel.eus\/2019\/10\/08\/jornadas-de-otono-de-erbel\/#primaryimage","url":"https:\/\/i0.wp.com\/erbel.eus\/wp-content\/uploads\/2019\/05\/2.4.-1.jpg?fit=2048%2C1149&ssl=1","contentUrl":"https:\/\/i0.wp.com\/erbel.eus\/wp-content\/uploads\/2019\/05\/2.4.-1.jpg?fit=2048%2C1149&ssl=1","width":2048,"height":1149},{"@type":"BreadcrumbList","@id":"https:\/\/erbel.eus\/2019\/10\/08\/jornadas-de-otono-de-erbel\/#breadcrumb","itemListElement":[{"@type":"ListItem","position":1,"name":"Home","item":"https:\/\/erbel.eus\/"},{"@type":"ListItem","position":2,"name":"Journ\u00e9es d&#8217;automne de l&#8217;ERBEL"}]},{"@type":"WebSite","@id":"https:\/\/erbel.eus\/#website","url":"https:\/\/erbel.eus\/","name":"ERBEL","description":" Erle Beltz Hazleen Elkartea - Asociacion de criadores de abeja Erle Beltza - Association d&#039;eleveurs d&#039;abeilles Erle Beltza","publisher":{"@id":"https:\/\/erbel.eus\/#organization"},"potentialAction":[{"@type":"SearchAction","target":{"@type":"EntryPoint","urlTemplate":"https:\/\/erbel.eus\/?s={search_term_string}"},"query-input":{"@type":"PropertyValueSpecification","valueRequired":true,"valueName":"search_term_string"}}],"inLanguage":"fr-FR"},{"@type":"Organization","@id":"https:\/\/erbel.eus\/#organization","name":"ERBEL Erle Beltza Hazleen Elkartea","url":"https:\/\/erbel.eus\/","logo":{"@type":"ImageObject","inLanguage":"fr-FR","@id":"https:\/\/erbel.eus\/#\/schema\/logo\/image\/","url":"https:\/\/i0.wp.com\/erbel.eus\/wp-content\/uploads\/2019\/05\/erbel_erleak_denak-beltz.png?fit=300%2C316&ssl=1","contentUrl":"https:\/\/i0.wp.com\/erbel.eus\/wp-content\/uploads\/2019\/05\/erbel_erleak_denak-beltz.png?fit=300%2C316&ssl=1","width":300,"height":316,"caption":"ERBEL Erle Beltza Hazleen Elkartea"},"image":{"@id":"https:\/\/erbel.eus\/#\/schema\/logo\/image\/"},"sameAs":["https:\/\/www.youtube.com\/channel\/UCNkgIS3GnpMESbnykKUIqgw"]},{"@type":"Person","@id":"https:\/\/erbel.eus\/#\/schema\/person\/ff2d1eacc8825f0e87a0d04848349a7c","name":"Egoitz Galartza","image":{"@type":"ImageObject","inLanguage":"fr-FR","@id":"https:\/\/erbel.eus\/#\/schema\/person\/image\/","url":"\/\/www.gravatar.com\/avatar\/2b6f40c945cfbd3dfdb8ec528a7534d9?s=96&#038;r=g&#038;d=mm","contentUrl":"\/\/www.gravatar.com\/avatar\/2b6f40c945cfbd3dfdb8ec528a7534d9?s=96&#038;r=g&#038;d=mm","caption":"Egoitz Galartza"}}]}},"jetpack_featured_media_url":"https:\/\/i0.wp.com\/erbel.eus\/wp-content\/uploads\/2019\/05\/2.4.-1.jpg?fit=2048%2C1149&ssl=1","jetpack_sharing_enabled":true,"_links":{"self":[{"href":"https:\/\/erbel.eus\/fr\/wp-json\/wp\/v2\/posts\/1315","targetHints":{"allow":["GET"]}}],"collection":[{"href":"https:\/\/erbel.eus\/fr\/wp-json\/wp\/v2\/posts"}],"about":[{"href":"https:\/\/erbel.eus\/fr\/wp-json\/wp\/v2\/types\/post"}],"author":[{"embeddable":true,"href":"https:\/\/erbel.eus\/fr\/wp-json\/wp\/v2\/users\/2"}],"replies":[{"embeddable":true,"href":"https:\/\/erbel.eus\/fr\/wp-json\/wp\/v2\/comments?post=1315"}],"version-history":[{"count":6,"href":"https:\/\/erbel.eus\/fr\/wp-json\/wp\/v2\/posts\/1315\/revisions"}],"predecessor-version":[{"id":1339,"href":"https:\/\/erbel.eus\/fr\/wp-json\/wp\/v2\/posts\/1315\/revisions\/1339"}],"wp:featuredmedia":[{"embeddable":true,"href":"https:\/\/erbel.eus\/fr\/wp-json\/wp\/v2\/media\/926"}],"wp:attachment":[{"href":"https:\/\/erbel.eus\/fr\/wp-json\/wp\/v2\/media?parent=1315"}],"wp:term":[{"taxonomy":"category","embeddable":true,"href":"https:\/\/erbel.eus\/fr\/wp-json\/wp\/v2\/categories?post=1315"},{"taxonomy":"post_tag","embeddable":true,"href":"https:\/\/erbel.eus\/fr\/wp-json\/wp\/v2\/tags?post=1315"}],"curies":[{"name":"wp","href":"https:\/\/api.w.org\/{rel}","templated":true}]}}