{"id":3282,"date":"2025-05-07T09:38:30","date_gmt":"2025-05-07T08:38:30","guid":{"rendered":"https:\/\/erbel.eus\/?p=3282"},"modified":"2025-05-07T09:38:31","modified_gmt":"2025-05-07T08:38:31","slug":"iberiensis-federazioaren-prentsa-adierazpena-erle-beltz-hazleen-elkarteen-federazioa","status":"publish","type":"post","link":"https:\/\/erbel.eus\/eu\/2025\/05\/07\/iberiensis-federazioaren-prentsa-adierazpena-erle-beltz-hazleen-elkarteen-federazioa\/","title":{"rendered":"IBERIENSIS federazioaren prentsa adierazpena (Erle Beltz Hazleen Elkarteen Federazioa)"},"content":{"rendered":"\n<p>Federazio honek izapideak abiatu ditu abeltzaintzako arraza gisa aitortua izan dadin erle beltz iberiarra (<em>Apis mellifera iberiensis<\/em>), zeren eta horren mende daude gure ondare genetikoa eta erlezaintza sektorearen etorkizuna.<\/p>\n\n<p>Hori dela eta, hauxe adierazten du federazio honek:<\/p>\n\n<p>1) Badago Espainiako Estatuan erle arraza bat, erle beltz iberiarra. Erlezaintza sektoreak harekin lan egiten du oso aspaldiko denboretatik, eta, haren ustez, dagoen arrazarik onena da gaur egun, egokituta dagoelako gure klimara eta loraldietara. Iberiar penintsulako berezko arraza da, erresilientea, plastizitate handikoa, oparoa eta emankorra.<\/p>\n\n<p>2) Azken urteetan, gero eta gehiago sartu dituzte kanpoko erle arrazak, galtzeko arriskuan jartzeraino bertako erlearen aberastasun eta ondasun genetikoa. Gertaera hori ikusita daukagu urrutira gabe Frantzian, bertako erlea galdu egin baitute, eta hura berreskuratzea ia ezinezkoa edo oso garestia izango da. <\/p>\n\n<p>3) Guztiz beharrezkotzat ikusten dugu gure erle beltz iberiarra Espainiako Ganadu Arrazen Katalogo Ofizialean sartzea; hartara, hazkuntza programa estandarrak garatu ahalko ditugu, eta horrek lagunduko digu haren ezaugarri produktiboak finkatzen. Portugalen, gobernuak bere ondare genetikoa babestu berri du, erle beltz iberiarra ganadu arraza izendatuz.<\/p>\n\n<p>4) Autonomia erkidegoei eta MAPAren Abeltzaintza Ekoizpideen Zuzendaritzaorde Nagusiari eskatzen diegu has daitezela pausoak ematen erle beltz iberiarra sar dezaten Espainiako Ganadu Arraza Ofizialen Katalogoan.\u00a0<\/p>\n\n<p>Iberiensis Federazioaren parte gara:<\/p>\n\n<ul class=\"wp-block-list\">\n<li>ACAMI, Asociaci\u00f3n de Criadores <em>Apis<\/em> <em>mellifera iberiensis<\/em> CLM (Gaztela-Mantxa)<\/li>\n\n\n\n<li>ACRIANICYL, Asociaci\u00f3n de Criadores de Abeja Negra Ib\u00e9rica de Castilla y Le\u00f3n (Gaztela eta Leon)<\/li>\n\n\n\n<li>AECRIA-Madrid (Madril)<\/li>\n\n\n\n<li>AMIGA, Asociaci\u00f3n de criadores de <em>Apis mellifera<\/em> <em>Iberiensis<\/em> de Galicia (Galizia)<\/li>\n\n\n\n<li>ASAN, Asociaci\u00f3n Altoaragonesa para la selecci\u00f3n de la abeja negra (Aragoi)<\/li>\n\n\n\n<li>Asociaci\u00f3n Asturiana de Criadores de Abeja Negra Ib\u00e9rica (Asturias)<\/li>\n\n\n\n<li>Asociaci\u00f3n de Criadores de Abeja Negra Ib\u00e9rica de Cantabria (Kantabria)<\/li>\n\n\n\n<li>Dotze Reines. Associaci\u00f3 Balear per el Foment de l\u00b4Abella Aut\u00f2ctona (Balear Uharteak)<\/li>\n\n\n\n<li>ERBEL, Erle Beltz Hazleen Elkartea (Euskal Autonomi Erkidegoa)<\/li>\n\n\n\n<li>IBERCR\u00cdA, Asociaci\u00f3n Valenciana de Criadores de abeja <em>Apis mellifera iberiensis<\/em> (Valentzia)<\/li>\n\n\n\n<li>Sartzeko prozesuan: Asociaci\u00f3n de Criadores de Abeja Ib\u00e9rica de extremadura \u201cEl Maestril\u201d (Extremadura)<\/li>\n<\/ul>\n","protected":false},"excerpt":{"rendered":"<p>Federazio honek izapideak abiatu ditu abeltzaintzako arraza gisa aitortua izan dadin erle beltz iberiarra (Apis mellifera iberiensis), zeren eta horren mende daude gure ondare genetikoa eta erlezaintza sektorearen etorkizuna.<\/p>\n","protected":false},"author":2,"featured_media":3286,"comment_status":"closed","ping_status":"closed","sticky":false,"template":"","format":"standard","meta":{"_bbp_topic_count":0,"_bbp_reply_count":0,"_bbp_total_topic_count":0,"_bbp_total_reply_count":0,"_bbp_voice_count":0,"_bbp_anonymous_reply_count":0,"_bbp_topic_count_hidden":0,"_bbp_reply_count_hidden":0,"_bbp_forum_subforum_count":0,"_jetpack_memberships_contains_paid_content":false,"footnotes":""},"categories":[38,25],"tags":[],"class_list":["post-3282","post","type-post","status-publish","format-standard","has-post-thumbnail","hentry","category-berriak-eu","category-uncategorized-eu","masonry-post","generate-columns","tablet-grid-50","mobile-grid-100","grid-parent","grid-50"],"yoast_head":"<!-- This site is optimized with the Yoast SEO plugin v26.8 - https:\/\/yoast.com\/product\/yoast-seo-wordpress\/ -->\n<title>IBERIENSIS federazioaren prentsa adierazpena (Erle Beltz Hazleen Elkarteen Federazioa) &#8226; ERBEL<\/title>\n<meta name=\"robots\" content=\"index, follow, max-snippet:-1, max-image-preview:large, max-video-preview:-1\" \/>\n<link rel=\"canonical\" href=\"https:\/\/erbel.eus\/eu\/2025\/05\/07\/iberiensis-federazioaren-prentsa-adierazpena-erle-beltz-hazleen-elkarteen-federazioa\/\" \/>\n<meta property=\"og:locale\" content=\"eu_ES\" \/>\n<meta property=\"og:type\" content=\"article\" \/>\n<meta property=\"og:title\" content=\"IBERIENSIS federazioaren prentsa adierazpena (Erle Beltz Hazleen Elkarteen Federazioa) &#8226; ERBEL\" \/>\n<meta property=\"og:description\" content=\"Federazio honek izapideak abiatu ditu abeltzaintzako arraza gisa aitortua izan dadin erle beltz iberiarra (Apis mellifera iberiensis), zeren eta horren mende daude gure ondare genetikoa eta erlezaintza sektorearen etorkizuna.\" \/>\n<meta property=\"og:url\" content=\"https:\/\/erbel.eus\/eu\/2025\/05\/07\/iberiensis-federazioaren-prentsa-adierazpena-erle-beltz-hazleen-elkarteen-federazioa\/\" \/>\n<meta property=\"og:site_name\" content=\"ERBEL\" \/>\n<meta property=\"article:published_time\" content=\"2025-05-07T08:38:30+00:00\" \/>\n<meta property=\"article:modified_time\" content=\"2025-05-07T08:38:31+00:00\" \/>\n<meta property=\"og:image\" content=\"https:\/\/erbel.eus\/wp-content\/uploads\/2025\/05\/WhatsApp-Image-2025-02-11-at-12.51.341-Kopiatu.jpeg\" \/>\n\t<meta property=\"og:image:width\" content=\"593\" \/>\n\t<meta property=\"og:image:height\" content=\"601\" \/>\n\t<meta property=\"og:image:type\" content=\"image\/jpeg\" \/>\n<meta name=\"author\" content=\"Egoitz Galartza\" \/>\n<meta name=\"twitter:card\" content=\"summary_large_image\" \/>\n<meta name=\"twitter:label1\" content=\"Written by\" \/>\n\t<meta name=\"twitter:data1\" content=\"Egoitz Galartza\" \/>\n\t<meta name=\"twitter:label2\" content=\"Est. reading time\" \/>\n\t<meta name=\"twitter:data2\" content=\"2 minutes\" \/>\n<script type=\"application\/ld+json\" class=\"yoast-schema-graph\">{\"@context\":\"https:\/\/schema.org\",\"@graph\":[{\"@type\":\"Article\",\"@id\":\"https:\/\/erbel.eus\/eu\/2025\/05\/07\/iberiensis-federazioaren-prentsa-adierazpena-erle-beltz-hazleen-elkarteen-federazioa\/#article\",\"isPartOf\":{\"@id\":\"https:\/\/erbel.eus\/eu\/2025\/05\/07\/iberiensis-federazioaren-prentsa-adierazpena-erle-beltz-hazleen-elkarteen-federazioa\/\"},\"author\":{\"name\":\"Egoitz Galartza\",\"@id\":\"https:\/\/erbel.eus\/#\/schema\/person\/ff2d1eacc8825f0e87a0d04848349a7c\"},\"headline\":\"IBERIENSIS federazioaren prentsa adierazpena (Erle Beltz Hazleen Elkarteen Federazioa)\",\"datePublished\":\"2025-05-07T08:38:30+00:00\",\"dateModified\":\"2025-05-07T08:38:31+00:00\",\"mainEntityOfPage\":{\"@id\":\"https:\/\/erbel.eus\/eu\/2025\/05\/07\/iberiensis-federazioaren-prentsa-adierazpena-erle-beltz-hazleen-elkarteen-federazioa\/\"},\"wordCount\":330,\"publisher\":{\"@id\":\"https:\/\/erbel.eus\/#organization\"},\"image\":{\"@id\":\"https:\/\/erbel.eus\/eu\/2025\/05\/07\/iberiensis-federazioaren-prentsa-adierazpena-erle-beltz-hazleen-elkarteen-federazioa\/#primaryimage\"},\"thumbnailUrl\":\"https:\/\/i0.wp.com\/erbel.eus\/wp-content\/uploads\/2025\/05\/WhatsApp-Image-2025-02-11-at-12.51.341-Kopiatu.jpeg?fit=593%2C601&ssl=1\",\"articleSection\":[\"berriak\",\"Uncategorized @eu\"],\"inLanguage\":\"eu-ES\"},{\"@type\":\"WebPage\",\"@id\":\"https:\/\/erbel.eus\/eu\/2025\/05\/07\/iberiensis-federazioaren-prentsa-adierazpena-erle-beltz-hazleen-elkarteen-federazioa\/\",\"url\":\"https:\/\/erbel.eus\/eu\/2025\/05\/07\/iberiensis-federazioaren-prentsa-adierazpena-erle-beltz-hazleen-elkarteen-federazioa\/\",\"name\":\"IBERIENSIS federazioaren prentsa adierazpena (Erle Beltz Hazleen Elkarteen Federazioa) &#8226; ERBEL\",\"isPartOf\":{\"@id\":\"https:\/\/erbel.eus\/#website\"},\"primaryImageOfPage\":{\"@id\":\"https:\/\/erbel.eus\/eu\/2025\/05\/07\/iberiensis-federazioaren-prentsa-adierazpena-erle-beltz-hazleen-elkarteen-federazioa\/#primaryimage\"},\"image\":{\"@id\":\"https:\/\/erbel.eus\/eu\/2025\/05\/07\/iberiensis-federazioaren-prentsa-adierazpena-erle-beltz-hazleen-elkarteen-federazioa\/#primaryimage\"},\"thumbnailUrl\":\"https:\/\/i0.wp.com\/erbel.eus\/wp-content\/uploads\/2025\/05\/WhatsApp-Image-2025-02-11-at-12.51.341-Kopiatu.jpeg?fit=593%2C601&ssl=1\",\"datePublished\":\"2025-05-07T08:38:30+00:00\",\"dateModified\":\"2025-05-07T08:38:31+00:00\",\"breadcrumb\":{\"@id\":\"https:\/\/erbel.eus\/eu\/2025\/05\/07\/iberiensis-federazioaren-prentsa-adierazpena-erle-beltz-hazleen-elkarteen-federazioa\/#breadcrumb\"},\"inLanguage\":\"eu-ES\",\"potentialAction\":[{\"@type\":\"ReadAction\",\"target\":[\"https:\/\/erbel.eus\/eu\/2025\/05\/07\/iberiensis-federazioaren-prentsa-adierazpena-erle-beltz-hazleen-elkarteen-federazioa\/\"]}]},{\"@type\":\"ImageObject\",\"inLanguage\":\"eu-ES\",\"@id\":\"https:\/\/erbel.eus\/eu\/2025\/05\/07\/iberiensis-federazioaren-prentsa-adierazpena-erle-beltz-hazleen-elkarteen-federazioa\/#primaryimage\",\"url\":\"https:\/\/i0.wp.com\/erbel.eus\/wp-content\/uploads\/2025\/05\/WhatsApp-Image-2025-02-11-at-12.51.341-Kopiatu.jpeg?fit=593%2C601&ssl=1\",\"contentUrl\":\"https:\/\/i0.wp.com\/erbel.eus\/wp-content\/uploads\/2025\/05\/WhatsApp-Image-2025-02-11-at-12.51.341-Kopiatu.jpeg?fit=593%2C601&ssl=1\",\"width\":593,\"height\":601},{\"@type\":\"BreadcrumbList\",\"@id\":\"https:\/\/erbel.eus\/eu\/2025\/05\/07\/iberiensis-federazioaren-prentsa-adierazpena-erle-beltz-hazleen-elkarteen-federazioa\/#breadcrumb\",\"itemListElement\":[{\"@type\":\"ListItem\",\"position\":1,\"name\":\"Home\",\"item\":\"https:\/\/erbel.eus\/\"},{\"@type\":\"ListItem\",\"position\":2,\"name\":\"IBERIENSIS federazioaren prentsa adierazpena (Erle Beltz Hazleen Elkarteen Federazioa)\"}]},{\"@type\":\"WebSite\",\"@id\":\"https:\/\/erbel.eus\/#website\",\"url\":\"https:\/\/erbel.eus\/\",\"name\":\"ERBEL\",\"description\":\" Erle Beltz Hazleen Elkartea - Asociacion de criadores de abeja Erle Beltza - Association d&#039;eleveurs d&#039;abeilles Erle Beltza\",\"publisher\":{\"@id\":\"https:\/\/erbel.eus\/#organization\"},\"potentialAction\":[{\"@type\":\"SearchAction\",\"target\":{\"@type\":\"EntryPoint\",\"urlTemplate\":\"https:\/\/erbel.eus\/?s={search_term_string}\"},\"query-input\":{\"@type\":\"PropertyValueSpecification\",\"valueRequired\":true,\"valueName\":\"search_term_string\"}}],\"inLanguage\":\"eu-ES\"},{\"@type\":\"Organization\",\"@id\":\"https:\/\/erbel.eus\/#organization\",\"name\":\"ERBEL Erle Beltza Hazleen Elkartea\",\"url\":\"https:\/\/erbel.eus\/\",\"logo\":{\"@type\":\"ImageObject\",\"inLanguage\":\"eu-ES\",\"@id\":\"https:\/\/erbel.eus\/#\/schema\/logo\/image\/\",\"url\":\"https:\/\/i0.wp.com\/erbel.eus\/wp-content\/uploads\/2019\/05\/erbel_erleak_denak-beltz.png?fit=300%2C316&ssl=1\",\"contentUrl\":\"https:\/\/i0.wp.com\/erbel.eus\/wp-content\/uploads\/2019\/05\/erbel_erleak_denak-beltz.png?fit=300%2C316&ssl=1\",\"width\":300,\"height\":316,\"caption\":\"ERBEL Erle Beltza Hazleen Elkartea\"},\"image\":{\"@id\":\"https:\/\/erbel.eus\/#\/schema\/logo\/image\/\"},\"sameAs\":[\"https:\/\/www.youtube.com\/channel\/UCNkgIS3GnpMESbnykKUIqgw\"]},{\"@type\":\"Person\",\"@id\":\"https:\/\/erbel.eus\/#\/schema\/person\/ff2d1eacc8825f0e87a0d04848349a7c\",\"name\":\"Egoitz Galartza\",\"image\":{\"@type\":\"ImageObject\",\"inLanguage\":\"eu-ES\",\"@id\":\"https:\/\/erbel.eus\/#\/schema\/person\/image\/\",\"url\":\"\/\/www.gravatar.com\/avatar\/2b6f40c945cfbd3dfdb8ec528a7534d9?s=96&#038;r=g&#038;d=mm\",\"contentUrl\":\"\/\/www.gravatar.com\/avatar\/2b6f40c945cfbd3dfdb8ec528a7534d9?s=96&#038;r=g&#038;d=mm\",\"caption\":\"Egoitz Galartza\"}}]}<\/script>\n<!-- \/ Yoast SEO plugin. -->","yoast_head_json":{"title":"IBERIENSIS federazioaren prentsa adierazpena (Erle Beltz Hazleen Elkarteen Federazioa) &#8226; ERBEL","robots":{"index":"index","follow":"follow","max-snippet":"max-snippet:-1","max-image-preview":"max-image-preview:large","max-video-preview":"max-video-preview:-1"},"canonical":"https:\/\/erbel.eus\/eu\/2025\/05\/07\/iberiensis-federazioaren-prentsa-adierazpena-erle-beltz-hazleen-elkarteen-federazioa\/","og_locale":"eu_ES","og_type":"article","og_title":"IBERIENSIS federazioaren prentsa adierazpena (Erle Beltz Hazleen Elkarteen Federazioa) &#8226; ERBEL","og_description":"Federazio honek izapideak abiatu ditu abeltzaintzako arraza gisa aitortua izan dadin erle beltz iberiarra (Apis mellifera iberiensis), zeren eta horren mende daude gure ondare genetikoa eta erlezaintza sektorearen etorkizuna.","og_url":"https:\/\/erbel.eus\/eu\/2025\/05\/07\/iberiensis-federazioaren-prentsa-adierazpena-erle-beltz-hazleen-elkarteen-federazioa\/","og_site_name":"ERBEL","article_published_time":"2025-05-07T08:38:30+00:00","article_modified_time":"2025-05-07T08:38:31+00:00","og_image":[{"width":593,"height":601,"url":"https:\/\/erbel.eus\/wp-content\/uploads\/2025\/05\/WhatsApp-Image-2025-02-11-at-12.51.341-Kopiatu.jpeg","type":"image\/jpeg"}],"author":"Egoitz Galartza","twitter_card":"summary_large_image","twitter_misc":{"Written by":"Egoitz Galartza","Est. reading time":"2 minutes"},"schema":{"@context":"https:\/\/schema.org","@graph":[{"@type":"Article","@id":"https:\/\/erbel.eus\/eu\/2025\/05\/07\/iberiensis-federazioaren-prentsa-adierazpena-erle-beltz-hazleen-elkarteen-federazioa\/#article","isPartOf":{"@id":"https:\/\/erbel.eus\/eu\/2025\/05\/07\/iberiensis-federazioaren-prentsa-adierazpena-erle-beltz-hazleen-elkarteen-federazioa\/"},"author":{"name":"Egoitz Galartza","@id":"https:\/\/erbel.eus\/#\/schema\/person\/ff2d1eacc8825f0e87a0d04848349a7c"},"headline":"IBERIENSIS federazioaren prentsa adierazpena (Erle Beltz Hazleen Elkarteen Federazioa)","datePublished":"2025-05-07T08:38:30+00:00","dateModified":"2025-05-07T08:38:31+00:00","mainEntityOfPage":{"@id":"https:\/\/erbel.eus\/eu\/2025\/05\/07\/iberiensis-federazioaren-prentsa-adierazpena-erle-beltz-hazleen-elkarteen-federazioa\/"},"wordCount":330,"publisher":{"@id":"https:\/\/erbel.eus\/#organization"},"image":{"@id":"https:\/\/erbel.eus\/eu\/2025\/05\/07\/iberiensis-federazioaren-prentsa-adierazpena-erle-beltz-hazleen-elkarteen-federazioa\/#primaryimage"},"thumbnailUrl":"https:\/\/i0.wp.com\/erbel.eus\/wp-content\/uploads\/2025\/05\/WhatsApp-Image-2025-02-11-at-12.51.341-Kopiatu.jpeg?fit=593%2C601&ssl=1","articleSection":["berriak","Uncategorized @eu"],"inLanguage":"eu-ES"},{"@type":"WebPage","@id":"https:\/\/erbel.eus\/eu\/2025\/05\/07\/iberiensis-federazioaren-prentsa-adierazpena-erle-beltz-hazleen-elkarteen-federazioa\/","url":"https:\/\/erbel.eus\/eu\/2025\/05\/07\/iberiensis-federazioaren-prentsa-adierazpena-erle-beltz-hazleen-elkarteen-federazioa\/","name":"IBERIENSIS federazioaren prentsa adierazpena (Erle Beltz Hazleen Elkarteen Federazioa) &#8226; ERBEL","isPartOf":{"@id":"https:\/\/erbel.eus\/#website"},"primaryImageOfPage":{"@id":"https:\/\/erbel.eus\/eu\/2025\/05\/07\/iberiensis-federazioaren-prentsa-adierazpena-erle-beltz-hazleen-elkarteen-federazioa\/#primaryimage"},"image":{"@id":"https:\/\/erbel.eus\/eu\/2025\/05\/07\/iberiensis-federazioaren-prentsa-adierazpena-erle-beltz-hazleen-elkarteen-federazioa\/#primaryimage"},"thumbnailUrl":"https:\/\/i0.wp.com\/erbel.eus\/wp-content\/uploads\/2025\/05\/WhatsApp-Image-2025-02-11-at-12.51.341-Kopiatu.jpeg?fit=593%2C601&ssl=1","datePublished":"2025-05-07T08:38:30+00:00","dateModified":"2025-05-07T08:38:31+00:00","breadcrumb":{"@id":"https:\/\/erbel.eus\/eu\/2025\/05\/07\/iberiensis-federazioaren-prentsa-adierazpena-erle-beltz-hazleen-elkarteen-federazioa\/#breadcrumb"},"inLanguage":"eu-ES","potentialAction":[{"@type":"ReadAction","target":["https:\/\/erbel.eus\/eu\/2025\/05\/07\/iberiensis-federazioaren-prentsa-adierazpena-erle-beltz-hazleen-elkarteen-federazioa\/"]}]},{"@type":"ImageObject","inLanguage":"eu-ES","@id":"https:\/\/erbel.eus\/eu\/2025\/05\/07\/iberiensis-federazioaren-prentsa-adierazpena-erle-beltz-hazleen-elkarteen-federazioa\/#primaryimage","url":"https:\/\/i0.wp.com\/erbel.eus\/wp-content\/uploads\/2025\/05\/WhatsApp-Image-2025-02-11-at-12.51.341-Kopiatu.jpeg?fit=593%2C601&ssl=1","contentUrl":"https:\/\/i0.wp.com\/erbel.eus\/wp-content\/uploads\/2025\/05\/WhatsApp-Image-2025-02-11-at-12.51.341-Kopiatu.jpeg?fit=593%2C601&ssl=1","width":593,"height":601},{"@type":"BreadcrumbList","@id":"https:\/\/erbel.eus\/eu\/2025\/05\/07\/iberiensis-federazioaren-prentsa-adierazpena-erle-beltz-hazleen-elkarteen-federazioa\/#breadcrumb","itemListElement":[{"@type":"ListItem","position":1,"name":"Home","item":"https:\/\/erbel.eus\/"},{"@type":"ListItem","position":2,"name":"IBERIENSIS federazioaren prentsa adierazpena (Erle Beltz Hazleen Elkarteen Federazioa)"}]},{"@type":"WebSite","@id":"https:\/\/erbel.eus\/#website","url":"https:\/\/erbel.eus\/","name":"ERBEL","description":" Erle Beltz Hazleen Elkartea - Asociacion de criadores de abeja Erle Beltza - Association d&#039;eleveurs d&#039;abeilles Erle Beltza","publisher":{"@id":"https:\/\/erbel.eus\/#organization"},"potentialAction":[{"@type":"SearchAction","target":{"@type":"EntryPoint","urlTemplate":"https:\/\/erbel.eus\/?s={search_term_string}"},"query-input":{"@type":"PropertyValueSpecification","valueRequired":true,"valueName":"search_term_string"}}],"inLanguage":"eu-ES"},{"@type":"Organization","@id":"https:\/\/erbel.eus\/#organization","name":"ERBEL Erle Beltza Hazleen Elkartea","url":"https:\/\/erbel.eus\/","logo":{"@type":"ImageObject","inLanguage":"eu-ES","@id":"https:\/\/erbel.eus\/#\/schema\/logo\/image\/","url":"https:\/\/i0.wp.com\/erbel.eus\/wp-content\/uploads\/2019\/05\/erbel_erleak_denak-beltz.png?fit=300%2C316&ssl=1","contentUrl":"https:\/\/i0.wp.com\/erbel.eus\/wp-content\/uploads\/2019\/05\/erbel_erleak_denak-beltz.png?fit=300%2C316&ssl=1","width":300,"height":316,"caption":"ERBEL Erle Beltza Hazleen Elkartea"},"image":{"@id":"https:\/\/erbel.eus\/#\/schema\/logo\/image\/"},"sameAs":["https:\/\/www.youtube.com\/channel\/UCNkgIS3GnpMESbnykKUIqgw"]},{"@type":"Person","@id":"https:\/\/erbel.eus\/#\/schema\/person\/ff2d1eacc8825f0e87a0d04848349a7c","name":"Egoitz Galartza","image":{"@type":"ImageObject","inLanguage":"eu-ES","@id":"https:\/\/erbel.eus\/#\/schema\/person\/image\/","url":"\/\/www.gravatar.com\/avatar\/2b6f40c945cfbd3dfdb8ec528a7534d9?s=96&#038;r=g&#038;d=mm","contentUrl":"\/\/www.gravatar.com\/avatar\/2b6f40c945cfbd3dfdb8ec528a7534d9?s=96&#038;r=g&#038;d=mm","caption":"Egoitz Galartza"}}]}},"jetpack_featured_media_url":"https:\/\/i0.wp.com\/erbel.eus\/wp-content\/uploads\/2025\/05\/WhatsApp-Image-2025-02-11-at-12.51.341-Kopiatu.jpeg?fit=593%2C601&ssl=1","jetpack_sharing_enabled":true,"_links":{"self":[{"href":"https:\/\/erbel.eus\/eu\/wp-json\/wp\/v2\/posts\/3282","targetHints":{"allow":["GET"]}}],"collection":[{"href":"https:\/\/erbel.eus\/eu\/wp-json\/wp\/v2\/posts"}],"about":[{"href":"https:\/\/erbel.eus\/eu\/wp-json\/wp\/v2\/types\/post"}],"author":[{"embeddable":true,"href":"https:\/\/erbel.eus\/eu\/wp-json\/wp\/v2\/users\/2"}],"replies":[{"embeddable":true,"href":"https:\/\/erbel.eus\/eu\/wp-json\/wp\/v2\/comments?post=3282"}],"version-history":[{"count":3,"href":"https:\/\/erbel.eus\/eu\/wp-json\/wp\/v2\/posts\/3282\/revisions"}],"predecessor-version":[{"id":3292,"href":"https:\/\/erbel.eus\/eu\/wp-json\/wp\/v2\/posts\/3282\/revisions\/3292"}],"wp:featuredmedia":[{"embeddable":true,"href":"https:\/\/erbel.eus\/eu\/wp-json\/wp\/v2\/media\/3286"}],"wp:attachment":[{"href":"https:\/\/erbel.eus\/eu\/wp-json\/wp\/v2\/media?parent=3282"}],"wp:term":[{"taxonomy":"category","embeddable":true,"href":"https:\/\/erbel.eus\/eu\/wp-json\/wp\/v2\/categories?post=3282"},{"taxonomy":"post_tag","embeddable":true,"href":"https:\/\/erbel.eus\/eu\/wp-json\/wp\/v2\/tags?post=3282"}],"curies":[{"name":"wp","href":"https:\/\/api.w.org\/{rel}","templated":true}]}}