{"id":3137,"date":"2025-01-14T11:28:39","date_gmt":"2025-01-14T10:28:39","guid":{"rendered":"https:\/\/erbel.eus\/2025\/01\/14\/erbelen-2024ko-hautespen-eta-genetika-jardunaldiko-bideoa-5-6-ubeeo-barroari-aurre-egingo-dioten-erleak-hautatzeko-tresna-berria\/"},"modified":"2025-01-21T16:20:29","modified_gmt":"2025-01-21T15:20:29","slug":"erbelen-2024ko-hautespen-eta-genetika-jardunaldiko-bideoa-5-6-ubeeo-barroari-aurre-egingo-dioten-erleak-hautatzeko-tresna-berria","status":"publish","type":"post","link":"https:\/\/erbel.eus\/eu\/2025\/01\/14\/erbelen-2024ko-hautespen-eta-genetika-jardunaldiko-bideoa-5-6-ubeeo-barroari-aurre-egingo-dioten-erleak-hautatzeko-tresna-berria\/","title":{"rendered":"ERBELen 2024ko Hautespen eta Genetika Jardunaldiko bideoa (5\/7): &#8220;UbeeO: Barroari aurre egingo dioten erleak hautatzeko tresna berria&#8221;"},"content":{"rendered":"\n<p><strong>Egoitz Galartza Garaialde<\/strong><\/p>\n\n<p>El quinto v\u00eddeo corresponde al de <strong>Luis Javier Chueca<\/strong>, doctor en Biodiversidad y Gesti\u00f3n de Ecosistemas por la Universidad del Pa\u00eds Vasco (UPV\/EHU). En 2018, recibi\u00f3 una beca postdoctoral del Gobierno Vasco, lo que le permiti\u00f3 llevar a cabo una estancia de investigaci\u00f3n de tres a\u00f1os en Alemania, centrada en estudios de evoluci\u00f3n y adaptaci\u00f3n mediante el an\u00e1lisis de genomas completos. Tras su estancia internacional, Luis Javier obtuvo una beca del Ministerio de Universidades para regresar a la UPV y aplicar t\u00e9cnicas gen\u00e9ticas en la b\u00fasqueda de abejas mel\u00edferas ib\u00e9ricas m\u00e1s resilientes. Actualmente, trabaja en el BC3 (Centro Vasco para el Cambio Clim\u00e1tico), donde investiga los efectos del medio ambiente en polinizadores silvestres mediante el an\u00e1lisis de su microbiota intestinal.<\/p>\n\n<p>Su ponencia se titula: <em><strong>UbeeO: Una nueva herramienta para la selecci\u00f3n de abejas resistentes a varroa<\/strong><\/em><\/p>\n\n<figure class=\"wp-block-embed alignwide is-type-video is-provider-youtube wp-block-embed-youtube wp-embed-aspect-16-9 wp-has-aspect-ratio\"><div class=\"wp-block-embed__wrapper\">\r\n<iframe title=\"5\/6 &quot;Ensayo del UBeeO en abeja ib\u00e9rica: resultados preliminares y perspectivas&quot; - LUIS JAVIER CHUECA\" width=\"1200\" height=\"675\" src=\"https:\/\/www.youtube.com\/embed\/IJAhoIr8PE0?feature=oembed\" frameborder=\"0\" allow=\"accelerometer; autoplay; clipboard-write; encrypted-media; gyroscope; picture-in-picture; web-share\" referrerpolicy=\"strict-origin-when-cross-origin\" allowfullscreen><\/iframe>\r\n<\/div><\/figure>\r\n","protected":false},"excerpt":{"rendered":"<p>Bostgarren bideoa Luis Javier Chueca ikerlariarena da. Chueca doktorea da Euskal Herriko Unibertsitatean, Biodibertsitate, Funtzionamendu eta Ekosistemen Gestioan. 2018an, Eusko Jaurlaritzaren doktore-ondoko beka bat jaso zuen. Horrek modua eman zion Alemanian hiru urteko ikerketa egonaldia egiteko, eta han eboluzioa eta egokitzapen azterketak egin zituen genoma osoak analizatuz. Nazioarteko egonaldi horren ondoren, Luis Javierrek beka bat lortu zuen Unibertsitate Ministerioaren eskutik EHUra itzultzeko eta teknika genetikoak aplikatuz erle eztigile iberiko gogorragoak lortzeko. Gaur egun, BC3n dihardu (Klima Aldaketarako EAEko gunean). Hor ingurumenean basa polinizatzaileek duten eragina ikertzen dihardu, hesteetako mikrobiota aztertuz.<\/p>\n","protected":false},"author":2,"featured_media":3071,"comment_status":"closed","ping_status":"closed","sticky":false,"template":"","format":"standard","meta":{"_bbp_topic_count":0,"_bbp_reply_count":0,"_bbp_total_topic_count":0,"_bbp_total_reply_count":0,"_bbp_voice_count":0,"_bbp_anonymous_reply_count":0,"_bbp_topic_count_hidden":0,"_bbp_reply_count_hidden":0,"_bbp_forum_subforum_count":0,"_jetpack_memberships_contains_paid_content":false,"footnotes":""},"categories":[20,25],"tags":[],"class_list":["post-3137","post","type-post","status-publish","format-standard","has-post-thumbnail","hentry","category-berriak","category-uncategorized-eu","masonry-post","generate-columns","tablet-grid-50","mobile-grid-100","grid-parent","grid-50"],"yoast_head":"<!-- This site is optimized with the Yoast SEO plugin v26.8 - https:\/\/yoast.com\/product\/yoast-seo-wordpress\/ -->\n<title>ERBELen 2024ko Hautespen eta Genetika Jardunaldiko bideoa (5\/7): &quot;UbeeO: Barroari aurre egingo dioten erleak hautatzeko tresna berria&quot; &#8226; ERBEL<\/title>\n<meta name=\"robots\" content=\"index, follow, max-snippet:-1, max-image-preview:large, max-video-preview:-1\" \/>\n<link rel=\"canonical\" href=\"https:\/\/erbel.eus\/eu\/2025\/01\/14\/erbelen-2024ko-hautespen-eta-genetika-jardunaldiko-bideoa-5-6-ubeeo-barroari-aurre-egingo-dioten-erleak-hautatzeko-tresna-berria\/\" \/>\n<meta property=\"og:locale\" content=\"eu_ES\" \/>\n<meta property=\"og:type\" content=\"article\" \/>\n<meta property=\"og:title\" content=\"ERBELen 2024ko Hautespen eta Genetika Jardunaldiko bideoa (5\/7): &quot;UbeeO: Barroari aurre egingo dioten erleak hautatzeko tresna berria&quot; &#8226; ERBEL\" \/>\n<meta property=\"og:description\" content=\"Bostgarren bideoa Luis Javier Chueca ikerlariarena da. Chueca doktorea da Euskal Herriko Unibertsitatean, Biodibertsitate, Funtzionamendu eta Ekosistemen Gestioan. 2018an, Eusko Jaurlaritzaren doktore-ondoko beka bat jaso zuen. Horrek modua eman zion Alemanian hiru urteko ikerketa egonaldia egiteko, eta han eboluzioa eta egokitzapen azterketak egin zituen genoma osoak analizatuz. Nazioarteko egonaldi horren ondoren, Luis Javierrek beka bat lortu zuen Unibertsitate Ministerioaren eskutik EHUra itzultzeko eta teknika genetikoak aplikatuz erle eztigile iberiko gogorragoak lortzeko. Gaur egun, BC3n dihardu (Klima Aldaketarako EAEko gunean). Hor ingurumenean basa polinizatzaileek duten eragina ikertzen dihardu, hesteetako mikrobiota aztertuz.\" \/>\n<meta property=\"og:url\" content=\"https:\/\/erbel.eus\/eu\/2025\/01\/14\/erbelen-2024ko-hautespen-eta-genetika-jardunaldiko-bideoa-5-6-ubeeo-barroari-aurre-egingo-dioten-erleak-hautatzeko-tresna-berria\/\" \/>\n<meta property=\"og:site_name\" content=\"ERBEL\" \/>\n<meta property=\"article:published_time\" content=\"2025-01-14T10:28:39+00:00\" \/>\n<meta property=\"article:modified_time\" content=\"2025-01-21T15:20:29+00:00\" \/>\n<meta property=\"og:image\" content=\"https:\/\/erbel.eus\/wp-content\/uploads\/2024\/12\/Cartel20242-scaled.jpg\" \/>\n\t<meta property=\"og:image:width\" content=\"2048\" \/>\n\t<meta property=\"og:image:height\" content=\"590\" \/>\n\t<meta property=\"og:image:type\" content=\"image\/jpeg\" \/>\n<meta name=\"author\" content=\"Egoitz Galartza\" \/>\n<meta name=\"twitter:card\" content=\"summary_large_image\" \/>\n<meta name=\"twitter:label1\" content=\"Written by\" \/>\n\t<meta name=\"twitter:data1\" content=\"Egoitz Galartza\" \/>\n\t<meta name=\"twitter:label2\" content=\"Est. reading time\" \/>\n\t<meta name=\"twitter:data2\" content=\"1 minute\" \/>\n<script type=\"application\/ld+json\" class=\"yoast-schema-graph\">{\"@context\":\"https:\/\/schema.org\",\"@graph\":[{\"@type\":\"Article\",\"@id\":\"https:\/\/erbel.eus\/eu\/2025\/01\/14\/erbelen-2024ko-hautespen-eta-genetika-jardunaldiko-bideoa-5-6-ubeeo-barroari-aurre-egingo-dioten-erleak-hautatzeko-tresna-berria\/#article\",\"isPartOf\":{\"@id\":\"https:\/\/erbel.eus\/eu\/2025\/01\/14\/erbelen-2024ko-hautespen-eta-genetika-jardunaldiko-bideoa-5-6-ubeeo-barroari-aurre-egingo-dioten-erleak-hautatzeko-tresna-berria\/\"},\"author\":{\"name\":\"Egoitz Galartza\",\"@id\":\"https:\/\/erbel.eus\/#\/schema\/person\/ff2d1eacc8825f0e87a0d04848349a7c\"},\"headline\":\"ERBELen 2024ko Hautespen eta Genetika Jardunaldiko bideoa (5\/7): &#8220;UbeeO: Barroari aurre egingo dioten erleak hautatzeko tresna berria&#8221;\",\"datePublished\":\"2025-01-14T10:28:39+00:00\",\"dateModified\":\"2025-01-21T15:20:29+00:00\",\"mainEntityOfPage\":{\"@id\":\"https:\/\/erbel.eus\/eu\/2025\/01\/14\/erbelen-2024ko-hautespen-eta-genetika-jardunaldiko-bideoa-5-6-ubeeo-barroari-aurre-egingo-dioten-erleak-hautatzeko-tresna-berria\/\"},\"wordCount\":177,\"publisher\":{\"@id\":\"https:\/\/erbel.eus\/#organization\"},\"image\":{\"@id\":\"https:\/\/erbel.eus\/eu\/2025\/01\/14\/erbelen-2024ko-hautespen-eta-genetika-jardunaldiko-bideoa-5-6-ubeeo-barroari-aurre-egingo-dioten-erleak-hautatzeko-tresna-berria\/#primaryimage\"},\"thumbnailUrl\":\"https:\/\/i0.wp.com\/erbel.eus\/wp-content\/uploads\/2024\/12\/Cartel20242-scaled.jpg?fit=2048%2C590&ssl=1\",\"articleSection\":[\"berriak\",\"Uncategorized @eu\"],\"inLanguage\":\"eu-ES\"},{\"@type\":\"WebPage\",\"@id\":\"https:\/\/erbel.eus\/eu\/2025\/01\/14\/erbelen-2024ko-hautespen-eta-genetika-jardunaldiko-bideoa-5-6-ubeeo-barroari-aurre-egingo-dioten-erleak-hautatzeko-tresna-berria\/\",\"url\":\"https:\/\/erbel.eus\/eu\/2025\/01\/14\/erbelen-2024ko-hautespen-eta-genetika-jardunaldiko-bideoa-5-6-ubeeo-barroari-aurre-egingo-dioten-erleak-hautatzeko-tresna-berria\/\",\"name\":\"ERBELen 2024ko Hautespen eta Genetika Jardunaldiko bideoa (5\/7): \\\"UbeeO: Barroari aurre egingo dioten erleak hautatzeko tresna berria\\\" &#8226; ERBEL\",\"isPartOf\":{\"@id\":\"https:\/\/erbel.eus\/#website\"},\"primaryImageOfPage\":{\"@id\":\"https:\/\/erbel.eus\/eu\/2025\/01\/14\/erbelen-2024ko-hautespen-eta-genetika-jardunaldiko-bideoa-5-6-ubeeo-barroari-aurre-egingo-dioten-erleak-hautatzeko-tresna-berria\/#primaryimage\"},\"image\":{\"@id\":\"https:\/\/erbel.eus\/eu\/2025\/01\/14\/erbelen-2024ko-hautespen-eta-genetika-jardunaldiko-bideoa-5-6-ubeeo-barroari-aurre-egingo-dioten-erleak-hautatzeko-tresna-berria\/#primaryimage\"},\"thumbnailUrl\":\"https:\/\/i0.wp.com\/erbel.eus\/wp-content\/uploads\/2024\/12\/Cartel20242-scaled.jpg?fit=2048%2C590&ssl=1\",\"datePublished\":\"2025-01-14T10:28:39+00:00\",\"dateModified\":\"2025-01-21T15:20:29+00:00\",\"breadcrumb\":{\"@id\":\"https:\/\/erbel.eus\/eu\/2025\/01\/14\/erbelen-2024ko-hautespen-eta-genetika-jardunaldiko-bideoa-5-6-ubeeo-barroari-aurre-egingo-dioten-erleak-hautatzeko-tresna-berria\/#breadcrumb\"},\"inLanguage\":\"eu-ES\",\"potentialAction\":[{\"@type\":\"ReadAction\",\"target\":[\"https:\/\/erbel.eus\/eu\/2025\/01\/14\/erbelen-2024ko-hautespen-eta-genetika-jardunaldiko-bideoa-5-6-ubeeo-barroari-aurre-egingo-dioten-erleak-hautatzeko-tresna-berria\/\"]}]},{\"@type\":\"ImageObject\",\"inLanguage\":\"eu-ES\",\"@id\":\"https:\/\/erbel.eus\/eu\/2025\/01\/14\/erbelen-2024ko-hautespen-eta-genetika-jardunaldiko-bideoa-5-6-ubeeo-barroari-aurre-egingo-dioten-erleak-hautatzeko-tresna-berria\/#primaryimage\",\"url\":\"https:\/\/i0.wp.com\/erbel.eus\/wp-content\/uploads\/2024\/12\/Cartel20242-scaled.jpg?fit=2048%2C590&ssl=1\",\"contentUrl\":\"https:\/\/i0.wp.com\/erbel.eus\/wp-content\/uploads\/2024\/12\/Cartel20242-scaled.jpg?fit=2048%2C590&ssl=1\",\"width\":2048,\"height\":590},{\"@type\":\"BreadcrumbList\",\"@id\":\"https:\/\/erbel.eus\/eu\/2025\/01\/14\/erbelen-2024ko-hautespen-eta-genetika-jardunaldiko-bideoa-5-6-ubeeo-barroari-aurre-egingo-dioten-erleak-hautatzeko-tresna-berria\/#breadcrumb\",\"itemListElement\":[{\"@type\":\"ListItem\",\"position\":1,\"name\":\"Home\",\"item\":\"https:\/\/erbel.eus\/\"},{\"@type\":\"ListItem\",\"position\":2,\"name\":\"ERBELen 2024ko Hautespen eta Genetika Jardunaldiko bideoa (5\/7): \u00abUbeeO: Barroari aurre egingo dioten erleak hautatzeko tresna berria\u00bb\"}]},{\"@type\":\"WebSite\",\"@id\":\"https:\/\/erbel.eus\/#website\",\"url\":\"https:\/\/erbel.eus\/\",\"name\":\"ERBEL\",\"description\":\" Erle Beltz Hazleen Elkartea - Asociacion de criadores de abeja Erle Beltza - Association d&#039;eleveurs d&#039;abeilles Erle Beltza\",\"publisher\":{\"@id\":\"https:\/\/erbel.eus\/#organization\"},\"potentialAction\":[{\"@type\":\"SearchAction\",\"target\":{\"@type\":\"EntryPoint\",\"urlTemplate\":\"https:\/\/erbel.eus\/?s={search_term_string}\"},\"query-input\":{\"@type\":\"PropertyValueSpecification\",\"valueRequired\":true,\"valueName\":\"search_term_string\"}}],\"inLanguage\":\"eu-ES\"},{\"@type\":\"Organization\",\"@id\":\"https:\/\/erbel.eus\/#organization\",\"name\":\"ERBEL Erle Beltza Hazleen Elkartea\",\"url\":\"https:\/\/erbel.eus\/\",\"logo\":{\"@type\":\"ImageObject\",\"inLanguage\":\"eu-ES\",\"@id\":\"https:\/\/erbel.eus\/#\/schema\/logo\/image\/\",\"url\":\"https:\/\/i0.wp.com\/erbel.eus\/wp-content\/uploads\/2019\/05\/erbel_erleak_denak-beltz.png?fit=300%2C316&ssl=1\",\"contentUrl\":\"https:\/\/i0.wp.com\/erbel.eus\/wp-content\/uploads\/2019\/05\/erbel_erleak_denak-beltz.png?fit=300%2C316&ssl=1\",\"width\":300,\"height\":316,\"caption\":\"ERBEL Erle Beltza Hazleen Elkartea\"},\"image\":{\"@id\":\"https:\/\/erbel.eus\/#\/schema\/logo\/image\/\"},\"sameAs\":[\"https:\/\/www.youtube.com\/channel\/UCNkgIS3GnpMESbnykKUIqgw\"]},{\"@type\":\"Person\",\"@id\":\"https:\/\/erbel.eus\/#\/schema\/person\/ff2d1eacc8825f0e87a0d04848349a7c\",\"name\":\"Egoitz Galartza\",\"image\":{\"@type\":\"ImageObject\",\"inLanguage\":\"eu-ES\",\"@id\":\"https:\/\/erbel.eus\/#\/schema\/person\/image\/\",\"url\":\"\/\/www.gravatar.com\/avatar\/2b6f40c945cfbd3dfdb8ec528a7534d9?s=96&#038;r=g&#038;d=mm\",\"contentUrl\":\"\/\/www.gravatar.com\/avatar\/2b6f40c945cfbd3dfdb8ec528a7534d9?s=96&#038;r=g&#038;d=mm\",\"caption\":\"Egoitz Galartza\"}}]}<\/script>\n<!-- \/ Yoast SEO plugin. -->","yoast_head_json":{"title":"ERBELen 2024ko Hautespen eta Genetika Jardunaldiko bideoa (5\/7): \"UbeeO: Barroari aurre egingo dioten erleak hautatzeko tresna berria\" &#8226; ERBEL","robots":{"index":"index","follow":"follow","max-snippet":"max-snippet:-1","max-image-preview":"max-image-preview:large","max-video-preview":"max-video-preview:-1"},"canonical":"https:\/\/erbel.eus\/eu\/2025\/01\/14\/erbelen-2024ko-hautespen-eta-genetika-jardunaldiko-bideoa-5-6-ubeeo-barroari-aurre-egingo-dioten-erleak-hautatzeko-tresna-berria\/","og_locale":"eu_ES","og_type":"article","og_title":"ERBELen 2024ko Hautespen eta Genetika Jardunaldiko bideoa (5\/7): \"UbeeO: Barroari aurre egingo dioten erleak hautatzeko tresna berria\" &#8226; ERBEL","og_description":"Bostgarren bideoa Luis Javier Chueca ikerlariarena da. Chueca doktorea da Euskal Herriko Unibertsitatean, Biodibertsitate, Funtzionamendu eta Ekosistemen Gestioan. 2018an, Eusko Jaurlaritzaren doktore-ondoko beka bat jaso zuen. Horrek modua eman zion Alemanian hiru urteko ikerketa egonaldia egiteko, eta han eboluzioa eta egokitzapen azterketak egin zituen genoma osoak analizatuz. Nazioarteko egonaldi horren ondoren, Luis Javierrek beka bat lortu zuen Unibertsitate Ministerioaren eskutik EHUra itzultzeko eta teknika genetikoak aplikatuz erle eztigile iberiko gogorragoak lortzeko. Gaur egun, BC3n dihardu (Klima Aldaketarako EAEko gunean). Hor ingurumenean basa polinizatzaileek duten eragina ikertzen dihardu, hesteetako mikrobiota aztertuz.","og_url":"https:\/\/erbel.eus\/eu\/2025\/01\/14\/erbelen-2024ko-hautespen-eta-genetika-jardunaldiko-bideoa-5-6-ubeeo-barroari-aurre-egingo-dioten-erleak-hautatzeko-tresna-berria\/","og_site_name":"ERBEL","article_published_time":"2025-01-14T10:28:39+00:00","article_modified_time":"2025-01-21T15:20:29+00:00","og_image":[{"width":2048,"height":590,"url":"https:\/\/erbel.eus\/wp-content\/uploads\/2024\/12\/Cartel20242-scaled.jpg","type":"image\/jpeg"}],"author":"Egoitz Galartza","twitter_card":"summary_large_image","twitter_misc":{"Written by":"Egoitz Galartza","Est. reading time":"1 minute"},"schema":{"@context":"https:\/\/schema.org","@graph":[{"@type":"Article","@id":"https:\/\/erbel.eus\/eu\/2025\/01\/14\/erbelen-2024ko-hautespen-eta-genetika-jardunaldiko-bideoa-5-6-ubeeo-barroari-aurre-egingo-dioten-erleak-hautatzeko-tresna-berria\/#article","isPartOf":{"@id":"https:\/\/erbel.eus\/eu\/2025\/01\/14\/erbelen-2024ko-hautespen-eta-genetika-jardunaldiko-bideoa-5-6-ubeeo-barroari-aurre-egingo-dioten-erleak-hautatzeko-tresna-berria\/"},"author":{"name":"Egoitz Galartza","@id":"https:\/\/erbel.eus\/#\/schema\/person\/ff2d1eacc8825f0e87a0d04848349a7c"},"headline":"ERBELen 2024ko Hautespen eta Genetika Jardunaldiko bideoa (5\/7): &#8220;UbeeO: Barroari aurre egingo dioten erleak hautatzeko tresna berria&#8221;","datePublished":"2025-01-14T10:28:39+00:00","dateModified":"2025-01-21T15:20:29+00:00","mainEntityOfPage":{"@id":"https:\/\/erbel.eus\/eu\/2025\/01\/14\/erbelen-2024ko-hautespen-eta-genetika-jardunaldiko-bideoa-5-6-ubeeo-barroari-aurre-egingo-dioten-erleak-hautatzeko-tresna-berria\/"},"wordCount":177,"publisher":{"@id":"https:\/\/erbel.eus\/#organization"},"image":{"@id":"https:\/\/erbel.eus\/eu\/2025\/01\/14\/erbelen-2024ko-hautespen-eta-genetika-jardunaldiko-bideoa-5-6-ubeeo-barroari-aurre-egingo-dioten-erleak-hautatzeko-tresna-berria\/#primaryimage"},"thumbnailUrl":"https:\/\/i0.wp.com\/erbel.eus\/wp-content\/uploads\/2024\/12\/Cartel20242-scaled.jpg?fit=2048%2C590&ssl=1","articleSection":["berriak","Uncategorized @eu"],"inLanguage":"eu-ES"},{"@type":"WebPage","@id":"https:\/\/erbel.eus\/eu\/2025\/01\/14\/erbelen-2024ko-hautespen-eta-genetika-jardunaldiko-bideoa-5-6-ubeeo-barroari-aurre-egingo-dioten-erleak-hautatzeko-tresna-berria\/","url":"https:\/\/erbel.eus\/eu\/2025\/01\/14\/erbelen-2024ko-hautespen-eta-genetika-jardunaldiko-bideoa-5-6-ubeeo-barroari-aurre-egingo-dioten-erleak-hautatzeko-tresna-berria\/","name":"ERBELen 2024ko Hautespen eta Genetika Jardunaldiko bideoa (5\/7): \"UbeeO: Barroari aurre egingo dioten erleak hautatzeko tresna berria\" &#8226; ERBEL","isPartOf":{"@id":"https:\/\/erbel.eus\/#website"},"primaryImageOfPage":{"@id":"https:\/\/erbel.eus\/eu\/2025\/01\/14\/erbelen-2024ko-hautespen-eta-genetika-jardunaldiko-bideoa-5-6-ubeeo-barroari-aurre-egingo-dioten-erleak-hautatzeko-tresna-berria\/#primaryimage"},"image":{"@id":"https:\/\/erbel.eus\/eu\/2025\/01\/14\/erbelen-2024ko-hautespen-eta-genetika-jardunaldiko-bideoa-5-6-ubeeo-barroari-aurre-egingo-dioten-erleak-hautatzeko-tresna-berria\/#primaryimage"},"thumbnailUrl":"https:\/\/i0.wp.com\/erbel.eus\/wp-content\/uploads\/2024\/12\/Cartel20242-scaled.jpg?fit=2048%2C590&ssl=1","datePublished":"2025-01-14T10:28:39+00:00","dateModified":"2025-01-21T15:20:29+00:00","breadcrumb":{"@id":"https:\/\/erbel.eus\/eu\/2025\/01\/14\/erbelen-2024ko-hautespen-eta-genetika-jardunaldiko-bideoa-5-6-ubeeo-barroari-aurre-egingo-dioten-erleak-hautatzeko-tresna-berria\/#breadcrumb"},"inLanguage":"eu-ES","potentialAction":[{"@type":"ReadAction","target":["https:\/\/erbel.eus\/eu\/2025\/01\/14\/erbelen-2024ko-hautespen-eta-genetika-jardunaldiko-bideoa-5-6-ubeeo-barroari-aurre-egingo-dioten-erleak-hautatzeko-tresna-berria\/"]}]},{"@type":"ImageObject","inLanguage":"eu-ES","@id":"https:\/\/erbel.eus\/eu\/2025\/01\/14\/erbelen-2024ko-hautespen-eta-genetika-jardunaldiko-bideoa-5-6-ubeeo-barroari-aurre-egingo-dioten-erleak-hautatzeko-tresna-berria\/#primaryimage","url":"https:\/\/i0.wp.com\/erbel.eus\/wp-content\/uploads\/2024\/12\/Cartel20242-scaled.jpg?fit=2048%2C590&ssl=1","contentUrl":"https:\/\/i0.wp.com\/erbel.eus\/wp-content\/uploads\/2024\/12\/Cartel20242-scaled.jpg?fit=2048%2C590&ssl=1","width":2048,"height":590},{"@type":"BreadcrumbList","@id":"https:\/\/erbel.eus\/eu\/2025\/01\/14\/erbelen-2024ko-hautespen-eta-genetika-jardunaldiko-bideoa-5-6-ubeeo-barroari-aurre-egingo-dioten-erleak-hautatzeko-tresna-berria\/#breadcrumb","itemListElement":[{"@type":"ListItem","position":1,"name":"Home","item":"https:\/\/erbel.eus\/"},{"@type":"ListItem","position":2,"name":"ERBELen 2024ko Hautespen eta Genetika Jardunaldiko bideoa (5\/7): \u00abUbeeO: Barroari aurre egingo dioten erleak hautatzeko tresna berria\u00bb"}]},{"@type":"WebSite","@id":"https:\/\/erbel.eus\/#website","url":"https:\/\/erbel.eus\/","name":"ERBEL","description":" Erle Beltz Hazleen Elkartea - Asociacion de criadores de abeja Erle Beltza - Association d&#039;eleveurs d&#039;abeilles Erle Beltza","publisher":{"@id":"https:\/\/erbel.eus\/#organization"},"potentialAction":[{"@type":"SearchAction","target":{"@type":"EntryPoint","urlTemplate":"https:\/\/erbel.eus\/?s={search_term_string}"},"query-input":{"@type":"PropertyValueSpecification","valueRequired":true,"valueName":"search_term_string"}}],"inLanguage":"eu-ES"},{"@type":"Organization","@id":"https:\/\/erbel.eus\/#organization","name":"ERBEL Erle Beltza Hazleen Elkartea","url":"https:\/\/erbel.eus\/","logo":{"@type":"ImageObject","inLanguage":"eu-ES","@id":"https:\/\/erbel.eus\/#\/schema\/logo\/image\/","url":"https:\/\/i0.wp.com\/erbel.eus\/wp-content\/uploads\/2019\/05\/erbel_erleak_denak-beltz.png?fit=300%2C316&ssl=1","contentUrl":"https:\/\/i0.wp.com\/erbel.eus\/wp-content\/uploads\/2019\/05\/erbel_erleak_denak-beltz.png?fit=300%2C316&ssl=1","width":300,"height":316,"caption":"ERBEL Erle Beltza Hazleen Elkartea"},"image":{"@id":"https:\/\/erbel.eus\/#\/schema\/logo\/image\/"},"sameAs":["https:\/\/www.youtube.com\/channel\/UCNkgIS3GnpMESbnykKUIqgw"]},{"@type":"Person","@id":"https:\/\/erbel.eus\/#\/schema\/person\/ff2d1eacc8825f0e87a0d04848349a7c","name":"Egoitz Galartza","image":{"@type":"ImageObject","inLanguage":"eu-ES","@id":"https:\/\/erbel.eus\/#\/schema\/person\/image\/","url":"\/\/www.gravatar.com\/avatar\/2b6f40c945cfbd3dfdb8ec528a7534d9?s=96&#038;r=g&#038;d=mm","contentUrl":"\/\/www.gravatar.com\/avatar\/2b6f40c945cfbd3dfdb8ec528a7534d9?s=96&#038;r=g&#038;d=mm","caption":"Egoitz Galartza"}}]}},"jetpack_featured_media_url":"https:\/\/i0.wp.com\/erbel.eus\/wp-content\/uploads\/2024\/12\/Cartel20242-scaled.jpg?fit=2048%2C590&ssl=1","jetpack_sharing_enabled":true,"_links":{"self":[{"href":"https:\/\/erbel.eus\/eu\/wp-json\/wp\/v2\/posts\/3137","targetHints":{"allow":["GET"]}}],"collection":[{"href":"https:\/\/erbel.eus\/eu\/wp-json\/wp\/v2\/posts"}],"about":[{"href":"https:\/\/erbel.eus\/eu\/wp-json\/wp\/v2\/types\/post"}],"author":[{"embeddable":true,"href":"https:\/\/erbel.eus\/eu\/wp-json\/wp\/v2\/users\/2"}],"replies":[{"embeddable":true,"href":"https:\/\/erbel.eus\/eu\/wp-json\/wp\/v2\/comments?post=3137"}],"version-history":[{"count":4,"href":"https:\/\/erbel.eus\/eu\/wp-json\/wp\/v2\/posts\/3137\/revisions"}],"predecessor-version":[{"id":3164,"href":"https:\/\/erbel.eus\/eu\/wp-json\/wp\/v2\/posts\/3137\/revisions\/3164"}],"wp:featuredmedia":[{"embeddable":true,"href":"https:\/\/erbel.eus\/eu\/wp-json\/wp\/v2\/media\/3071"}],"wp:attachment":[{"href":"https:\/\/erbel.eus\/eu\/wp-json\/wp\/v2\/media?parent=3137"}],"wp:term":[{"taxonomy":"category","embeddable":true,"href":"https:\/\/erbel.eus\/eu\/wp-json\/wp\/v2\/categories?post=3137"},{"taxonomy":"post_tag","embeddable":true,"href":"https:\/\/erbel.eus\/eu\/wp-json\/wp\/v2\/tags?post=3137"}],"curies":[{"name":"wp","href":"https:\/\/api.w.org\/{rel}","templated":true}]}}